{"id":361032,"date":"2017-06-09T19:53:00","date_gmt":"2017-06-09T16:53:00","guid":{"rendered":"https:\/\/analyse.optim.biz\/?p=361032"},"modified":"2017-06-09T19:53:00","modified_gmt":"2017-06-09T16:53:00","slug":"raspunsul-dat-de-iohannis-la-casa-alba-privind-pericolul-pe-care-il-reprezinta-rusia-pentru-romania","status":"publish","type":"post","link":"https:\/\/analyse.optim.biz\/?p=361032","title":{"rendered":"R\u0102SPUNSUL dat de Iohannis, la Casa Alb\u0103, privind pericolul pe care \u00eel reprezint\u0103 Rusia pentru Rom\u00e2nia"},"content":{"rendered":"<div class=\"description\" data-key=\"description\">Pre\u015fedintele Klaus Iohannis a declarat vineri, \u00een cadrul unei conferin\u0163e de pres\u0103 comun\u0103 cu liderul SUA, Donald Trump, c\u0103 toat\u0103 lumea este \u00eengrijorat\u0103 de ac\u0163iunile Rusiei, dar este nevoie de un dialog care trebuie s\u0103 duc\u0103 la o solu\u0163ie fezabil\u0103 pentru descurajarea Rusiei.<\/div>\n<div class=\"articleBody\" data-key=\"articleBody\">Pre\u015fedintele Klaus Iohannis a declarat vineri, \u00een cadrul unei conferin\u0163e de pres\u0103 comun\u0103 cu liderul SUA, Donald Trump, c\u0103 toat\u0103 lumea este \u00eengrijorat\u0103 de ac\u0163iunile Rusiei, dar este nevoie de un dialog care trebuie s\u0103 duc\u0103 la o solu\u0163ie fezabil\u0103 pentru descurajarea Rusiei.<\/p>\n<p>&#8220;Toat\u0103 lumea este \u00eengrijorat\u0103, dar a fi \u00eengrijorat trebuie s\u0103 te duc\u0103 c\u0103tre a fi preg\u0103tit. Trebuie s\u0103 fim foarte clari, foarte deschi\u015fi dac\u0103 vorbim despre Rusia \u015fi cu Rusia. \u00cen opinia mea, avem nevoie de dialog, dar, pe de alt\u0103 parte, avem nevoie de ceea ce noi to\u0163i am decis la NATO &#8211; o descurajare a Rusiei. Un dialog ar trebui s\u0103 duc\u0103 c\u0103tre o solu\u0163ie fezabil\u0103\u201d, a afirmat Klaus Iohhannis, \u00eentrebat c\u00e2t de \u00eengrijora\u0163i ar trebui s\u0103 fim pentru ceea ce face Rusia.\u00a0<\/p>\n<p>Referitor la contribu\u0163ia Rom\u00e2niei la bugetul NATO,\u00a0Iohannis a declarat povara finan\u0163\u0103rii alian\u0163ei militare trebuie s\u0103 fie \u00eemp\u0103r\u0163it\u0103 \u00een mod egal de toate \u0163\u0103rile membre, pentru a p\u0103stra pozi\u0163ia de cea mai puternic\u0103 alian\u0163\u0103 interna\u0163ional\u0103 pentru NATO.<\/p>\n<p>\u00cens\u0103, Iohannis a evitat s\u0103 ofere un r\u0103spuns cu privire la returnarea integral\u0103 sau par\u0163ial\u0103 a sumelor care nu au ajuns \u00een ultimii trei ani s\u0103 fie investite \u00een cheltuieli militare, dup\u0103 fixarea \u0163intei de 2% din PIB.<\/p>\n<p>\u201dNATO se bazeaz\u0103 pe valori, dar este \u00een final o alian\u0163\u0103 militar\u0103, cheltuielile militare sunt complicate [&#8230;] \u015fi are nevoie de mul\u0163i bani\u201d, a precizat Iohannis.<\/p>\n<p>Pre\u015fedintele Trump a intervenit, preciz\u00e2nd c\u0103 de\u015fi este de acord 100% cu ce a spus omologul s\u0103u rom\u00e2n \u015fi vrea o alian\u0163\u0103 mai puternic\u0103, alia\u0163ii ar putea s\u0103 pl\u0103teasc\u0103 integral sau par\u0163ial pentru c\u0103 nu au ajuns \u00een ultimii ani la \u0163inta de 2% din PIB pentru Ap\u0103rare.<\/p>\n<p>Miliardarul american a precizat c\u0103 este vorba de ani la r\u00e2ndul \u00een care alia\u0163ii nu au \u00eemp\u0103r\u0163it povara cheltuielilor militare &#8211; aceast\u0103 \u0163int\u0103 a fost convenit\u0103 \u00een 2006 de c\u0103tre alia\u0163i, care \u00een urm\u0103 cu trei ani au stabilit c\u0103 vor ajunge la aceste cheltuieli militare p\u00e2n\u0103 \u00een 2024.<\/p>\n<p>Iohannis nu a mai comentat, dup\u0103 interven\u0163ia pre\u015fedintelui american, cu privire la plata \u00een retroactiva a cheltuielilor militare pentru anii \u00een care Rom\u00e2nia nu a atins \u0163inta de 2% din PIB.\n<\/p><\/div>\n<p> Source URL: https:\/\/observatornews.ro\/politic\/raspunsul-dat-de-iohannis-la-casa-alba-privind-pericolul-pe-care-il-reprezinta-rusia-pentru-romania-212917.html<\/p>\n","protected":false},"excerpt":{"rendered":"<p>Pre\u015fedintele Klaus Iohannis a declarat vineri, \u00een cadrul unei conferin\u0163e de pres\u0103 comun\u0103 cu liderul SUA, Donald Trump, c\u0103 toat\u0103 lumea este \u00eengrijorat\u0103 de ac\u0163iunile Rusiei, dar este nevoie de un dialog care trebuie s\u0103 duc\u0103 la o solu\u0163ie fezabil\u0103 pentru descurajarea Rusiei. Pre\u015fedintele Klaus Iohannis a declarat vineri, \u00een cadrul unei conferin\u0163e de pres\u0103 [&hellip;]<\/p>\n","protected":false},"author":1,"featured_media":361033,"comment_status":"open","ping_status":"","sticky":false,"template":"","format":"standard","meta":{"footnotes":""},"categories":[2],"tags":[30],"class_list":["post-361032","post","type-post","status-publish","format-standard","has-post-thumbnail","hentry","category-politics","tag-observatornews-ro"],"_links":{"self":[{"href":"https:\/\/analyse.optim.biz\/index.php?rest_route=\/wp\/v2\/posts\/361032","targetHints":{"allow":["GET"]}}],"collection":[{"href":"https:\/\/analyse.optim.biz\/index.php?rest_route=\/wp\/v2\/posts"}],"about":[{"href":"https:\/\/analyse.optim.biz\/index.php?rest_route=\/wp\/v2\/types\/post"}],"author":[{"embeddable":true,"href":"https:\/\/analyse.optim.biz\/index.php?rest_route=\/wp\/v2\/users\/1"}],"replies":[{"embeddable":true,"href":"https:\/\/analyse.optim.biz\/index.php?rest_route=%2Fwp%2Fv2%2Fcomments&post=361032"}],"version-history":[{"count":0,"href":"https:\/\/analyse.optim.biz\/index.php?rest_route=\/wp\/v2\/posts\/361032\/revisions"}],"wp:featuredmedia":[{"embeddable":true,"href":"https:\/\/analyse.optim.biz\/index.php?rest_route=\/wp\/v2\/media\/361033"}],"wp:attachment":[{"href":"https:\/\/analyse.optim.biz\/index.php?rest_route=%2Fwp%2Fv2%2Fmedia&parent=361032"}],"wp:term":[{"taxonomy":"category","embeddable":true,"href":"https:\/\/analyse.optim.biz\/index.php?rest_route=%2Fwp%2Fv2%2Fcategories&post=361032"},{"taxonomy":"post_tag","embeddable":true,"href":"https:\/\/analyse.optim.biz\/index.php?rest_route=%2Fwp%2Fv2%2Ftags&post=361032"}],"curies":[{"name":"wp","href":"https:\/\/api.w.org\/{rel}","templated":true}]}}