{"id":360680,"date":"2017-06-14T15:30:00","date_gmt":"2017-06-14T12:30:00","guid":{"rendered":"https:\/\/analyse.optim.biz\/?p=360680"},"modified":"2017-06-14T15:30:00","modified_gmt":"2017-06-14T12:30:00","slug":"ctp-il-compara-pe-presedintele-psd-cu-nicolae-ceausescu-grindeanu-nu-doreste-sa-se-afunde-in-minciuna-electorala-pe-care-a-livrat-o-liviu-dragnea-cu-programul-de-guvernare","status":"publish","type":"post","link":"https:\/\/analyse.optim.biz\/?p=360680","title":{"rendered":"CTP \u00eel compar\u0103 pe pre\u015fedintele PSD cu Nicolae Ceau\u015fescu: &#8220;Grindeanu nu dore\u015fte s\u0103 se afunde \u00een minciuna electoral\u0103 pe care a livrat-o Liviu Dragnea cu programul de guvernare&#8221;"},"content":{"rendered":"<div class=\"description\" data-key=\"description\">Cristian Tudor Popescu a vorbit pentru observator despre criza \u00een care se afl\u0103 coali\u0163ia de la guvernare \u015fi despre \u015fedin\u0163a \u00een care e discutat\u0103 soarta guvernului. Analistul l-a comparat pe Liviu Dragnea, pre\u015fedintele PSD, cu Nicolae Ceau\u015fescu, acuz\u00e2ndu-l de propagand\u0103 electoral\u0103.<\/div>\n<div class=\"articleBody\" data-key=\"articleBody\">Cristian Tudor Popescu a vorbit pentru observator despre criza \u00een care se afl\u0103 coali\u0163ia de la guvernare \u015fi despre \u015fedin\u0163a \u00een care e discutat\u0103 soarta guvernului. Analistul l-a comparat pe Liviu Dragnea, pre\u015fedintele PSD, cu Nicolae Ceau\u015fescu, acuz\u00e2ndu-l de propagand\u0103 electoral\u0103.<\/p>\n<p>&#8220;E o confruntare de putere, nimic altceva. N-are leg\u0103tur\u0103 nici cu popula\u0163ia, nici cu programul de guvernare, are leg\u0103tur\u0103 cu faptul c\u0103 domnul Dragnea cu dore\u015fte s\u0103 \u00eei fie diminuat capitalul de putere cu care a intrat \u00een aceast\u0103 guvernare.<\/p>\n<p>\u015ei s-au \u00eent\u00e2mplat o serie de lucruri care i-au afectat autoritatea, c\u0103 asta este obsesia domnului Dragnea, cum ar fi faptul c\u0103 domnul Tudore\u015fl Toader, adus de c\u0103tre domnul Tudorel Toader, adus de domnul Grindeanu la Justi\u0163ie, a refuzat s\u0103 o dea afar\u0103 pe Laura Codru\u0163a Kovesi, de asemenea pe procurorul general Augustin Laz\u0103r, spre dezam\u0103girea domnului Dragnea.<\/p>\n<p>De asemenea, domnul Viorel \u015etefan, de la Finan\u0163e, refuz\u0103 s\u0103 raporteze recolete mai mari dec\u00e2t suprafa\u0163a \u0163\u0103rii, ca pe vremea lui Nicolae Ceau\u015fescu. Dragnea se afl\u0103 exact \u00een postura lui Nicolae Ceau\u015fescu, cere imposibilul din acel program de guvernare, iar unii mini\u015ftri \u015fi premierul Grindeanu pur \u015fi simplu nu doresc s\u0103 se afunde \u00een minciuna electoral\u0103 pe care a livrat-o Dragnea cu acest program.<\/p>\n<p>Nu se poate face \u015fi evaluarea, c\u00e2t din program avea leg\u0103tur\u0103 cu realitatea \u00eendeplinirii \u00een \u015fase luni?&#8221;, a spus CTP.\u00a0<\/p>\n<p>Urm\u0103ri\u0163i interviul acordat reporterilor Observator de c\u0103tre Cristian Tudor Popescu \u015fi la Observatorul de 19.00, \u00eentr-un grupaj special despre r\u0103zboiul din PSD.\n<\/p><\/div>\n<p> Source URL: https:\/\/observatornews.ro\/politic\/ctp-il-compara-pe-presedintele-psd-cu-nicolae-ceausescu-grindeanu-nu-doreste-sa-se-afunde-in-minciuna-electorala-pe-care-a-livrato-liviu-dragnea-cu-programul-de-guvernare-213376.html<\/p>\n","protected":false},"excerpt":{"rendered":"<p>Cristian Tudor Popescu a vorbit pentru observator despre criza \u00een care se afl\u0103 coali\u0163ia de la guvernare \u015fi despre \u015fedin\u0163a \u00een care e discutat\u0103 soarta guvernului. Analistul l-a comparat pe Liviu Dragnea, pre\u015fedintele PSD, cu Nicolae Ceau\u015fescu, acuz\u00e2ndu-l de propagand\u0103 electoral\u0103. Cristian Tudor Popescu a vorbit pentru observator despre criza \u00een care se afl\u0103 coali\u0163ia [&hellip;]<\/p>\n","protected":false},"author":1,"featured_media":360681,"comment_status":"open","ping_status":"","sticky":false,"template":"","format":"standard","meta":{"footnotes":""},"categories":[2],"tags":[30],"class_list":["post-360680","post","type-post","status-publish","format-standard","has-post-thumbnail","hentry","category-politics","tag-observatornews-ro"],"_links":{"self":[{"href":"https:\/\/analyse.optim.biz\/index.php?rest_route=\/wp\/v2\/posts\/360680","targetHints":{"allow":["GET"]}}],"collection":[{"href":"https:\/\/analyse.optim.biz\/index.php?rest_route=\/wp\/v2\/posts"}],"about":[{"href":"https:\/\/analyse.optim.biz\/index.php?rest_route=\/wp\/v2\/types\/post"}],"author":[{"embeddable":true,"href":"https:\/\/analyse.optim.biz\/index.php?rest_route=\/wp\/v2\/users\/1"}],"replies":[{"embeddable":true,"href":"https:\/\/analyse.optim.biz\/index.php?rest_route=%2Fwp%2Fv2%2Fcomments&post=360680"}],"version-history":[{"count":0,"href":"https:\/\/analyse.optim.biz\/index.php?rest_route=\/wp\/v2\/posts\/360680\/revisions"}],"wp:featuredmedia":[{"embeddable":true,"href":"https:\/\/analyse.optim.biz\/index.php?rest_route=\/wp\/v2\/media\/360681"}],"wp:attachment":[{"href":"https:\/\/analyse.optim.biz\/index.php?rest_route=%2Fwp%2Fv2%2Fmedia&parent=360680"}],"wp:term":[{"taxonomy":"category","embeddable":true,"href":"https:\/\/analyse.optim.biz\/index.php?rest_route=%2Fwp%2Fv2%2Fcategories&post=360680"},{"taxonomy":"post_tag","embeddable":true,"href":"https:\/\/analyse.optim.biz\/index.php?rest_route=%2Fwp%2Fv2%2Ftags&post=360680"}],"curies":[{"name":"wp","href":"https:\/\/api.w.org\/{rel}","templated":true}]}}