{"id":360678,"date":"2017-06-14T16:04:01","date_gmt":"2017-06-14T13:04:01","guid":{"rendered":"https:\/\/analyse.optim.biz\/?p=360678"},"modified":"2017-06-14T16:04:01","modified_gmt":"2017-06-14T13:04:01","slug":"ziua-cea-mai-lunga-a-guvernului-grindeanu-filmul-unei-executii-publice-a-premierului-in-razboiul-sangeros-din-psd","status":"publish","type":"post","link":"https:\/\/analyse.optim.biz\/?p=360678","title":{"rendered":"Ziua cea mai lung\u0103 a Guvernului Grindeanu: Filmul unei execu\u0163ii publice, a premierului, \u00een r\u0103zboiul s\u00e2ngeros din PSD"},"content":{"rendered":"<div class=\"description\" data-key=\"description\">O zi istoric\u0103, ziua EXECU\u0162IEI PUBLICE. A\u015fa o define\u015fte \u00eensu\u015fi premierul Grindeanu dup\u0103 ce aproape to\u0163i mini\u015ftrii din Guvernul s\u0103u \u015fi-au preg\u0103tit demisia. Premierul a fost izolat \u015fi pare c\u0103 e for\u0163at astfel s\u0103 plece. Dup\u0103 5 luni, o s\u0103pt\u0103m\u00e2n\u0103 \u015fi 3 zile la c\u00e2rma Executivului, Sorin Grindeanu anun\u0163\u0103 \u00eens\u0103 c\u0103 nu cedeaz\u0103. Ghilotina politic\u0103 e preg\u0103tit\u0103 de \u015fefii coali\u0163iei &#8211; Liviu Dragnea \u015fi C\u0103lin Popescu T\u0103riceanu &#8211; dezam\u0103gi\u0163i, sus\u0163in ei, de presta\u0163ia Cabinetului care ar guverna pe ascuns.<\/div>\n<div class=\"articleBody\" data-key=\"articleBody\">O zi istoric\u0103, ziua EXECU\u0162IEI PUBLICE. A\u015fa o define\u015fte \u00eensu\u015fi premierul Grindeanu dup\u0103 ce aproape to\u0163i mini\u015ftrii din Guvernul s\u0103u \u015fi-au preg\u0103tit demisia. Premierul a fost izolat \u015fi pare c\u0103 e for\u0163at astfel s\u0103 plece. Dup\u0103 5 luni, o s\u0103pt\u0103m\u00e2n\u0103 \u015fi 3 zile la c\u00e2rma Executivului, Sorin Grindeanu anun\u0163\u0103 \u00eens\u0103 c\u0103 nu cedeaz\u0103. Ghilotina politic\u0103 e preg\u0103tit\u0103 de \u015fefii coali\u0163iei &#8211; Liviu Dragnea \u015fi C\u0103lin Popescu T\u0103riceanu &#8211; dezam\u0103gi\u0163i, sus\u0163in ei, de presta\u0163ia Cabinetului care ar guverna pe ascuns.<\/p>\n<p>\u00cenconjurat de o armat\u0103 de reporteri, cu pu\u0163in timp \u00eenainte de comitetul care-i va decide soarta politic\u0103, premierul Grindeanu n-a fost prea vorb\u0103re\u0163.\u00a0Asta de\u015fi ast\u0103zi, \u00een curtea Palatului Victoria, la o discu\u0163ie informal\u0103 cu reporterii acredita\u0163i la Guverm, primul ministru a fost foarte&#8230; deschis.\u00a0<\/p>\n<p>Dupa ce \u015fi-a anulat programul pentru toat\u0103 ziua, astfel \u00eenc\u00e2t s\u0103 se dedice problemelor politice, \u015feful executivului a spus c\u0103 se a\u015fteapt\u0103 la o execu\u0163ie public\u0103 din partea propriilor colegi de partid<\/p>\n<p>O execu\u0163ie preg\u0103tit\u0103, se pare, \u00een spatele u\u015filor \u00eenchise chiar de Liviu Dragnea \u015fi C\u0103lin Popescu T\u0103riceanu. Sorin Grindeanu are \u00eens\u0103 un as \u00een m\u00e2nec\u0103.\u00a0<\/p>\n<p>Premierul a avut \u015fi o serie de \u00eent\u00e2lniri cu lideri jude\u0163eni ai PSD. \u00cen paralel cu discu\u0163iile de la Palatul Victoria, liderii alian\u0163ei de guvernare poart\u0103 propriile discu\u0163ii secrete, \u00een spatele u\u015filor \u00eenchise.\u00a0<\/p>\n<p>CRISTIAN TUDOR POPESCU, jurnalist:<br \/>\nS-au \u00eent\u00e2mplat o serie de lucruri care i-au afectat autoritatea, c\u0103 asta este obsesia domnului Dragnea!\u00a0<\/p>\n<p>\u00cen scandalul dintre palate, se prefigureaz\u0103 dou\u0103 scenarii. Cea \u00een care mini\u015ftrii PSD \u015fi ALDE demisioneaz\u0103 \u00een bloc \u015fi for\u0163eaz\u0103 formarea unui nou guvern \u015fi cea \u00een care Sorin Grindeanu cedeaz\u0103 presiunii \u015fi demisioneaz\u0103.\u00a0<\/p>\n<p>CRISTIAN TUDOR POPESCU, jurnalist:<br \/>\n\u015ei orice ar face&#8230;Dac\u0103 demite Guvernul prin mo\u0163iune de cenzur\u0103 e r\u0103u. Dac\u0103 for\u0163eaz\u0103 \u00een vreun fel, de plid\u0103, dac\u0103 pleac\u0103 to\u0163i mini\u015ftrii, nici asta nu se poate! Pentru c\u0103 mai sunt \u015fi mini\u015ftri ALDE care spun &#8220;domnule, noi de ce s\u0103 ne compromitem, dac\u0103 plec\u0103m \u00eenseamn\u0103 c\u0103 nu suntem buni&#8221;.<\/p>\n<p>Lucrurile se clarific\u0103 pu\u0163in dup\u0103 ora 15, to\u0163i cei 24 de mini\u015ftri sunt chema\u0163i de liderul PSD \u00een Parlament. Aproape to\u0163i anun\u0163\u0103 c\u0103 \u00ee\u015fi dau demisia.\u00a0<\/p>\n<p>CRISTIAN TUDOR POPESCU, jurnalist:<br \/>\nE o confruntare de putere. Nimic altceva, nu are leg\u0103tur\u0103 nici cu popula\u0163ia, nici cu programul de guvernare. Are leg\u0103tur\u0103 cu faptul c\u0103 domnul Dragnea nu dore\u015fte s\u0103 \u00eei fie diminuat capitalul de putere cu care a intrat \u00een aceast\u0103 guvernare.\u00a0<\/p>\n<p>Lupta pentru putere poate avea \u00eens\u0103 \u015fi efecte pe care combatan\u0163ii nu le-au luat \u00een calcul. Oficial, liderii partidului social democrat nu vorbesc de o epurare. Ci de o evaluare. Una pe care doar 5 din cei 24 de mini\u015ftri au trecut-o cu brio.\u00a0<\/p>\n<p>LIVIU DRAGNEA, Pre\u015fedintele PSD:<br \/>\nAvem obliga\u0163ia de a face analiz\u0103. Aici nu ne juc\u0103m! Trebuie s\u0103 ne asum\u0103m tot. Din p\u0103cate, nu e vorba de numai 60 de procente m\u0103suri ne\u00eendeplinite, ci \u015fi un procent de m\u0103suri indeplinite par\u0163ial.<\/p>\n<p>CRISTIAN TUDOR POPESCU, jurnalist:<br \/>\nHahalerele perfecte ale acestui Guvern, \u0103ia sunt cei mai buni!<\/p>\n<p>Deciziile se iau \u00eens\u0103, \u00een spatele u\u015filor \u00eenchise, la comitetul executiv.\u00a0\n<\/p><\/div>\n<p> Source URL: https:\/\/observatornews.ro\/politic\/evalurea-guvernului-sa-transformat-in-demisie-in-masa-213379.html<\/p>\n","protected":false},"excerpt":{"rendered":"<p>O zi istoric\u0103, ziua EXECU\u0162IEI PUBLICE. A\u015fa o define\u015fte \u00eensu\u015fi premierul Grindeanu dup\u0103 ce aproape to\u0163i mini\u015ftrii din Guvernul s\u0103u \u015fi-au preg\u0103tit demisia. Premierul a fost izolat \u015fi pare c\u0103 e for\u0163at astfel s\u0103 plece. Dup\u0103 5 luni, o s\u0103pt\u0103m\u00e2n\u0103 \u015fi 3 zile la c\u00e2rma Executivului, Sorin Grindeanu anun\u0163\u0103 \u00eens\u0103 c\u0103 nu cedeaz\u0103. Ghilotina politic\u0103 [&hellip;]<\/p>\n","protected":false},"author":1,"featured_media":360679,"comment_status":"open","ping_status":"","sticky":false,"template":"","format":"standard","meta":{"footnotes":""},"categories":[2],"tags":[30],"class_list":["post-360678","post","type-post","status-publish","format-standard","has-post-thumbnail","hentry","category-politics","tag-observatornews-ro"],"_links":{"self":[{"href":"https:\/\/analyse.optim.biz\/index.php?rest_route=\/wp\/v2\/posts\/360678","targetHints":{"allow":["GET"]}}],"collection":[{"href":"https:\/\/analyse.optim.biz\/index.php?rest_route=\/wp\/v2\/posts"}],"about":[{"href":"https:\/\/analyse.optim.biz\/index.php?rest_route=\/wp\/v2\/types\/post"}],"author":[{"embeddable":true,"href":"https:\/\/analyse.optim.biz\/index.php?rest_route=\/wp\/v2\/users\/1"}],"replies":[{"embeddable":true,"href":"https:\/\/analyse.optim.biz\/index.php?rest_route=%2Fwp%2Fv2%2Fcomments&post=360678"}],"version-history":[{"count":0,"href":"https:\/\/analyse.optim.biz\/index.php?rest_route=\/wp\/v2\/posts\/360678\/revisions"}],"wp:featuredmedia":[{"embeddable":true,"href":"https:\/\/analyse.optim.biz\/index.php?rest_route=\/wp\/v2\/media\/360679"}],"wp:attachment":[{"href":"https:\/\/analyse.optim.biz\/index.php?rest_route=%2Fwp%2Fv2%2Fmedia&parent=360678"}],"wp:term":[{"taxonomy":"category","embeddable":true,"href":"https:\/\/analyse.optim.biz\/index.php?rest_route=%2Fwp%2Fv2%2Fcategories&post=360678"},{"taxonomy":"post_tag","embeddable":true,"href":"https:\/\/analyse.optim.biz\/index.php?rest_route=%2Fwp%2Fv2%2Ftags&post=360678"}],"curies":[{"name":"wp","href":"https:\/\/api.w.org\/{rel}","templated":true}]}}