{"id":360357,"date":"2017-06-15T16:13:57","date_gmt":"2017-06-15T13:13:57","guid":{"rendered":"https:\/\/analyse.optim.biz\/?p=360357"},"modified":"2017-06-15T16:13:57","modified_gmt":"2017-06-15T13:13:57","slug":"in-numai-sase-luni-liviu-dragnea-si-sorin-grindeanu-au-ajuns-de-la-dragoste-la-razboi","status":"publish","type":"post","link":"https:\/\/analyse.optim.biz\/?p=360357","title":{"rendered":"\u00cen numai \u015fase luni, Liviu Dragnea \u015fi Sorin Grindeanu au ajuns de la dragoste la r\u0103zboi"},"content":{"rendered":"<div class=\"description\" data-key=\"description\">\u00cen numai \u015fase luni, Liviu Dragnea \u015fi Sorin Grindeanu au ajuns de la dragoste la r\u0103zboi. ***Asear\u0103, am fost martorii rupturii definitive. F\u0103r\u0103 cale de \u00eentoarcere. Premierul a refuzat, cu z\u00e2mbetul pe buze, s\u0103-\u015fi dea demisia. \u015ei l-a acuzat pe Liviu Dragnea c\u0103 vrea toat\u0103 puterea. Primele semne care prevesteau criza politica au fost \u00eens\u0103 de la sf\u00e2r\u015ftiul lunii ianuarie, odat\u0103 cu publicarea celebrei ordonan\u0163e cu num\u0103rul 13.\u00a0<\/div>\n<div class=\"articleBody\" data-key=\"articleBody\">\u00cen numai \u015fase luni, Liviu Dragnea \u015fi Sorin Grindeanu au ajuns de la dragoste la r\u0103zboi. Asear\u0103, am fost martorii rupturii definitive. F\u0103r\u0103 cale de \u00eentoarcere. Premierul a refuzat, cu z\u00e2mbetul pe buze, s\u0103-\u015fi dea demisia. \u015ei l-a acuzat pe Liviu Dragnea c\u0103 vrea toat\u0103 puterea. Primele semne care prevesteau criza politica au fost \u00eens\u0103 de la sf\u00e2r\u015ftiul lunii ianuarie, odat\u0103 cu publicarea celebrei ordonan\u0163e cu num\u0103rul 13.\u00a0<\/p>\n<p>A fost declara\u0163ia scurt\u0103 care a zguduit scena politic\u0103 \u015fi a adus tensiunea din Partidul Social Democrat la cote maxime. \u00cencol\u0163it de proprii colegi, Sorin Grindeanu a ren\u0103scut. A f\u0103cut marele anun\u0163 degajat, z\u00e2mbind. \u00centr-un discurs articulat \u015fi sus\u0163inut de gesturi precise. A\u015fa cum nu l-am mai v\u0103zut niciodat\u0103. \u00a0<\/p>\n<p>\u00cen plin haos politic, rom\u00e2nii au fost martorii unui r\u0103zboi f\u0103r\u0103 precedent. Vechii alia\u0163i au ajuns la cu\u0163ite. Pe cel\u0103lalt front, Liviu Dragnea a p\u0103rut u\u015for nesigur. Timp de aproape 40 de minute, a \u00eenv\u00e2rtit un pix pe mas\u0103. \u00cen discurs, a avut pauze lungi. Nu ar fi vrut s\u0103 se ajung\u0103 aici, spunea pre\u015fedintele Camerei Deputa\u0163ilor. Ba chiar a \u00eencercat s\u0103 g\u0103seasc\u0103 solu\u0163ii.\u00a0<\/p>\n<p>Totu\u015fi, Sorin Grindeanu \u015fi-a condi\u0163ionat demisia.\u00a0<\/p>\n<p>Premierul a criticat dur evaluarea care avea s\u0103-l execute public. F\u0103cut\u0103 de nimeni altul dec\u00e2t Darius V\u00e2lcov, spunea Grindeanu. Un nume pe care l-a pronun\u0163at, aproape silabilist, de aproape zece ori.<\/p>\n<p>Lovitura de gra\u0163ie avea s\u0103 vin\u0103 c\u00e2teva minute mai t\u00e2rziu.<\/p>\n<p>Mai \u00eent\u00e2i, a fost recuno\u015ftiin\u0163a pe de o parte \u015fi autoritatea de cealalt\u0103. \u00cen ianuarie, pe holurile Guvernului, la \u00cenvestire, Grindeanu \u015fi Dragnea ne ofereau o imagine emblematic\u0103.\u00a0<\/p>\n<p>Ulterior, au ap\u0103rut primele semne de ruptur\u0103. \u00cencep\u00e2nd cu tensiunile provocate de celebra ordonan\u0163\u0103 cu num\u0103rul 13&#8230;.<\/p>\n<p>Continu\u00e2nd cu refuzul ministrului Justi\u021biei, Tudorel Toader &#8211; adus chiar de Grindeanu- de a-i schimba din func\u0163ii pe pe procurorul-\u0219ef DNA Kovesi \u0219i pe procurorul general Augustin Laz\u0103r.\u00a0<\/p>\n<p>Partidele de pescuit aveau, de asemenea, s\u0103 prevad\u0103 \u00eenceputul sf\u00e2r\u015fitului. La sf\u00e2r\u015fitul lunii martie, Liviu Dragnea a declarat, dup\u0103 o ie\u015fire cu Sorin Grindeanu, ca s-a produs marea ruptur\u0103 \u00eentre ei. Prinsese mai multe \u015ftiuci dec\u00e2t premierul, care ulterior, a promis c\u0103-\u015fi va lua revan\u015fa.\n<\/p><\/div>\n<p> Source URL: https:\/\/observatornews.ro\/politic\/in-numai-sase-luni-liviu-dragnea-si-sorin-grindeanu-au-ajuns-de-la-dragoste-la-razboi-213486.html<\/p>\n","protected":false},"excerpt":{"rendered":"<p>\u00cen numai \u015fase luni, Liviu Dragnea \u015fi Sorin Grindeanu au ajuns de la dragoste la r\u0103zboi. ***Asear\u0103, am fost martorii rupturii definitive. F\u0103r\u0103 cale de \u00eentoarcere. Premierul a refuzat, cu z\u00e2mbetul pe buze, s\u0103-\u015fi dea demisia. \u015ei l-a acuzat pe Liviu Dragnea c\u0103 vrea toat\u0103 puterea. Primele semne care prevesteau criza politica au fost \u00eens\u0103 [&hellip;]<\/p>\n","protected":false},"author":1,"featured_media":0,"comment_status":"open","ping_status":"","sticky":false,"template":"","format":"standard","meta":{"footnotes":""},"categories":[2],"tags":[30],"class_list":["post-360357","post","type-post","status-publish","format-standard","hentry","category-politics","tag-observatornews-ro"],"_links":{"self":[{"href":"https:\/\/analyse.optim.biz\/index.php?rest_route=\/wp\/v2\/posts\/360357","targetHints":{"allow":["GET"]}}],"collection":[{"href":"https:\/\/analyse.optim.biz\/index.php?rest_route=\/wp\/v2\/posts"}],"about":[{"href":"https:\/\/analyse.optim.biz\/index.php?rest_route=\/wp\/v2\/types\/post"}],"author":[{"embeddable":true,"href":"https:\/\/analyse.optim.biz\/index.php?rest_route=\/wp\/v2\/users\/1"}],"replies":[{"embeddable":true,"href":"https:\/\/analyse.optim.biz\/index.php?rest_route=%2Fwp%2Fv2%2Fcomments&post=360357"}],"version-history":[{"count":0,"href":"https:\/\/analyse.optim.biz\/index.php?rest_route=\/wp\/v2\/posts\/360357\/revisions"}],"wp:attachment":[{"href":"https:\/\/analyse.optim.biz\/index.php?rest_route=%2Fwp%2Fv2%2Fmedia&parent=360357"}],"wp:term":[{"taxonomy":"category","embeddable":true,"href":"https:\/\/analyse.optim.biz\/index.php?rest_route=%2Fwp%2Fv2%2Fcategories&post=360357"},{"taxonomy":"post_tag","embeddable":true,"href":"https:\/\/analyse.optim.biz\/index.php?rest_route=%2Fwp%2Fv2%2Ftags&post=360357"}],"curies":[{"name":"wp","href":"https:\/\/api.w.org\/{rel}","templated":true}]}}