{"id":360193,"date":"2017-06-16T13:49:00","date_gmt":"2017-06-16T10:49:00","guid":{"rendered":"https:\/\/analyse.optim.biz\/?p=360193"},"modified":"2017-06-16T13:49:00","modified_gmt":"2017-06-16T10:49:00","slug":"liviu-dragnea-nu-a-mai-plecat-la-mare-presedintele-psd-a-discutat-cu-liderii-udmr-pe-care-ii-vrea-la-guvernare-daca-ajuta-la-inlaturarea-lui-sorin-grindeanu","status":"publish","type":"post","link":"https:\/\/analyse.optim.biz\/?p=360193","title":{"rendered":"Liviu Dragnea nu a mai plecat la mare! Pre\u015fedintele PSD a discutat cu liderii UDMR, pe care \u00eei vrea la guvernare, dac\u0103 ajut\u0103 la \u00eenl\u0103turarea lui Sorin Grindeanu"},"content":{"rendered":"<div class=\"description\" data-key=\"description\">Pre\u015fedintele PSD, Liviu Dragnea, a avut, \u00een cursul zilei de vineri, discu\u0163ii cu liderul UDMR Kelemen Hunor privind sus\u0163inerea mo\u0163iunii de cenzur\u0103 \u00eempotriva Guvernului Grindeanu, fiind f\u0103cute &#8220;oferte&#8221; c\u0103tre Uniune, care va decide s\u00e2mb\u0103t\u0103 pozi\u0163ia pe care o va adopta la vot, potrivit unor surse parlamentare.<\/div>\n<div class=\"articleBody\" data-key=\"articleBody\">Pre\u015fedintele PSD, Liviu Dragnea, a avut, \u00een cursul zilei de vineri, discu\u0163ii cu liderul UDMR Kelemen Hunor privind sus\u0163inerea mo\u0163iunii de cenzur\u0103 \u00eempotriva Guvernului Grindeanu, fiind f\u0103cute &#8220;oferte&#8221; c\u0103tre Uniune, care va decide s\u00e2mb\u0103t\u0103 pozi\u0163ia pe care o va adopta la vot, potrivit unor surse parlamentare.<\/p>\n<p>Potrivit surselor citate, PSD a invocat \u00een discu\u0163ii protocolul parlamentar semnat cu UDMR, care presupune c\u0103 cele dou\u0103 forma\u0163iuni \u00ee\u015fi vor sus\u0163ine proiectele \u00een Parlament. Dragnea ar fi f\u0103cut unele &#8220;oferte&#8221; c\u0103tre UDMR pentru a sus\u0163ine mo\u0163iunea de cenzur\u0103, \u00eens\u0103 nu s-a discutat \u00een acest punct \u015fi despre intrarea la guvernare a Uniunii \u00een eventualitatea form\u0103rii unui nou Cabinet.<\/p>\n<p>P\u00e2n\u0103 \u00een acest moment, nu s-a luat o decizie oficial\u0103 a UDMR, sursele citate preciz\u00e2nd c\u0103 liderii forma\u0163iunii vor discuta posibilitatea sus\u0163inerii mo\u0163iunii de cenzur\u0103 s\u00e2mb\u0103t\u0103, \u00een cadrul Consiliului Permanent.<\/p>\n<p>Consiliul Permanent al UDMR se va reuni, s\u00e2mb\u0103t\u0103, la Cluj, pentru a analiza situa\u0163ia politic\u0103 actual\u0103, iar la finalul \u015fedin\u0163ei concluziile vor fi prezentate de c\u0103tre Kelemen Hunor.\n<\/p><\/div>\n<p> Source URL: https:\/\/observatornews.ro\/politic\/liviu-dragnea-nu-a-mai-plecat-la-mare-presedintele-psd-a-discutat-cu-liderii-udmr-pe-care-ii-vrea-la-guvernare-daca-ajuta-la-inlaturarea-lui-sorin-grindeanu-213573.html<\/p>\n","protected":false},"excerpt":{"rendered":"<p>Pre\u015fedintele PSD, Liviu Dragnea, a avut, \u00een cursul zilei de vineri, discu\u0163ii cu liderul UDMR Kelemen Hunor privind sus\u0163inerea mo\u0163iunii de cenzur\u0103 \u00eempotriva Guvernului Grindeanu, fiind f\u0103cute &#8220;oferte&#8221; c\u0103tre Uniune, care va decide s\u00e2mb\u0103t\u0103 pozi\u0163ia pe care o va adopta la vot, potrivit unor surse parlamentare. Pre\u015fedintele PSD, Liviu Dragnea, a avut, \u00een cursul zilei [&hellip;]<\/p>\n","protected":false},"author":1,"featured_media":360194,"comment_status":"open","ping_status":"","sticky":false,"template":"","format":"standard","meta":{"footnotes":""},"categories":[2],"tags":[30],"class_list":["post-360193","post","type-post","status-publish","format-standard","has-post-thumbnail","hentry","category-politics","tag-observatornews-ro"],"_links":{"self":[{"href":"https:\/\/analyse.optim.biz\/index.php?rest_route=\/wp\/v2\/posts\/360193","targetHints":{"allow":["GET"]}}],"collection":[{"href":"https:\/\/analyse.optim.biz\/index.php?rest_route=\/wp\/v2\/posts"}],"about":[{"href":"https:\/\/analyse.optim.biz\/index.php?rest_route=\/wp\/v2\/types\/post"}],"author":[{"embeddable":true,"href":"https:\/\/analyse.optim.biz\/index.php?rest_route=\/wp\/v2\/users\/1"}],"replies":[{"embeddable":true,"href":"https:\/\/analyse.optim.biz\/index.php?rest_route=%2Fwp%2Fv2%2Fcomments&post=360193"}],"version-history":[{"count":0,"href":"https:\/\/analyse.optim.biz\/index.php?rest_route=\/wp\/v2\/posts\/360193\/revisions"}],"wp:featuredmedia":[{"embeddable":true,"href":"https:\/\/analyse.optim.biz\/index.php?rest_route=\/wp\/v2\/media\/360194"}],"wp:attachment":[{"href":"https:\/\/analyse.optim.biz\/index.php?rest_route=%2Fwp%2Fv2%2Fmedia&parent=360193"}],"wp:term":[{"taxonomy":"category","embeddable":true,"href":"https:\/\/analyse.optim.biz\/index.php?rest_route=%2Fwp%2Fv2%2Fcategories&post=360193"},{"taxonomy":"post_tag","embeddable":true,"href":"https:\/\/analyse.optim.biz\/index.php?rest_route=%2Fwp%2Fv2%2Ftags&post=360193"}],"curies":[{"name":"wp","href":"https:\/\/api.w.org\/{rel}","templated":true}]}}