{"id":360148,"date":"2017-06-16T16:12:51","date_gmt":"2017-06-16T13:12:51","guid":{"rendered":"https:\/\/analyse.optim.biz\/?p=360148"},"modified":"2017-06-16T16:12:51","modified_gmt":"2017-06-16T13:12:51","slug":"premierul-grindeanu-isi-cauta-aliati-psd-contraataca-negocieri-cu-partidele-inainte-de-motiune","status":"publish","type":"post","link":"https:\/\/analyse.optim.biz\/?p=360148","title":{"rendered":"Premierul Grindeanu \u00ee\u0219i caut\u0103 alia\u021bi, PSD contraatac\u0103. Negocieri cu partidele, \u00eenainte de mo\u0163iune"},"content":{"rendered":"<div class=\"description\" data-key=\"description\">Premierul Grindeanu va \u00eencerca \u00een acest week-end s\u0103 adune c\u00e2t mai mul\u0163i oameni \u00een tab\u0103ra lui. \u00cen direct, de la Palatul Victoria, Maria Toader ne spune unde merge Sorin Grindeanu s\u0103 adune alia\u0163i. De la sediul PSD, Robert Kiss ne va explic\u0103 pe ce mizeaz\u0103 Liviu Dragnea \u00een aceast\u0103 lupt\u0103.\u00a0<\/div>\n<div class=\"articleBody\" data-key=\"articleBody\">Premierul Grindeanu va \u00eencerca \u00een acest week-end s\u0103 adune c\u00e2t mai mul\u0163i oameni \u00een tab\u0103ra lui. \u00cen direct, de la Palatul Victoria, Maria Toader ne spune unde merge Sorin Grindeanu s\u0103 adune alia\u0163i. De la sediul PSD, Robert Kiss ne va explic\u0103 pe ce mizeaz\u0103 Liviu Dragnea \u00een aceast\u0103 lupt\u0103.\u00a0<\/p>\n<p>Dup\u0103 10 minute de discu\u0163ii cu jurnali\u015ftii \u00een fa\u0163a Guvernului, Sorin Grindeanu \u015fi-a reluat agenda \u015fi planurile de a-\u015fi atrage c\u00e2t mai mul\u0163i alia\u0163i care s\u0103 nu voteze mo\u0163iunea de cenzur\u0103.\u00a0<\/p>\n<p>Cei mai mul\u0163i, nemul\u0163umi\u0163i de conducerea partidului. Mihai Chirica, primarul Ia\u015fiului, este \u00een frunte. Iar acum risc\u0103 s\u0103 fie exclus din PSD.\u00a0<\/p>\n<p>Sorin Grindeanu are nevoie, din start, de 13 parlamentari ai coali\u0163iei care s\u0103 voteze \u00eempotriva mo\u0163iunii.<\/p>\n<p>PSD \u015fi ALDE \u00eencearc\u0103 s\u0103 \u00ee\u015fi men\u0163in\u0103 sprijinul propriilor parlamentarii. Oricare dintre ei lipse\u015fte de la mo\u0163iune sau nu o voteaz\u0103, \u00eenseamn\u0103 un punct \u00een plus pentru Sorin Grindeanu. Tocmai de aceea Liviu Dragnea va munci \u00een weekend. Vor fi zile grele &#8211; cu negocieri, dar \u015fi cu redactarea textul mo\u0163iunii de cenzur\u0103.\u00a0<\/p>\n<p>Ambele tabere au \u00eens\u0103 o miz\u0103 comun\u0103: &lt;animatie&gt; UDMR, forma\u0163iune care are 30 de deputa\u0163i \u015fi senatori. Votul lor poate r\u0103sturna orice calcul. De ei ar putea depinde adoptarea sau respingerea mo\u0163iunii care are nevoie, \u00een total, de 233 de voturi. A\u015fa c\u0103 at\u00e2t Liviu Dragnea c\u00e2t \u015fi Sorin Grindeanu ar fi \u00eencercat s\u0103 le ob\u0163in\u0103 bun\u0103voin\u0163a.<\/p>\n<p>O decizie oficiala va anun\u0163at\u0103 m\u00e2ine, c\u00e2nd liderii UDMR se \u00eent\u00e2lnesc la Cluj. PNL \u015fi USR \u00eenc\u0103 se g\u00e2ndesc. Dar alegrea pare u\u015foar\u0103.<\/p>\n<p>P\u00e2n\u0103 la mo\u0163iunea de cenzura, Guvernul \u00ee\u015fi continu\u0103 activitatea. A\u015fa cum poate. Chiar dac\u0103 \u015fi-au depus demisiile, mini\u015ftrii nu pot pleca direct acas\u0103.\n<\/p><\/div>\n<p> Source URL: https:\/\/observatornews.ro\/politic\/premierul-grindeanu-isi-cauta-aliati-psd-contraataca-213586.html<\/p>\n","protected":false},"excerpt":{"rendered":"<p>Premierul Grindeanu va \u00eencerca \u00een acest week-end s\u0103 adune c\u00e2t mai mul\u0163i oameni \u00een tab\u0103ra lui. \u00cen direct, de la Palatul Victoria, Maria Toader ne spune unde merge Sorin Grindeanu s\u0103 adune alia\u0163i. De la sediul PSD, Robert Kiss ne va explic\u0103 pe ce mizeaz\u0103 Liviu Dragnea \u00een aceast\u0103 lupt\u0103.\u00a0 Premierul Grindeanu va \u00eencerca \u00een [&hellip;]<\/p>\n","protected":false},"author":1,"featured_media":360149,"comment_status":"open","ping_status":"","sticky":false,"template":"","format":"standard","meta":{"footnotes":""},"categories":[2],"tags":[30],"class_list":["post-360148","post","type-post","status-publish","format-standard","has-post-thumbnail","hentry","category-politics","tag-observatornews-ro"],"_links":{"self":[{"href":"https:\/\/analyse.optim.biz\/index.php?rest_route=\/wp\/v2\/posts\/360148","targetHints":{"allow":["GET"]}}],"collection":[{"href":"https:\/\/analyse.optim.biz\/index.php?rest_route=\/wp\/v2\/posts"}],"about":[{"href":"https:\/\/analyse.optim.biz\/index.php?rest_route=\/wp\/v2\/types\/post"}],"author":[{"embeddable":true,"href":"https:\/\/analyse.optim.biz\/index.php?rest_route=\/wp\/v2\/users\/1"}],"replies":[{"embeddable":true,"href":"https:\/\/analyse.optim.biz\/index.php?rest_route=%2Fwp%2Fv2%2Fcomments&post=360148"}],"version-history":[{"count":0,"href":"https:\/\/analyse.optim.biz\/index.php?rest_route=\/wp\/v2\/posts\/360148\/revisions"}],"wp:featuredmedia":[{"embeddable":true,"href":"https:\/\/analyse.optim.biz\/index.php?rest_route=\/wp\/v2\/media\/360149"}],"wp:attachment":[{"href":"https:\/\/analyse.optim.biz\/index.php?rest_route=%2Fwp%2Fv2%2Fmedia&parent=360148"}],"wp:term":[{"taxonomy":"category","embeddable":true,"href":"https:\/\/analyse.optim.biz\/index.php?rest_route=%2Fwp%2Fv2%2Fcategories&post=360148"},{"taxonomy":"post_tag","embeddable":true,"href":"https:\/\/analyse.optim.biz\/index.php?rest_route=%2Fwp%2Fv2%2Ftags&post=360148"}],"curies":[{"name":"wp","href":"https:\/\/api.w.org\/{rel}","templated":true}]}}