{"id":360063,"date":"2017-06-17T12:35:00","date_gmt":"2017-06-17T09:35:00","guid":{"rendered":"https:\/\/analyse.optim.biz\/?p=360063"},"modified":"2017-06-17T12:35:00","modified_gmt":"2017-06-17T09:35:00","slug":"ludovic-orban-este-noul-presedinte-al-pnl-cristian-busoi-a-pierdut-lupta-pentru-sefia-partidului","status":"publish","type":"post","link":"https:\/\/analyse.optim.biz\/?p=360063","title":{"rendered":"Ludovic Orban este noul pre\u015fedinte al PNL. Cristian Bu\u015foi a pierdut lupta pentru \u0219efia partidului"},"content":{"rendered":"<div class=\"description\" data-key=\"description\">Congresul PNL, la care va fi ales noul pre\u015fedinte al forma\u0163iunii, a \u00eenceput, \u00een prezen\u0163a a peste 5.000 de delega\u0163i. Este primul congres al forma\u0163iunii dup\u0103 fuziunea cu PDL \u015fi dup\u0103 trei ani \u00een care liberalii nu au mai avut o astfel de reuniune, de\u015fi \u00een acest timp au schimbat trei pre\u015fedin\u0163i. \u015eefia PNL este disputat\u0103 de doi membri ai vechiului PNL: Ludovic Orban \u015fi Cristian Bu\u015foi.<\/div>\n<div class=\"articleBody\" data-key=\"articleBody\">Congresul PNL, la care va fi ales noul pre\u015fedinte al forma\u0163iunii, a \u00eenceput, \u00een prezen\u0163a a peste 5.000 de delega\u0163i. Este primul congres al forma\u0163iunii dup\u0103 fuziunea cu PDL \u015fi dup\u0103 trei ani \u00een care liberalii nu au mai avut o astfel de reuniune, de\u015fi \u00een acest timp au schimbat trei pre\u015fedin\u0163i. \u015eefia PNL este disputat\u0103 de doi membri ai vechiului PNL: Ludovic Orban \u015fi Cristian Bu\u015foi.<\/p>\n<p>UPDATE 18.08 Ludovic Orban sus\u0163ine discursul, dup\u0103 afalatea rezultatetelor votului: &#8220;Victoria de ast\u0103zi, nu este victoria mea, este victoria partidului<\/p>\n<p>UPDATE 17.25:\u00a0Potrivit surselor liberale citate de news.ro,\u00a0Ludovic Orban a c\u00e2\u015ftigat cu peste 3.500 de voturi, Bu\u015foi ob\u0163in\u00e2nd sub 1.000.<\/p>\n<p>UPDATE 16.35:\u00a0Ludovic Orban este noul pre\u015fedinte al PNL, el c\u00e2\u015ftig\u00e2nd alegerile din partid \u00een fa\u0163a lui Cristian Bu\u015foi, au declarat surse liberale pentru News.ro, rezultatul votului nefiind \u00eenc\u0103 anun\u0163at \u00een congres.\u00a0<\/p>\n<p>Conform surselor citate, Ludovic Orban a fost ales cu o diferen\u0163\u0103 semnificativ\u0103 de voturi fa\u0163\u0103 de contracandidatul s\u0103u Cristian Bu\u015foi.<\/p>\n<p>Votul a fost pe buletine.<\/p>\n<p>Rezultatul votului urmeaz\u0103 s\u0103 fie prezentat oficial \u00een fa\u0163a celor cinci mii de delega\u0163i la Congresul PNL care se desf\u0103\u015foar\u0103 la Romexpo.<\/p>\n<p>UPDATE 15.50: \u00a0Ludovic Orban a f\u0103cut s\u00e2mb\u0103t\u0103, la congresul partidului, o serie de promisiuni celor cinci mii de delega\u0163i: c\u0103 nu vor fi trimi\u015fi candida\u0163i de la centru \u00een filiale, c\u0103 nu va mai exista delict de opinie \u00een partid, c\u0103 nu vor mai fi coterii care s\u0103-l paraziteze pe lider \u015fi c\u0103 PNL nu va face numiri \u00een func\u0163iile publice dec\u00e2t pe baz\u0103 de merit.<\/p>\n<p>\u201dCine vrea s\u0103 lupte al\u0103turi de noi, \u00eel a\u015ftept\u0103m. Cine nu vrea s\u0103 lupte, o s\u0103 r\u0103m\u00e2n\u0103 mai \u00een spate. Asta e, dragii mei. Niciun Agami\u0163\u0103 Dandanache trimis de centru s\u0103 candideze \u00een vreo filial\u0103, v\u0103 promit, v\u0103 garantez. Niciun membru care \u00ee\u015fi exprim\u0103 opinia \u00een PNL nu va mai avea de suferit de pe urma exprim\u0103rii opiniei \u00een partid. Nu mai avem voie s\u0103 toler\u0103m delictul de opinie \u00een partid, PNL trebuie s\u0103 fie un partid al dezbaterii \u00een care oamenii spun ce g\u00e2ndesc \u015fi contribuie cu ideile \u015fi cu punctele lor de vedere la configurarea celor mai bune decizii \u00een partid\u201d, a spus Ludovic Orban.<\/p>\n<p>El a promis c\u0103 promovarea \u00een func\u0163iile publice se va face exclusiv pe baz\u0103 de merit \u015fi nu vor mai exista \u201dg\u0103\u015fti\u201d care s\u0103 paraziteze partidul.<\/p>\n<p>UPDATE 15.36:\u00a0A \u00eenceput num\u0103rarea voturilor. Noul lider ar partidului ar urma s\u0103 fie anun\u0163at peste aproximativ dou\u0103 ore.<\/p>\n<p>INFORMARESet\u0103rile tale privind cookie-urile nu permit afi\u0219area con\u021binutului din aceast\u0103 zon\u0103. E necesar s\u0103 accep\u021bi cookie-urile social media pentru afisarea acestui tip de con\u021binut. Modific\u0103 set\u0103rile<\/p>\n<p>UPDATE 15:00 Ludovic Orban a declarat c\u0103 \u00ee\u015fi dore\u015fte ca liberalii s\u0103 ajung\u0103 la guvernare, dar nu oricum, ci exclusiv prin votul rom\u00e2nilor \u015fi de aceea a \u00eendemnat la sus\u0163inerea de c\u0103tre PNL a solu\u0163iei alegerilor anticipate.<\/p>\n<p>\u201d\u00cemi doresc ca PNL s\u0103 ajung\u0103 la guvernare, dar nu printr-un nou USL sau cu oameni care niciodat\u0103 nu vor aplica politicile noastre \u015fi pe care nu ne putem bizui niciodat\u0103. \u00cemi doresc s\u0103 ajungem la putere prin votul oamenilor. Dac\u0103 e s\u0103 sus\u0163inem ceva, dragii mei. S\u0103 sus\u0163inem anticipate, s\u0103 facem opozi\u0163ie pe toate fronturile, la baionet\u0103, lupt\u0103 om la om cu cei care azi \u00ee\u015fi bat joc de Rom\u00e2nia\u201d, a declarat Ludovic Orban de la tribuna congresului PNL.<\/p>\n<p>UPDATE 14:55 Ludovic Orban, candidat la \u015fefia PNL, i-a avertizat pe liberali c\u0103 \u015ftie foarte bine cine face blat cu PSD, motiv pentru care le cere s\u0103 \u00eenceteze orice negociere de culise \u015fi s\u0103 nu mai v\u00e2nd\u0103 interesele PNL pentru func\u0163ii \u015fi avantaje personale primite de la social-democra\u0163i.<\/p>\n<p>\u201eNiciun blat cu PSD. S\u0103 fie clar, cunosc bine acest partid, \u015ftiu foarte bine cine face blat cu PSD. Le spun de acum s\u0103 \u00eenceteze orice negociere de culise, s\u0103 \u00eenceteze orice joc pe sub mas\u0103, s\u0103 nu mai \u00eencerce s\u0103 v\u00e2nd\u0103 interesele PNL pentru func\u0163ii sau pentru avantaje personale, sau pentru afaceri f\u0103cute cu PSD. Cine vrea s\u0103 lupte al\u0103turi de noi \u00eel a\u015ftept\u0103m, cine nu vrea s\u0103 lupte o s\u0103 r\u0103m\u00e2n\u0103 mai \u00een spate\u201d, a subliniat Ludovic Orban.<\/p>\n<p>UPDATE 14:09 Cristian Bu\u015foi, candidat la \u015fefia PNL, a declarat s\u00e2mb\u0103t\u0103, \u00een congres, c\u0103 Ludovic Orban s-a \u00eenconjurat de oameni pe care i-a criticat \u015fi \u00een care nu are \u00eencredere, motiv pentru care el nu crede c\u0103 va reu\u015fi s\u0103 realizeze ceea ce \u00ee\u015fi propune \u00een partid.<\/p>\n<p>Liberalul i-a transmis contracandidatului s\u0103u la \u015fefia partidului c\u0103 s-a \u00eenconjurat de oameni pe care i-a criticat \u015fi \u00een care nu are \u00eencredere, motiv pentru care nu va reu\u015fi s\u0103 realizeze ceea ce \u015fi-a propus.<\/p>\n<p>\u201eLudovic, c\u0103 te-ai \u00eenconjurat de oameni pe care tu pe bun\u0103 dreptate i-ai criticat, \u00een care nu crezi \u015fi nu cred \u00een tine \u015fi \u00een felul acesta nu cred c\u0103 o s\u0103 reu\u015fe\u015fti ceea ce \u00ee\u0163i propui. Oameni care te-au sf\u0103tuit s\u0103 nu accep\u0163i o dezbatere, de\u015fi am fi putut s\u0103 ar\u0103t\u0103m rom\u00e2nilor c\u0103 \u00een PNL exist\u0103 competi\u0163ie, dou\u0103 viziuni diferite, dar \u00een final putem s\u0103 ne str\u00e2ngem m\u00e2na a\u015fa cum o vom face ast\u0103zi. (\u2026) \u015ei acum, la final, dup\u0103 ce ne spunem discursurile, aici, \u00een fa\u0163a colegilor am putea s\u0103 facem o dezbatere\u201d, a conchis Cristian Bu\u015foi.<\/p>\n<p>UPDATE 14:00 Cristian Bu\u015foi, candidat la \u015fefia PNL, a afirmat, c\u0103 ceea ce face PSD \u00een aceste zile este un circ generat de lupta de putere din interiorul partidului, fiind astfel momentul ca liberalii s\u0103 fie curajo\u015fi \u015fi s\u0103 construiasc\u0103 \u00een jurul lor o majoritate \u00een Parlament.<\/p>\n<p>UPDATE 12:30 Secretarul general al PPE, Antonio Lopez, prezent la Congresul PNL, a declarat c\u0103 actualul guvern este demn de Cartea Recordurilor \u00een materie de politic\u0103 gre\u015fit\u0103 \u015fi politicieni nereu\u015fi\u0163i.<\/p>\n<p>&#8216;Vin azi s\u0103 v\u0103 adresez un c\u0103lduros salut din partea PPE \u015fi a pre\u015fedintelui s\u0103u, Joseph Daul. Noile abord\u0103ri ale UE post-Brexit se bazeaz\u0103 pe abordarea politic\u0103 european\u0103 a Rom\u00e2niei \u015fi consider\u0103 PNL unul din cele mai importante partide de centru dreapta din Europa. La aproape trei ani de la alegerea sa, da\u0163i-mi voie s\u0103 v\u0103 felicit din nou pentru alegerea pre\u015fedintelui Klaus Iohannis \u00een func\u0163ia de \u015fef al statului. El devine o personalitate interna\u0163ional\u0103, care ap\u0103r\u0103 Rom\u00e2nia \u015fi UE \u00een politica interna\u0163ional\u0103, a\u015fa cum a demonstrat recent, \u00een timpul \u00eent\u00e2lnirii cu pre\u015fedintele Trump, la Washington&#8217;,\u00a0 a spus Antonio Lopez Isturiz White.<\/p>\n<p>UPDATE 12:25 &#8220;Ce na\u015fte din pisic\u0103, \u015foareci m\u0103n\u00e2nc\u0103 \u015fi, din nefericire, tot ce na\u015fte din PSD d\u0103uneaz\u0103 grav Rom\u00e2niei&#8221;, a declarat pre\u015fedintele interimar al PNL, Raluca Turcan, \u00eentr-o serie de critici dure la adresa PSD.<\/p>\n<p>\u201dPNL va putea guverna modern, eficient \u015fi european, cu siguran\u0163\u0103 mult mai bine dec\u00e2t orice \u00eencercare a PSD pe care o vedem \u00een ultimele zile. Din nefericire, pentru cei care au votat \u015fi au a\u015fteptat stabilitate politic\u0103, ast\u0103zi au primit un ridicol complet din partea celor din PSD. Niciunul nu este mai breaz dec\u00e2t cel\u0103lalt. Dragnea ocup\u0103 Parlamentul, Grindeanu ocup\u0103 Guvernul. Sunt fix aceea\u015fi M\u0103rie, dar cu alt\u0103 p\u0103l\u0103rie. Ce na\u015fte din pisic\u0103, \u015foareci m\u0103n\u00e2nc\u0103 \u015fi, din nefericire, tot ce na\u015fte din PSD d\u0103uneaz\u0103 grav Rom\u00e2niei\u201d, a declarat Raluca Turcan.<\/p>\n<p>Raluca Turcan i-a \u00eendemnat pe liberali, de la tribuna congresului, s\u0103 \u00eei sanc\u0163ioneze prompt pe cei de la PSD \u015fi s\u0103 nu dezam\u0103geasc\u0103 rom\u00e2nii care a\u015fteapt\u0103 ca PNL s\u0103 guverneze bine \u015fi profesionist.<\/p>\n<p>UPDATE 12:15\u00a0Liderul deputa\u0163ilor UDMR, Attila Korodi, a subliniat importan\u0163a for\u0163ei politice de dreapta \u00een Rom\u00e2nia, la Congresul PNL pentru alegerea pre\u015fedintelui partidului.<\/p>\n<p>&#8220;Rom\u00e2nia are nevoie de o for\u0163\u0103 puternic\u0103 politic\u0103 de dreapta, care \u015ftie s\u0103 reprezinte \u00een deciziile politice na\u0163ionale oamenii de dreapta. Avem nevoie de o for\u0163\u0103 politic\u0103 de dreapta puternic\u0103, care \u015ftie s\u0103 militeze pentru statul de drept, care este foarte bine definit de Consiliul Europei. Democra\u0163ia rom\u00e2neasc\u0103 are nevoie de PNL ca un partid puternic care, indiferent dac\u0103 este la guvernare sau este \u00een opozi\u0163ie, s\u0103 \u015ftie s\u0103 lupte pentru valorile europene&#8221;, a spus Attila Korodi.<\/p>\n<p>UPDATE 12:10 Pre\u015fedintele de onoare al PNL, Mircea Ionescu Quintus, a transmis s\u00e2mb\u0103t\u0103 un mesaj, cu ocazia Congresului liberalilor, \u00een care i-a \u00eendemnat s\u0103-i voteze pe \u201ecei mai vrednici \u015fi devota\u0163i\u201d membri ai partidului, astfel \u00eenc\u00e2t s\u0103 fie condus bine \u015fi s\u0103 nu uite niciodat\u0103 c\u0103 fac parte dintr-o forma\u0163iune care \u015fi-a slujit \u0163ara \u00een momentele ei de cump\u0103n\u0103.<\/p>\n<p>UPDATE 12:00 Rom\u00e2nia are nevoie de partide puternice \u00een care democra\u0163ia intern\u0103 s\u0103 fie real\u0103, \u00een care s\u0103 existe dezbatere, iar toate resursele valoroase s\u0103 fie folosite la poten\u0163ialul lor maxim, afirm\u0103 pre\u015fedintele Iohannis \u00een mesajul transmis PNL cu ocazia Congresului.<\/p>\n<p>Congresul PNL a \u00eenceput la Romexpo pu\u0163in dup\u0103 ora 11:00, \u00een prezen\u0163a a peste 5.000 de delega\u0163i, cu intonarea Imnului na\u0163ional. De la congres lipse\u015fte fostul pre\u015fedinte al PNL Crin Antonescu.<\/p>\n<p>Primul dintre liderii PNL care a ajuns a fost Ludovic Orban.<\/p>\n<p>Vor sus\u0163ine discursuri, la congresul PNL, Antonio L\u00f3pez-Ist\u00fariz White, secretar general al PPE, Lauren\u0163iu \u015etefan, consilier preziden\u0163ial, Attila Korodi, liderul grupului UDMR din Camera Deputa\u0163ilor \u015fi pre\u015fedintele interimar al PNL, Raluca Turcan. De asemenea, va fi citit un mesaj al pre\u015fedintelui de onoare al partidului, Mircea Ionescu Quintus.<\/p>\n<p>Principalul punct pe ordinea de zi a reuniunii va fi alegerea noului pre\u015fedinte al partidului, dup\u0103 ce ultimul \u015fef al liberalilor ales de congres a fost Klaus Iohannis, \u00een iunie 2014.<\/p>\n<p>Delega\u0163ii vor avea de ales \u00eentre doi vechi liberali pentru pre\u015fedin\u0163ia partidului: Ludovic Orban \u015fi Cristian Bu\u015foi. Fostul democrat-liberal C\u0103t\u0103lin Predoiu, primul care \u015fi-a anun\u0163at candidatura la \u015fefia PNL, s-a retras din curs\u0103 invoc\u00e2nd jocuri de culise din partid \u00eenainte ca pretenden\u0163ii la postul de pre\u015fedinte s\u0103 anun\u0163e programele cu care candideaz\u0103. Un alt candidat, Viorel Cataram\u0103, a fost eliminat la r\u00e2ndul s\u0103u din competi\u0163ie pentru c\u0103 nu a reu\u015fit s\u0103 ob\u0163in\u0103 sprijin pentru candidatura sa din partea a cel pu\u0163in 10 organiza\u0163ii jude\u0163ene, a\u015fa cum prevede Statutul PNL.\u00a0<\/p>\n<p>Primul care \u00ee\u015fi va prezenta mo\u0163iunea cu care candideaz\u0103 la \u015fefia partidului va fi Cristian Bu\u015foi.<\/p>\n<p>Candida\u0163ii la \u015fefia PNL au avut de trecut o serie de etape eliminatorii preliminare intr\u0103rii \u00een cursa pentru func\u0163ia suprem\u0103 \u00een partid. Mai \u00eent\u00e2i, pentru a putea depune mo\u0163iunea de candidatur\u0103, care con\u0163ine viziunea despre partid celui care vrea s\u0103 fie pre\u015fedinte, doritorii au trebuit s\u0103 str\u00e2ng\u0103 minimum 35 de semn\u0103turi din partea membrilor de partid. Apoi, dup\u0103 depunere, pentru a putea fi prezentat\u0103 \u00een congres, fiecare mo\u0163iune a trebuit validat\u0103 de cel pu\u0163in zece organiza\u0163ii jude\u0163ene ale partidului.<br \/>\n\u00cen urma votului din filiale, Ludovic Orban a capitalizat cea mai mare sus\u0163inere, at\u00e2t ca num\u0103r de voturi, c\u00e2t \u015fi ca greutate \u00een partid a celor care fac parte din echipa sa.<\/p>\n<p>Mo\u0163iunea depus\u0103 de Ludovic Orban, \u00een baza c\u0103reia a intrat \u00een competi\u0163ia intern\u0103 pentru pre\u015fedin\u0163ia PNL, este intitulat\u0103 \u201dPartidul Na\u0163ional Liberal, For\u0163a Dreptei\u201d \u015fi are ca obiective c\u00e2\u015ftigarea alegerilor preziden\u0163iale, a alegerilor locale \u015fi parlamentare, precum \u015fi formarea Guvernului de c\u0103tre PNL.<\/p>\n<p>Documentul prevede \u015fi c\u0103 unul dintre obiectivele principale ale viitoarei conduceri va fi des\u0103v\u00e2r\u015firea fuziunii \u00eentre PDL \u015fi vechiul PNL, care, pentru a deveni realitate, trebuie s\u0103 fac\u0103 \u201ds\u0103 dispar\u0103 etichetarea \u015fi discriminarea\u201d \u00eentre membrii partidului.<\/p>\n<p>Ludovic Orban \u00ee\u015fi propune instituirea \u201dunei reale democra\u0163ii\u201d \u00een partid prin \u201dradierea\u201d delictului de opinie, respectarea \u201dcu stricte\u0163e\u201d a institu\u0163iei votului secret \u015fi eliminarea \u201dinterimatelor prelungi\u201d numite de c\u0103tre conducerea central\u0103.<\/p>\n<p>La r\u00e2ndul s\u0103u, mo\u0163iunea cu care Cristian Bu\u015foi candideaz\u0103 la pre\u015fedin\u0163ia PNL, intitulat\u0103 \u201dPNL &#8211; Partidul viitorului. Pentru o Rom\u00e2nie dreapt\u0103, echilibrat\u0103 \u015fi puternic\u0103\u201d, propune membrilor partidului s\u0103-\u015fi asume liberalismul civic ca ideologie \u015fi s\u0103 contruiasc\u0103 o Rom\u00e2nia care s\u0103 fie cel mai pro-european stat de la grani\u0163a de est a Uniunii Europene.<\/p>\n<p>El \u00ee\u015fi propune s\u0103 atrag\u0103 c\u0103tre PNL oamenii de afaceri, angaja\u0163ii din mediul privat, persoanele implicate \u00een mediul ONG-urilor, tinerii conecta\u0163i la re\u0163elele sociale, ace\u015ftia fiind cei care au stopat proiectul Ro\u015fia Montan\u0103, au blocat alegerea lui Victor Ponta ca pre\u015fedinte al Rom\u00e2niei \u00een 2014 \u015fi au blocat OUG 13 \u00een 2017.<\/p>\n<p>\u00cen domeniul economic, Cristian Bu\u015foi sus\u0163ine reducerea rolului statului \u00een economie, p\u0103strarea cotei unice \u015fi taxare zero pentru \u00eenfiin\u0163area de firme \u015fi contribu\u0163ii sociale zero pentru locurile de munc\u0103 nou create. \u00cen plan politic, pre\u015fedintele PNL Bucure\u015fti estimeaz\u0103 c\u0103 bazinul electoral al PNL este de circa 45%, \u00eens\u0103 acesta s-a \u00eendep\u0103rtat de partid \u00een ultimii ani.<\/p>\n<p>La congresul de s\u00e2mb\u0103t\u0103, pe l\u00e2ng\u0103 liderul partidului, vor fi ale\u015fi \u015fi pre\u015fedintele Cur\u0163ii de Arbitraj \u015fi cel al Comisiei Na\u0163ionale de Revizie \u015fi Cenzori.<\/p>\n<p>Congresul va fi urmat duminic\u0103 de \u015fedin\u0163a Consiliului Na\u0163ional care va alege echipa central\u0103 a conducerii PNL, Biroul Executiv. Acesta cuprinde patru prim-vicepre\u015fedin\u0163i, 16 vicepre\u015fedin\u0163i \u015fi 16 membri, care urmeaz\u0103 s\u0103 fie ale\u015fi duminic\u0103, 18 iunie, \u00een cadrul Consiliului Na\u0163ional.<\/p>\n<p>Nu mai pu\u0163in de 108 membri ai PNL \u015fi-au depus candidaturile pentru aceste func\u0163ii, 8 candid\u00e2nd pentru cele 4 func\u0163ii de prim-vicepre\u015fedinte, 51 pentru cele 16 func\u0163ii de vicepre\u015fedinte \u015fi 49 pentru celelalte 16 func\u0163ii de membru simplu.<\/p>\n<p>Pentru func\u0163ia de trezorier s-a \u00eenscris un singur candidat, Antonel T\u0103nase, considerat un apropiat al lui Ludovic Orban.<\/p>\n<p>\u00cen ceea ce prive\u015fte secretarul general, acesta urmeaz\u0103 s\u0103 fie ales tot pe 18 iunie \u00een cadrul Consiliului Na\u0163ional, dar el va fi propus de noul pre\u015fedinte PNL care va fi ales s\u00e2mb\u0103t\u0103 de congres.<\/p>\n<p>Printre cei 8 candida\u0163i la func\u0163iile de prim-vicepre\u015fedinte se num\u0103r\u0103 Ilie Bolojan, care candideaz\u0103 \u00eempotriva lui Viorel Cataram\u0103 pentru func\u0163ia de prim-vicepre\u015fedinte pe strategii politice; Raluca Turcan, care candideaz\u0103 \u00eempotriva lui Alin Ti\u015fe pentru func\u0163ia de prim-vicepre\u015fedinte pe comunicare; Iulian Dumitrescu \u015fi Nicolae Robu candideaz\u0103 pentru func\u0163ia de prim-vicepre\u015fedinte pentru mediul de afaceri \u015fi societate civil\u0103, iar Mircea Hava \u015fi Mugur Cozmanciuc candideaz\u0103 pentru func\u0163ia de prim-vicepre\u015fedinte pentru rela\u0163ii interna\u0163ionale.<\/p>\n<p>Congresul de s\u00e2mb\u0103t\u0103 este prima reuniune a acestui for de la \u00eencheierea fuziunii dintre PNL \u015fi PDL.<\/p>\n<p>Sursa: News.ro, Agerpres\n<\/p><\/div>\n<p> Source URL: https:\/\/observatornews.ro\/politic\/pnl-isi-alege-presedintele-cristian-busoi-si-ludovic-orban-se-lupta-pentru-sefia-partidului-213612.html<\/p>\n","protected":false},"excerpt":{"rendered":"<p>Congresul PNL, la care va fi ales noul pre\u015fedinte al forma\u0163iunii, a \u00eenceput, \u00een prezen\u0163a a peste 5.000 de delega\u0163i. Este primul congres al forma\u0163iunii dup\u0103 fuziunea cu PDL \u015fi dup\u0103 trei ani \u00een care liberalii nu au mai avut o astfel de reuniune, de\u015fi \u00een acest timp au schimbat trei pre\u015fedin\u0163i. \u015eefia PNL este [&hellip;]<\/p>\n","protected":false},"author":1,"featured_media":360064,"comment_status":"open","ping_status":"","sticky":false,"template":"","format":"standard","meta":{"footnotes":""},"categories":[2],"tags":[30],"class_list":["post-360063","post","type-post","status-publish","format-standard","has-post-thumbnail","hentry","category-politics","tag-observatornews-ro"],"_links":{"self":[{"href":"https:\/\/analyse.optim.biz\/index.php?rest_route=\/wp\/v2\/posts\/360063","targetHints":{"allow":["GET"]}}],"collection":[{"href":"https:\/\/analyse.optim.biz\/index.php?rest_route=\/wp\/v2\/posts"}],"about":[{"href":"https:\/\/analyse.optim.biz\/index.php?rest_route=\/wp\/v2\/types\/post"}],"author":[{"embeddable":true,"href":"https:\/\/analyse.optim.biz\/index.php?rest_route=\/wp\/v2\/users\/1"}],"replies":[{"embeddable":true,"href":"https:\/\/analyse.optim.biz\/index.php?rest_route=%2Fwp%2Fv2%2Fcomments&post=360063"}],"version-history":[{"count":0,"href":"https:\/\/analyse.optim.biz\/index.php?rest_route=\/wp\/v2\/posts\/360063\/revisions"}],"wp:featuredmedia":[{"embeddable":true,"href":"https:\/\/analyse.optim.biz\/index.php?rest_route=\/wp\/v2\/media\/360064"}],"wp:attachment":[{"href":"https:\/\/analyse.optim.biz\/index.php?rest_route=%2Fwp%2Fv2%2Fmedia&parent=360063"}],"wp:term":[{"taxonomy":"category","embeddable":true,"href":"https:\/\/analyse.optim.biz\/index.php?rest_route=%2Fwp%2Fv2%2Fcategories&post=360063"},{"taxonomy":"post_tag","embeddable":true,"href":"https:\/\/analyse.optim.biz\/index.php?rest_route=%2Fwp%2Fv2%2Ftags&post=360063"}],"curies":[{"name":"wp","href":"https:\/\/api.w.org\/{rel}","templated":true}]}}