{"id":359916,"date":"2017-06-17T20:34:00","date_gmt":"2017-06-17T17:34:00","guid":{"rendered":"https:\/\/analyse.optim.biz\/?p=359916"},"modified":"2017-06-17T20:34:00","modified_gmt":"2017-06-17T17:34:00","slug":"rasturnare-de-situatie-in-usr-se-intoarce-nicusor-dan","status":"publish","type":"post","link":"https:\/\/analyse.optim.biz\/?p=359916","title":{"rendered":"R\u0103sturnare de situa\u021bie \u00een USR. Se \u00eentoarce Nicu\u0219or Dan?"},"content":{"rendered":"<div class=\"description\" data-key=\"description\">Purt\u0103torul de cuv\u00e2nt al USR, Dan Barna, a anun\u0163at, s\u00e2mb\u0103t\u0103 seara, c\u0103 liderii Uniunii Salva\u0163i Rom\u00e2nia, convoca\u0163i \u00een Comitetul Politic Na\u0163ional, au decis, dup\u0103 dezbateri \u201efoarte consistente \u015fi contondente\u201d, s\u0103 sus\u0163in\u0103 parteneriatul civil, precum \u015fi libertatea de opinie a membrilor fa\u0163\u0103 de ini\u0163iativa de modificare a Constitu\u0163iei pe tema familiei.<\/div>\n<div class=\"articleBody\" data-key=\"articleBody\">Purt\u0103torul de cuv\u00e2nt al USR, Dan Barna, a anun\u0163at, s\u00e2mb\u0103t\u0103 seara, c\u0103 liderii Uniunii Salva\u0163i Rom\u00e2nia, convoca\u0163i \u00een Comitetul Politic Na\u0163ional, au decis, dup\u0103 dezbateri \u201efoarte consistente \u015fi contondente\u201d, s\u0103 sus\u0163in\u0103 parteneriatul civil, precum \u015fi libertatea de opinie a membrilor fa\u0163\u0103 de ini\u0163iativa de modificare a Constitu\u0163iei pe tema familiei.<\/p>\n<p>\u201eAst\u0103zi (s\u00e2mb\u0103t\u0103 \u2013 n.r.) a avut loc Comitetul Politic Na\u0163ional al USR convocat ca urmare a decizie Biroului National de pozi\u0163ionare \u00eempotriva mofic\u0103rii art 48 din Constitu\u0163ie \u015fi a demisiei subsecvente a pre\u015fedintelui partidului Nicu\u015for Dan. Dup\u0103 dezbateri foarte consistente \u015fi contondente de peste 7 ore CPN a decis s\u0103 asume la r\u00e2ndul s\u0103u ast\u0103zi o decizie de sus\u0163inere a parteneriatul civil. (Vot: 77 la 1, 7 ab\u0163ineri) dar \u015fi una de p\u0103strare a libert\u0103\u0163ii de opinie a membrilor s\u0103i fa\u0163\u0103 de ini\u0163iativa de modificare a Constitu\u0163iei. ( Vot: 56 la 33, cu 4 ab\u0163ineri)\u201d, a scris deputatul USR, pe Facebook.<\/p>\n<p>\u00cen ceea ce prive\u015fte situa\u0163ia lui Nicu\u015for Dan, Dan Barna a spus c\u0103 acesta a afirmat c\u0103 \u201edecizia unei eventuale reveniri \u00een partid o va lua dup\u0103 rezultatele referendumului intern programat \u00een prima parte a lunii august pentru a se avea \u00een vedere pozi\u0163ia membrilor partidului\u201d.<\/p>\n<p>Sursa: News.ro\n<\/p><\/div>\n<p> Source URL: https:\/\/observatornews.ro\/politic\/rasturnare-de-situatie-in-usr-se-intoarce-nicusor-dan-213701.html<\/p>\n","protected":false},"excerpt":{"rendered":"<p>Purt\u0103torul de cuv\u00e2nt al USR, Dan Barna, a anun\u0163at, s\u00e2mb\u0103t\u0103 seara, c\u0103 liderii Uniunii Salva\u0163i Rom\u00e2nia, convoca\u0163i \u00een Comitetul Politic Na\u0163ional, au decis, dup\u0103 dezbateri \u201efoarte consistente \u015fi contondente\u201d, s\u0103 sus\u0163in\u0103 parteneriatul civil, precum \u015fi libertatea de opinie a membrilor fa\u0163\u0103 de ini\u0163iativa de modificare a Constitu\u0163iei pe tema familiei. Purt\u0103torul de cuv\u00e2nt al USR, [&hellip;]<\/p>\n","protected":false},"author":1,"featured_media":359917,"comment_status":"open","ping_status":"","sticky":false,"template":"","format":"standard","meta":{"footnotes":""},"categories":[2],"tags":[30],"class_list":["post-359916","post","type-post","status-publish","format-standard","has-post-thumbnail","hentry","category-politics","tag-observatornews-ro"],"_links":{"self":[{"href":"https:\/\/analyse.optim.biz\/index.php?rest_route=\/wp\/v2\/posts\/359916","targetHints":{"allow":["GET"]}}],"collection":[{"href":"https:\/\/analyse.optim.biz\/index.php?rest_route=\/wp\/v2\/posts"}],"about":[{"href":"https:\/\/analyse.optim.biz\/index.php?rest_route=\/wp\/v2\/types\/post"}],"author":[{"embeddable":true,"href":"https:\/\/analyse.optim.biz\/index.php?rest_route=\/wp\/v2\/users\/1"}],"replies":[{"embeddable":true,"href":"https:\/\/analyse.optim.biz\/index.php?rest_route=%2Fwp%2Fv2%2Fcomments&post=359916"}],"version-history":[{"count":0,"href":"https:\/\/analyse.optim.biz\/index.php?rest_route=\/wp\/v2\/posts\/359916\/revisions"}],"wp:featuredmedia":[{"embeddable":true,"href":"https:\/\/analyse.optim.biz\/index.php?rest_route=\/wp\/v2\/media\/359917"}],"wp:attachment":[{"href":"https:\/\/analyse.optim.biz\/index.php?rest_route=%2Fwp%2Fv2%2Fmedia&parent=359916"}],"wp:term":[{"taxonomy":"category","embeddable":true,"href":"https:\/\/analyse.optim.biz\/index.php?rest_route=%2Fwp%2Fv2%2Fcategories&post=359916"},{"taxonomy":"post_tag","embeddable":true,"href":"https:\/\/analyse.optim.biz\/index.php?rest_route=%2Fwp%2Fv2%2Ftags&post=359916"}],"curies":[{"name":"wp","href":"https:\/\/api.w.org\/{rel}","templated":true}]}}