{"id":359914,"date":"2017-06-18T05:14:00","date_gmt":"2017-06-18T02:14:00","guid":{"rendered":"https:\/\/analyse.optim.biz\/?p=359914"},"modified":"2017-06-18T05:14:00","modified_gmt":"2017-06-18T02:14:00","slug":"zi-decisiva-in-parlamentul-romaniei-partidele-politice-chemate-in-plen-pentru-motiunea-anti-grindeanu-cine-spune-pas","status":"publish","type":"post","link":"https:\/\/analyse.optim.biz\/?p=359914","title":{"rendered":"Zi decisiv\u0103 \u00een Parlamentul Rom\u00e2niei! Partidele politice, chemate \u00een plen pentru mo\u0163iunea anti-Grindeanu. Cine spune PAS"},"content":{"rendered":"<div class=\"description\" data-key=\"description\">Parlamentarii PSD \u015fi ALDE sunt convoca\u0163i duminic\u0103 dup\u0103-amiaz\u0103 pentru semnarea, depunerea \u015fi citirea mo\u0163iunii de cenzur\u0103 \u00eempotriva Guvernului Grindeanu.<\/div>\n<div class=\"articleBody\" data-key=\"articleBody\">Parlamentarii PSD \u015fi ALDE sunt convoca\u0163i duminic\u0103 dup\u0103-amiaz\u0103 pentru semnarea, depunerea \u015fi citirea mo\u0163iunii de cenzur\u0103 \u00eempotriva Guvernului Grindeanu.<\/p>\n<p>Pentru depunerea mo\u0163iunii este nevoie de 116 semn\u0103turi, \u00eentruc\u00e2t, conform Constitu\u0163iei, mo\u0163iunea de cenzur\u0103 poate fi ini\u0163iat\u0103 de o p\u0103trime din num\u0103rul total al senatorilor \u015fi deputa\u0163ilor.<\/p>\n<p>\u00cen Parlamentul Rom\u00e2niei sunt 464 de parlamentari, iar pentru a trece o mo\u0163iune de cenzur\u0103 este nevoie ca aceasta s\u0103 \u00eentruneasc\u0103 233 de voturi pentru.<\/p>\n<p>Potrivit site-urilor Camerei Deputa\u0163ilor \u015fi Senatului, \u00een ambele Camere PSD are 221 de parlamentari, iar ALDE 26 de parlamentari, \u00een total 247 de ale\u015fi care fac parte din coali\u0163ia de guvernare.<\/p>\n<p>\u00cen ceea ce prive\u015fte partidele din afara arcului guvernamental, PNL num\u0103r\u0103 98 de parlamentari, USR &#8211; 43, UDMR &#8211; 30, PMP &#8211; 26, minorit\u0103\u0163ile -17, iar 3 parlamentari sunt neafilia\u0163i.<\/p>\n<p>Referitor la calendarul zilei de duminic\u0103, liderul senatorilor PSD, Mihai Fifor, a anun\u0163at \u015fedin\u0163e ale grupurilor parlamentare social-democrate \u015fi ALDE, de la 16,00, \u015fedin\u0163a Birourilor permanente reunite, iar de la 16,30, \u015fedin\u0163a de plen reunit \u00een care va fi citit\u0103 mo\u0163iunea de cenzur\u0103.<\/p>\n<p>Liderul PMP, Traian B\u0103sescu, a sus\u0163inut, s\u00e2mb\u0103t\u0103, c\u0103 &#8220;sub cupola Parlamentului a fost transferat\u0103 lupta pentru putere \u015fi influen\u0163\u0103 a clanurilor din PSD&#8221;, ad\u0103ug\u00e2nd c\u0103, la o astfel de disput\u0103 intern\u0103, niciun alt partid parlamentar nu ar trebui s\u0103 se afle \u00een sal\u0103.<\/p>\n<p>&#8220;La o astfel de disput\u0103 intern\u0103, niciun alt partid parlamentar nu ar trebui s\u0103 se afle \u00een sal\u0103. Doar a\u015fa PSD ar putea \u00een\u0163elege \u00een ce situa\u0163ie ridicol\u0103 s-a pus singur&#8221;, a scris B\u0103sescu, s\u00e2mb\u0103t\u0103, pe pagina sa de Facebook.<\/p>\n<p>Pre\u015fedintele PNL, Ludovic Orban, a anun\u0163at c\u0103 liberalii nu vor participa duminic\u0103 la \u015fedin\u0163a Birourilor permanente reunite \u015fi nici la \u015fedin\u0163a Parlamentului \u00een care va fi citit\u0103 mo\u0163iunea de cenzur\u0103 ini\u0163iat\u0103 de PSD.<\/p>\n<p>&#8216;Duminica este zi de odihn\u0103 de la Dumnezeu. (&#8230;) Nu vom participa. Noi avem \u00een cursul zilei de m\u00e2ine etapa a doua a alegerii conducerii na\u0163ionale, alegerea Biroului Politic. Dup\u0103 alegerea Biroului Politic, voi convoca Biroul Politic luni pentru a hot\u0103r\u00ee care este pozi\u0163ia oficial\u0103 a PNL fa\u0163\u0103 de grava criz\u0103 \u00een care se afl\u0103 Rom\u00e2nia datorit\u0103 majorit\u0103\u0163ii parlamentare&#8217;, a declarat Orban, dup\u0103 Congresul PNL.<\/p>\n<p>De asemenea, parlamentarii UDMR nu vor participa la \u015fedin\u0163a Parlamentului \u00een care va fi citit\u0103 mo\u0163iunea, a anun\u0163at liderul Uniunii, Kelemen Hunor.<\/p>\n<p>&#8220;Noi vom lua o decizie legat\u0103 de mo\u0163iunea de cenzur\u0103 nu azi, nu m\u00e2ine, nu poim\u00e2ine. Vom lua o decizie probabil miercuri, \u00eenainte de vot, la \u015fedin\u0163a comun\u0103 a grupurilor reunite. (&#8230;) Colegii no\u015ftri nu vor fi m\u00e2ine la Bucure\u015fti, dac\u0103 va fi convocat Parlamentul, fiindc\u0103 nu se poate ajunge \u00een Bucure\u015fti. \u015ei f\u0103r\u0103 noi se poate citi, se poate semna, se poate \u00eenainta o mo\u0163iune de cenzur\u0103&#8221;, a declarat Kelemen, la Cluj.<\/p>\n<p>PACT a f\u0103cut un apel la partidele din opozi\u0163ie &#8211; PNL, USR, PMP &#8211; \u015fi la reprezentan\u0163ii UDMR \u015fi ai minorit\u0103\u0163ilor na\u0163ionale s\u0103 boicoteze &#8220;ru\u015finoasa mo\u0163iune de cenzur\u0103 a PSD \u00eempotriva propriului Guvern&#8221;, fie prin ab\u0163inere, fie prin neprezentare.<\/p>\n<p>Conform art.113, alin. 3 din Constitu\u0163ie, mo\u0163iunea de cenzur\u0103 se dezbate dup\u0103 3 zile de la data c\u00e2nd a fost prezentat\u0103 \u00een \u015fedin\u0163a comun\u0103 a celor dou\u0103 Camere.<\/p>\n<p>Sursa: Agerpres\n<\/p><\/div>\n<p> Source URL: https:\/\/observatornews.ro\/politic\/zi-decisiva-in-parlamentul-romaniei-partidele-politice-chemate-in-plen-pentru-motiunea-antigrindeanu-cine-spune-pas-213707.html<\/p>\n","protected":false},"excerpt":{"rendered":"<p>Parlamentarii PSD \u015fi ALDE sunt convoca\u0163i duminic\u0103 dup\u0103-amiaz\u0103 pentru semnarea, depunerea \u015fi citirea mo\u0163iunii de cenzur\u0103 \u00eempotriva Guvernului Grindeanu. Parlamentarii PSD \u015fi ALDE sunt convoca\u0163i duminic\u0103 dup\u0103-amiaz\u0103 pentru semnarea, depunerea \u015fi citirea mo\u0163iunii de cenzur\u0103 \u00eempotriva Guvernului Grindeanu. Pentru depunerea mo\u0163iunii este nevoie de 116 semn\u0103turi, \u00eentruc\u00e2t, conform Constitu\u0163iei, mo\u0163iunea de cenzur\u0103 poate fi ini\u0163iat\u0103 [&hellip;]<\/p>\n","protected":false},"author":1,"featured_media":359915,"comment_status":"open","ping_status":"","sticky":false,"template":"","format":"standard","meta":{"footnotes":""},"categories":[2],"tags":[30],"class_list":["post-359914","post","type-post","status-publish","format-standard","has-post-thumbnail","hentry","category-politics","tag-observatornews-ro"],"_links":{"self":[{"href":"https:\/\/analyse.optim.biz\/index.php?rest_route=\/wp\/v2\/posts\/359914","targetHints":{"allow":["GET"]}}],"collection":[{"href":"https:\/\/analyse.optim.biz\/index.php?rest_route=\/wp\/v2\/posts"}],"about":[{"href":"https:\/\/analyse.optim.biz\/index.php?rest_route=\/wp\/v2\/types\/post"}],"author":[{"embeddable":true,"href":"https:\/\/analyse.optim.biz\/index.php?rest_route=\/wp\/v2\/users\/1"}],"replies":[{"embeddable":true,"href":"https:\/\/analyse.optim.biz\/index.php?rest_route=%2Fwp%2Fv2%2Fcomments&post=359914"}],"version-history":[{"count":0,"href":"https:\/\/analyse.optim.biz\/index.php?rest_route=\/wp\/v2\/posts\/359914\/revisions"}],"wp:featuredmedia":[{"embeddable":true,"href":"https:\/\/analyse.optim.biz\/index.php?rest_route=\/wp\/v2\/media\/359915"}],"wp:attachment":[{"href":"https:\/\/analyse.optim.biz\/index.php?rest_route=%2Fwp%2Fv2%2Fmedia&parent=359914"}],"wp:term":[{"taxonomy":"category","embeddable":true,"href":"https:\/\/analyse.optim.biz\/index.php?rest_route=%2Fwp%2Fv2%2Fcategories&post=359914"},{"taxonomy":"post_tag","embeddable":true,"href":"https:\/\/analyse.optim.biz\/index.php?rest_route=%2Fwp%2Fv2%2Ftags&post=359914"}],"curies":[{"name":"wp","href":"https:\/\/api.w.org\/{rel}","templated":true}]}}