{"id":359864,"date":"2017-06-18T12:08:00","date_gmt":"2017-06-18T09:08:00","guid":{"rendered":"https:\/\/analyse.optim.biz\/?p=359864"},"modified":"2017-06-18T12:08:00","modified_gmt":"2017-06-18T09:08:00","slug":"daniel-constantin-despre-motiunea-de-cenzura-daca-nu-trece-toate-optiunile-sunt-deschise-inclusiv-schimbarea-presedintilor-camerelor","status":"publish","type":"post","link":"https:\/\/analyse.optim.biz\/?p=359864","title":{"rendered":"Daniel Constantin, despre mo\u0163iunea de cenzur\u0103: &#8220;Dac\u0103 nu trece, toate op\u0163iunile sunt deschise, inclusiv schimbarea pre\u015fedin\u0163ilor Camerelor&#8221;"},"content":{"rendered":"<div class=\"description\" data-key=\"description\">Fostul copre\u015fedintele ALDE Daniel Constantin, care duminic\u0103 a avut o \u00eent\u00e2lnire cu premierul Sorin Grindeanu, a declarat, \u00eentr-o emisiune la Digi 24, c\u0103, dac\u0103 mo\u0163iunea de cenzur\u0103 nu trece de votul Parlamentului, se poate discuta inclusiv schimbarea pre\u015fedin\u0163ilor Camerelor, Liviu Dragnea \u015fi C\u0103lin Popescu T\u0103riceanu.<\/div>\n<div class=\"articleBody\" data-key=\"articleBody\">Fostul copre\u015fedintele ALDE Daniel Constantin, care duminic\u0103 a avut o \u00eent\u00e2lnire cu premierul Sorin Grindeanu, a declarat, \u00eentr-o emisiune la Digi 24, c\u0103, dac\u0103 mo\u0163iunea de cenzur\u0103 nu trece de votul Parlamentului, se poate discuta inclusiv schimbarea pre\u015fedin\u0163ilor Camerelor, Liviu Dragnea \u015fi C\u0103lin Popescu T\u0103riceanu.<\/p>\n<p>\u201dDac\u0103 miercuri se va \u00eent\u00e2mpla ceea ce cred c\u0103 se va \u00eent\u00e2mpla \u015fi mo\u0163iunea nu trece, \u00een aceste condi\u0163ii toate op\u0163iunile sunt deschise, inclusiv schimbarea pre\u015fedin\u0163ilor celor dou\u0103 Camere. Eu cred c\u0103 va fi un act firesc \u015fi eu m\u0103 a\u015ftept la o asumare personal\u0103\u201d, a afirmat Daniel Constantin.<\/p>\n<p>\u00centrebat dac\u0103 s-ar putea reg\u0103si \u00eentr-o func\u0163ie \u00een Guvern, Constantin a r\u0103spuns: \u201dNu \u0163in la func\u0163ii, cred c\u0103 sunt foarte util \u015fi acolo unde sunt, \u00een Parlament. Voi sus\u0163ine Guvernul\u201d.<\/p>\n<p>El \u015fi-a exprimat convingerea c\u0103 mo\u0163iunea de cenzur\u0103 ini\u0163iat\u0103 de PSD-ALDE nu va trece.<\/p>\n<p>\u201dPe or\u0103 ce trece, singuri parlamentarii se conving c\u0103 ceea cce \u00eei pun cei de la partid s\u0103 fac\u0103 nu este \u00een regul\u0103. Nu am stat pe telefoane, cel pu\u0163in eu personal, s\u0103 conving pe unul \u015fi pe altul, am primit \u00een schimb foarte multe telefoane\u00a0de la oameni care nu mai vor s\u0103 fac\u0103 o astfel de politic\u0103, s\u0103 se uite \u00een orb la ce spune liderul de partid\u201d, a sus\u0163inut Constantin.<\/p>\n<p>\u00centrebat c\u00e2\u0163i parlamentari PSD-ALDE nu vor vota mo\u0163iunea, el nu a dat un num\u0103r exact.<\/p>\n<p>\u201eDac\u0103 oamenii vor \u00een\u0163elege momentul cheie pe care \u00eel traverseaz\u0103 Rom\u00e2nia, pot s\u0103 v\u0103 spun c\u0103 am certitudinea c\u0103 nu va trece aceast\u0103 mo\u0163iune de cenzur\u0103. \u00cen momentul de fa\u0163\u0103 sunt mult mai mul\u0163i dec\u00e2t cei 13 sau 14 de care este necesar care nu voteaz\u0103 mo\u0163iunea. Nu \u015ftiu care va fi atitudinea, dar \u015ftiu c\u0103 dezavueaz\u0103 acest mod de a face politic\u0103 pe care \u00eel propag\u0103 domnul Dragnea \u015fi domnul T\u0103riceanu\u201d, a declarat Daniel Constantin.<\/p>\n<p>El a mai spus c\u0103 nu a vorbit personal cu cei de la UDMR \u015fi nu a precizat care au fost concluziile discu\u0163iilor cu liderii Uniunii.<\/p>\n<p>Surs\u0103: news.ro\n<\/p><\/div>\n<p> Source URL: https:\/\/observatornews.ro\/politic\/daniel-constantin-despre-motiunea-de-cenzura-daca-nu-trece-toate-optiunile-sunt-deschise-inclusiv-schimbarea-presedintilor-camerelor-213742.html<\/p>\n","protected":false},"excerpt":{"rendered":"<p>Fostul copre\u015fedintele ALDE Daniel Constantin, care duminic\u0103 a avut o \u00eent\u00e2lnire cu premierul Sorin Grindeanu, a declarat, \u00eentr-o emisiune la Digi 24, c\u0103, dac\u0103 mo\u0163iunea de cenzur\u0103 nu trece de votul Parlamentului, se poate discuta inclusiv schimbarea pre\u015fedin\u0163ilor Camerelor, Liviu Dragnea \u015fi C\u0103lin Popescu T\u0103riceanu. Fostul copre\u015fedintele ALDE Daniel Constantin, care duminic\u0103 a avut o [&hellip;]<\/p>\n","protected":false},"author":1,"featured_media":359865,"comment_status":"open","ping_status":"","sticky":false,"template":"","format":"standard","meta":{"footnotes":""},"categories":[2],"tags":[30],"class_list":["post-359864","post","type-post","status-publish","format-standard","has-post-thumbnail","hentry","category-politics","tag-observatornews-ro"],"_links":{"self":[{"href":"https:\/\/analyse.optim.biz\/index.php?rest_route=\/wp\/v2\/posts\/359864","targetHints":{"allow":["GET"]}}],"collection":[{"href":"https:\/\/analyse.optim.biz\/index.php?rest_route=\/wp\/v2\/posts"}],"about":[{"href":"https:\/\/analyse.optim.biz\/index.php?rest_route=\/wp\/v2\/types\/post"}],"author":[{"embeddable":true,"href":"https:\/\/analyse.optim.biz\/index.php?rest_route=\/wp\/v2\/users\/1"}],"replies":[{"embeddable":true,"href":"https:\/\/analyse.optim.biz\/index.php?rest_route=%2Fwp%2Fv2%2Fcomments&post=359864"}],"version-history":[{"count":0,"href":"https:\/\/analyse.optim.biz\/index.php?rest_route=\/wp\/v2\/posts\/359864\/revisions"}],"wp:featuredmedia":[{"embeddable":true,"href":"https:\/\/analyse.optim.biz\/index.php?rest_route=\/wp\/v2\/media\/359865"}],"wp:attachment":[{"href":"https:\/\/analyse.optim.biz\/index.php?rest_route=%2Fwp%2Fv2%2Fmedia&parent=359864"}],"wp:term":[{"taxonomy":"category","embeddable":true,"href":"https:\/\/analyse.optim.biz\/index.php?rest_route=%2Fwp%2Fv2%2Fcategories&post=359864"},{"taxonomy":"post_tag","embeddable":true,"href":"https:\/\/analyse.optim.biz\/index.php?rest_route=%2Fwp%2Fv2%2Ftags&post=359864"}],"curies":[{"name":"wp","href":"https:\/\/api.w.org\/{rel}","templated":true}]}}