{"id":359823,"date":"2017-06-18T12:28:00","date_gmt":"2017-06-18T09:28:00","guid":{"rendered":"https:\/\/analyse.optim.biz\/?p=359823"},"modified":"2017-06-18T12:28:00","modified_gmt":"2017-06-18T09:28:00","slug":"seful-psd-dolj-face-acuzatii-grave-la-adresa-lui-sorin-grindeanu-este-de-neconceput-sa-incerce-sa-fure-guvernarea-nu-stiu-daca-eventual-si-partidul","status":"publish","type":"post","link":"https:\/\/analyse.optim.biz\/?p=359823","title":{"rendered":"\u015eeful PSD Dolj face acuza\u0163ii GRAVE la adresa lui Sorin Grindeanu: &#8220;Este de neconceput s\u0103 \u00eencerce s\u0103 fure guvernarea nu \u015ftiu dac\u0103, eventual, \u015fi partidul&#8221;"},"content":{"rendered":"<div class=\"description\" data-key=\"description\">Pre\u015fedintele organiza\u0163iei jude\u0163ene Dolj a PSD, Claudiu Manda, vicepre\u015fedinte al Senatului, a declarat, duminic\u0103 la Craiova, c\u0103 premierul Sorin Grindeanu avea un plan de a fura guvernarea PSD, el sus\u0163in\u00e2nd c\u0103 premierul nu mai face parte din echipa PSD de mai mult timp, fiind \u00eentr-o alian\u0163\u0103 cu Victor Ponta, dar \u015fi cu alte persoane pentru a prelua guvernarea.<\/div>\n<div class=\"articleBody\" data-key=\"articleBody\">Pre\u015fedintele organiza\u0163iei jude\u0163ene Dolj a PSD, Claudiu Manda, vicepre\u015fedinte al Senatului, a declarat, duminic\u0103 la Craiova, c\u0103 premierul Sorin Grindeanu avea un plan de a fura guvernarea PSD, el sus\u0163in\u00e2nd c\u0103 premierul nu mai face parte din echipa PSD de mai mult timp, fiind \u00eentr-o alian\u0163\u0103 cu Victor Ponta, dar \u015fi cu alte persoane pentru a prelua guvernarea.<\/p>\n<p>&#8220;Este de neconceput ca domnul Grindeanu s\u0103 se alieze cu domnul Victor Ponta \u015fi s\u0103 \u00eencerce s\u0103 fure guvernarea nu \u015ftiu dac\u0103, eventual, \u015fi partidul, \u00een contextul \u00een care la alegerile parlamentare noi vorbeam de PSD \u015fi Victor Ponta vorbea de PRU. P\u00e2n\u0103 la urm\u0103, noi suntem \u00eentr-o situa\u0163ie \u00een care Grindeanu nu mai face parte din echipa PSD \u015fi dac\u0103 ne uit\u0103m \u015fi tot observ\u0103m c\u0103 avea un plan, nu mai f\u0103cea parte din echipa PSD dinainte de a se declan\u015fa evaluarea \u015fi procedura de demitere.<\/p>\n<p>Domnul Sorin Grindeanu a fost propus prim-ministru de pre\u015fedintele Liviu Dragnea \u015fi votat \u00een unanimitate de celebrul CEx pe care acum \u00eel contest\u0103. Votat, aplaudat, \u00eencurajat, sprijinit. P\u00e2n\u0103 la urm\u0103, c\u00e2nd am intrat \u00een \u015fedin\u0163a de CEx nu am intrat cu g\u00e2ndul c\u0103 vrem neap\u0103rat s\u0103-l d\u0103m jos pe Sorin Grindeanu, ci cu g\u00e2ndul c\u0103 a\u015ftept\u0103m evaluarea \u015fi am v\u0103zut c\u00e2te m\u0103suri erau \u00eendeplinite din c\u00e2te erau&#8221;, a declarat Claudiu Manda.\u00a0<\/p>\n<p>El sus\u0163ine c\u0103 discu\u0163iile din ultimele zile au scos la iveal\u0103 planul pe care \u00eel avea Sorin Grindeanu, &#8220;\u015fi nu de o zi, de dou\u0103, trei, alian\u0163ele pe care le f\u0103cuser\u0103 \u015fi toate inten\u0163iile pe care le aveau&#8221;.<\/p>\n<p>&#8220;Domnul Grindeanu nu mai era dinainte de evaluare un om care s\u0103 trag\u0103 la c\u0103ru\u0163a PSD, s\u0103-l intereseze programul de guvernare, ci mai degrab\u0103 era \u00eentr-o echip\u0103 \u00een care \u00eel interesa un alt pol de putere \u00een afara PSD, \u00een interiorul PSD, cu sprijinul USR, PNL, PMP, nu \u015ftiu care partide de opozi\u0163ie, Tapalag\u0103, servicii, Macovei, toate de partea celui bun, curat, frumos, drept, \u00eenalt \u015fi cu ochii alba\u015ftri, Sorinel Copilul de Aur.<\/p>\n<p>Cred c\u0103 este foarte clar planul pe care \u00eel aveau, eu am fost unul dintre cei care am cerut s\u0103-l demitem pe Sorin Grindeanu\u201d, a declarat Claudiu Manda, pre\u015fedintele PSD Dolj.\u00a0<\/p>\n<p>Surs\u0103: news.ro<\/p>\n<p>Cite\u015fte \u015fi:\u00a0Victor Ponta vrea s\u0103-i conving\u0103 pe membrii PSD c\u0103 mo\u0163iunea este &#8220;o mare gre\u015feal\u0103&#8221;: &#8220;Eu sper c\u0103 PSD nu declan\u015feaz\u0103 r\u0103zboiul nuclear \u00eempotriva PSD&#8221;\n<\/p><\/div>\n<p> Source URL: https:\/\/observatornews.ro\/politic\/seful-psd-dolj-face-acuzatii-grave-la-adresa-lui-sorin-grindeanu-este-de-neconceput-sa-incerce-sa-fure-guvernarea-nu-stiu-daca-eventual-si-partidul-213745.html<\/p>\n","protected":false},"excerpt":{"rendered":"<p>Pre\u015fedintele organiza\u0163iei jude\u0163ene Dolj a PSD, Claudiu Manda, vicepre\u015fedinte al Senatului, a declarat, duminic\u0103 la Craiova, c\u0103 premierul Sorin Grindeanu avea un plan de a fura guvernarea PSD, el sus\u0163in\u00e2nd c\u0103 premierul nu mai face parte din echipa PSD de mai mult timp, fiind \u00eentr-o alian\u0163\u0103 cu Victor Ponta, dar \u015fi cu alte persoane pentru [&hellip;]<\/p>\n","protected":false},"author":1,"featured_media":359824,"comment_status":"open","ping_status":"","sticky":false,"template":"","format":"standard","meta":{"footnotes":""},"categories":[2],"tags":[30],"class_list":["post-359823","post","type-post","status-publish","format-standard","has-post-thumbnail","hentry","category-politics","tag-observatornews-ro"],"_links":{"self":[{"href":"https:\/\/analyse.optim.biz\/index.php?rest_route=\/wp\/v2\/posts\/359823","targetHints":{"allow":["GET"]}}],"collection":[{"href":"https:\/\/analyse.optim.biz\/index.php?rest_route=\/wp\/v2\/posts"}],"about":[{"href":"https:\/\/analyse.optim.biz\/index.php?rest_route=\/wp\/v2\/types\/post"}],"author":[{"embeddable":true,"href":"https:\/\/analyse.optim.biz\/index.php?rest_route=\/wp\/v2\/users\/1"}],"replies":[{"embeddable":true,"href":"https:\/\/analyse.optim.biz\/index.php?rest_route=%2Fwp%2Fv2%2Fcomments&post=359823"}],"version-history":[{"count":0,"href":"https:\/\/analyse.optim.biz\/index.php?rest_route=\/wp\/v2\/posts\/359823\/revisions"}],"wp:featuredmedia":[{"embeddable":true,"href":"https:\/\/analyse.optim.biz\/index.php?rest_route=\/wp\/v2\/media\/359824"}],"wp:attachment":[{"href":"https:\/\/analyse.optim.biz\/index.php?rest_route=%2Fwp%2Fv2%2Fmedia&parent=359823"}],"wp:term":[{"taxonomy":"category","embeddable":true,"href":"https:\/\/analyse.optim.biz\/index.php?rest_route=%2Fwp%2Fv2%2Fcategories&post=359823"},{"taxonomy":"post_tag","embeddable":true,"href":"https:\/\/analyse.optim.biz\/index.php?rest_route=%2Fwp%2Fv2%2Ftags&post=359823"}],"curies":[{"name":"wp","href":"https:\/\/api.w.org\/{rel}","templated":true}]}}