{"id":359722,"date":"2017-06-18T19:17:00","date_gmt":"2017-06-18T16:17:00","guid":{"rendered":"https:\/\/analyse.optim.biz\/?p=359722"},"modified":"2017-06-18T19:17:00","modified_gmt":"2017-06-18T16:17:00","slug":"tudorel-toader-voi-sesiza-inspectia-judiciara-in-legatura-cu-afirmatiile-aparute-in-spatiul-public-referitoare-la-solicitarea-doamnei-kovesi-de-a-se-ajunge-la-premierul-grindeanu","status":"publish","type":"post","link":"https:\/\/analyse.optim.biz\/?p=359722","title":{"rendered":"Tudorel Toader: &#8220;Voi sesiza inspec\u0163ia judiciar\u0103 \u00een leg\u0103tur\u0103 cu afirma\u0163iile ap\u0103rute \u00een spa\u0163iul public referitoare la solicitarea doamnei Kovesi de a se ajunge la premierul Grindeanu&#8221;"},"content":{"rendered":"<div class=\"description\" data-key=\"description\">Ministrul Justi\u0163iei, Tudorel Toader, anun\u0163\u0103, pe Facebook, c\u0103 luni diminea\u0163\u0103 va sesiza Inspec\u0163ia Judiciar\u0103 \u00een leg\u0103tur\u0103 cu afirma\u0163iile ap\u0103rute \u00een spa\u0163iul public referitoare la solicitarea \u015fefei DNA, Laura Codru\u0163a Kovesi, de a se &#8220;ajunge la premierul Sorin Grindeanu&#8221;.<\/div>\n<div class=\"articleBody\" data-key=\"articleBody\">Ministrul Justi\u0163iei, Tudorel Toader, anun\u0163\u0103, pe Facebook, c\u0103 luni diminea\u0163\u0103 va sesiza Inspec\u0163ia Judiciar\u0103 \u00een leg\u0103tur\u0103 cu afirma\u0163iile ap\u0103rute \u00een spa\u0163iul public referitoare la solicitarea \u015fefei DNA, Laura Codru\u0163a Kovesi, de a se &#8220;ajunge la premierul Sorin Grindeanu&#8221;.<\/p>\n<p>&#8220;M\u00e2ine diminea\u0163\u0103 voi sesiza inspec\u0163ia judiciar\u0103 \u00een leg\u0103tur\u0103 cu afirma\u0163iile ap\u0103rute \u00een spa\u0163iul public referitoare la solicitarea dnei L.C. Kovesi de a se ajunge la premierul S. Grindeanu&#8221;, a scris Tudorel Toader pe Facebook, duminic\u0103 sear\u0103.<\/p>\n<p>Rom\u00e2nia TV a prezentat, duminic\u0103 sear\u0103, o \u00eenregistrare cu procurorul-\u015fef al DNA, Laura Codru\u0163a Kovesi, \u00een care aceasta i-ar spune procurorului Jean Unche\u015felu c\u0103 \u00ee\u015fi dore\u015fte s\u0103 &#8220;ajung\u0103 mai repede&#8221; la &#8220;domnul premier\u201d care a semnat &#8220;contractele cu casele&#8221;.\u00a0<\/p>\n<p>&#8220;Unche\u015felu (procurorul Jean-Nicolae\u00a0Unche\u015felu, care l-a trimis \u00een judecat\u0103 pe Victor Ponta \u00een dosarul Turceni-Rovinarii- n.r.), \u015fti\u0163i ce \u00eemi doresc? S\u0103 decapa\u0163i institu\u0163ional \u00een dosarul \u0103la cu casele \u015fi s\u0103 ajungem la domnul premier care a semnat contractele alea. (&#8230;) \u015ei-am avut o discu\u0163ie la Cheile Gr\u0103di\u015ftei \u015fi tot nu am auzit ce s-a \u00eent\u00e2mplat. Poate a\u015fa, c\u0103 suntem to\u0163i, ne l\u0103murim ce s-a \u00eent\u00e2mplat. Doamne, m-am uitat \u015fi eu pe datele statistice, unde parc\u0103 toat\u0103 lumea ne b\u0103nuia de diminea\u0163a p\u00e2n\u0103 seara \u015fi am f\u0103cut a\u015fa un pic o&#8230; (&#8230;) DNA-ul a\u015fa, adic\u0103 anul trecut pe vremea asta erau 673 de persoane \u00eenvinuite la 270. Adic\u0103 e o discrepan\u0163\u0103 foarte mare.<\/p>\n<p>Posturi \u00een plus avem, poli\u0163i\u015fti \u00een plus avem, speciali\u015fti \u00een plus avem, dosare avem.\u00a0\u00censeamn\u0103 c\u0103 sunt alte cauze \u015fi am vrut s\u0103 st\u0103m un pic de vorb\u0103 s\u0103 vedem. M-am uitat pu\u0163in pe situa\u0163iile astea. Sunt unele chestiuni \u00eengrijor\u0103toare. Sunt dosare de 6-7 ani cu urm\u0103rire penal\u0103 \u00eenceput\u0103 \u015fi care nu e solu\u0163ionat\u0103. Au venit \u015fi la acela\u015fi procuror \u015fi a mai venit cineva sau alt dosar. Urm\u0103rirea penal\u0103 \u00eenceput\u0103. La fiecare \u015fti\u0163i ce ave\u0163i \u00een lucru.<\/p>\n<p>Dar altceva m\u0103 \u00eengrijoreaz\u0103, c\u0103 la asta cu dosarele vechi, fiecare \u015fti\u0163i ce ave\u0163i. M\u0103 \u00eengrijoreaz\u0103 de ce nu-i \u00eenh\u0103\u0163\u0103m! De dou\u0103 luni, unii din ei \u00a0liberi, nu iese niciun rechizitoriu. Numa unii \u015fi aceia\u015fi fac dosare. Unii s-au \u00eencurcat cu legea \u015fi-au f\u0103cut trei rechizitorii anu trecut, mam\u0103 ce mult am lucrat, suntem tari. Cu trei rechizitorii nu facem treab\u0103\u201d, spune procurorul \u015fef al DNA \u00een \u00eenregistrarea audio difuzat\u0103 de Rom\u00e2nia TV.<\/p>\n<p>Surs\u0103: news.ro\n<\/p><\/div>\n<p> Source URL: https:\/\/observatornews.ro\/politic\/tudorel-toader-voi-sesiza-inspectia-judiciara-in-legatura-cu-afirmatiile-aparute-in-spatiul-public-referitoare-la-solicitarea-dnei-kovesi-de-a-se-ajunge-la-premierul-grindeanu-213785.html<\/p>\n","protected":false},"excerpt":{"rendered":"<p>Ministrul Justi\u0163iei, Tudorel Toader, anun\u0163\u0103, pe Facebook, c\u0103 luni diminea\u0163\u0103 va sesiza Inspec\u0163ia Judiciar\u0103 \u00een leg\u0103tur\u0103 cu afirma\u0163iile ap\u0103rute \u00een spa\u0163iul public referitoare la solicitarea \u015fefei DNA, Laura Codru\u0163a Kovesi, de a se &#8220;ajunge la premierul Sorin Grindeanu&#8221;. Ministrul Justi\u0163iei, Tudorel Toader, anun\u0163\u0103, pe Facebook, c\u0103 luni diminea\u0163\u0103 va sesiza Inspec\u0163ia Judiciar\u0103 \u00een leg\u0103tur\u0103 cu [&hellip;]<\/p>\n","protected":false},"author":1,"featured_media":359724,"comment_status":"open","ping_status":"","sticky":false,"template":"","format":"standard","meta":{"footnotes":""},"categories":[2],"tags":[30],"class_list":["post-359722","post","type-post","status-publish","format-standard","has-post-thumbnail","hentry","category-politics","tag-observatornews-ro"],"_links":{"self":[{"href":"https:\/\/analyse.optim.biz\/index.php?rest_route=\/wp\/v2\/posts\/359722","targetHints":{"allow":["GET"]}}],"collection":[{"href":"https:\/\/analyse.optim.biz\/index.php?rest_route=\/wp\/v2\/posts"}],"about":[{"href":"https:\/\/analyse.optim.biz\/index.php?rest_route=\/wp\/v2\/types\/post"}],"author":[{"embeddable":true,"href":"https:\/\/analyse.optim.biz\/index.php?rest_route=\/wp\/v2\/users\/1"}],"replies":[{"embeddable":true,"href":"https:\/\/analyse.optim.biz\/index.php?rest_route=%2Fwp%2Fv2%2Fcomments&post=359722"}],"version-history":[{"count":0,"href":"https:\/\/analyse.optim.biz\/index.php?rest_route=\/wp\/v2\/posts\/359722\/revisions"}],"wp:featuredmedia":[{"embeddable":true,"href":"https:\/\/analyse.optim.biz\/index.php?rest_route=\/wp\/v2\/media\/359724"}],"wp:attachment":[{"href":"https:\/\/analyse.optim.biz\/index.php?rest_route=%2Fwp%2Fv2%2Fmedia&parent=359722"}],"wp:term":[{"taxonomy":"category","embeddable":true,"href":"https:\/\/analyse.optim.biz\/index.php?rest_route=%2Fwp%2Fv2%2Fcategories&post=359722"},{"taxonomy":"post_tag","embeddable":true,"href":"https:\/\/analyse.optim.biz\/index.php?rest_route=%2Fwp%2Fv2%2Ftags&post=359722"}],"curies":[{"name":"wp","href":"https:\/\/api.w.org\/{rel}","templated":true}]}}