{"id":359717,"date":"2017-06-18T19:23:00","date_gmt":"2017-06-18T16:23:00","guid":{"rendered":"https:\/\/analyse.optim.biz\/?p=359717"},"modified":"2017-06-18T19:23:00","modified_gmt":"2017-06-18T16:23:00","slug":"inregistrare-exploziva-cu-sefa-dna-kovesi-ar-fi-dat-ordin-procurorilor-sa-ajungem-mai-repede-la-domnul-premier","status":"publish","type":"post","link":"https:\/\/analyse.optim.biz\/?p=359717","title":{"rendered":"\u00cenregistrare exploziv\u0103 cu \u0219efa DNA! Kovesi ar fi dat ordin procurorilor: \u201ds\u0103 ajungem mai repede LA DOMNUL PREMIER\u201d"},"content":{"rendered":"<div class=\"description\" data-key=\"description\">Rom\u00e2nia TV a prezentat, duminic\u0103 sear\u0103, o \u00eenregistrare cu procurorul-\u015fef al DNA, Laura Codru\u0163a Kovesi, \u00een care aceasta i-ar spune procurorului Jean Unche\u015felu c\u0103 \u00ee\u015fi dore\u015fte s\u0103 ajung\u0103 mai repede la &#8220;domnul premier\u201d.<\/div>\n<div class=\"articleBody\" data-key=\"articleBody\">Rom\u00e2nia TV a prezentat, duminic\u0103 sear\u0103, o \u00eenregistrare cu procurorul-\u015fef al DNA, Laura Codru\u0163a Kovesi, \u00een care aceasta i-ar spune procurorului Jean Unche\u015felu c\u0103 \u00ee\u015fi dore\u015fte s\u0103 ajung\u0103 mai repede la &#8220;domnul premier\u201d.<\/p>\n<p>&#8220;Unche\u015felu (procurorul Jean-Nicolae Unche\u015felu, care l-a trimis \u00een judecat\u0103 pe Victor Ponta \u00een dosarul Turceni-Rovinari &#8211; n.r.), \u015fti\u0163i ce \u00eemi doresc? S\u0103 decapa\u0163i institu\u0163ional \u00een dosarul \u0103la cu casele \u015fi s\u0103 ajungem la domnul premier care a semnat contractele alea. (&#8230;) \u015ei-am avut o discu\u0163ie la Cheile Gr\u0103di\u015ftei \u015fi tot nu am auzit ce s-a \u00eent\u00e2mplat. Poate a\u015fa, c\u0103 suntem to\u0163i, ne l\u0103murim ce s-a \u00eent\u00e2mplat. Doamne, m-am uitat \u015fi eu pe datele statistice, unde parc\u0103 toat\u0103 lumea ne b\u0103nuia de diminea\u0163a p\u00e2n\u0103 seara \u015fi am f\u0103cut a\u015fa un pic o&#8230; (&#8230;) DNA-ul a\u015fa, adic\u0103 anul trecut pe vremea asta erau 673 de persoane \u00eenvinuite la 270. Adic\u0103 e o discrepan\u0163\u0103 foarte mare. Posturi \u00een plus avem, poli\u0163i\u015fti \u00een plus avem, speciali\u015fti \u00een plus avem, dosare avem. \u00censeamn\u0103 c\u0103 sunt alte cauze \u015fi am vrut s\u0103 st\u0103m un pic de vorb\u0103 s\u0103 vedem. M-am uitat pu\u0163in pe situa\u0163iile astea. Sunt unele chestiuni \u00eengrijor\u0103toare. Sunt dosare de 6-7 ani cu urm\u0103rire penal\u0103 \u00eenceput\u0103 \u015fi care nu e solu\u0163ionat\u0103. Au venit \u015fi la acela\u015fi procuror \u015fi a mai venit cineva sau alt dosar. Urm\u0103rirea penal\u0103 \u00eenceput\u0103. La fiecare \u015fti\u0163i ce ave\u0163i \u00een lucru\u201d, afirm\u0103 Kovesi \u00een \u00eenregistrare.<\/p>\n<p>Dar altceva m\u0103 \u00eengrijoreaz\u0103, c\u0103 la asta cu dosarele vechi, fiecare \u015fti\u0163i ce ave\u0163i. M\u0103 \u00eengrijoreaz\u0103 de ce nu-i \u00eenh\u0103\u0163\u0103m! De dou\u0103 luni, unii din ei\u00a0 liberi, nu iese niciun rechizitoriu. Numa unii \u015fi aceia\u015fi fac dosare. Unii s-au \u00eencurcat cu legea \u015fi-au f\u0103cut trei rechizitorii anu trecut, mam\u0103 ce mult am lucrat, suntem tari. Cu trei rechizitorii nu facem treab\u0103\u201d, spune procurorul \u015fef al DNA \u00een \u00eenregistrarea audio difuzat\u0103 de Rom\u00e2nia TV.<\/p>\n<p>Sursa: News.ro\n<\/p><\/div>\n<p> Source URL: https:\/\/observatornews.ro\/politic\/inregistrare-exploziva-cu-sefa-dna-kovesi-ar-fi-dat-ordin-procurorilor-sa-ajungem-mai-repede-la-domnul-premier-213786.html<\/p>\n","protected":false},"excerpt":{"rendered":"<p>Rom\u00e2nia TV a prezentat, duminic\u0103 sear\u0103, o \u00eenregistrare cu procurorul-\u015fef al DNA, Laura Codru\u0163a Kovesi, \u00een care aceasta i-ar spune procurorului Jean Unche\u015felu c\u0103 \u00ee\u015fi dore\u015fte s\u0103 ajung\u0103 mai repede la &#8220;domnul premier\u201d. Rom\u00e2nia TV a prezentat, duminic\u0103 sear\u0103, o \u00eenregistrare cu procurorul-\u015fef al DNA, Laura Codru\u0163a Kovesi, \u00een care aceasta i-ar spune procurorului Jean [&hellip;]<\/p>\n","protected":false},"author":1,"featured_media":359718,"comment_status":"open","ping_status":"","sticky":false,"template":"","format":"standard","meta":{"footnotes":""},"categories":[2],"tags":[30],"class_list":["post-359717","post","type-post","status-publish","format-standard","has-post-thumbnail","hentry","category-politics","tag-observatornews-ro"],"_links":{"self":[{"href":"https:\/\/analyse.optim.biz\/index.php?rest_route=\/wp\/v2\/posts\/359717","targetHints":{"allow":["GET"]}}],"collection":[{"href":"https:\/\/analyse.optim.biz\/index.php?rest_route=\/wp\/v2\/posts"}],"about":[{"href":"https:\/\/analyse.optim.biz\/index.php?rest_route=\/wp\/v2\/types\/post"}],"author":[{"embeddable":true,"href":"https:\/\/analyse.optim.biz\/index.php?rest_route=\/wp\/v2\/users\/1"}],"replies":[{"embeddable":true,"href":"https:\/\/analyse.optim.biz\/index.php?rest_route=%2Fwp%2Fv2%2Fcomments&post=359717"}],"version-history":[{"count":0,"href":"https:\/\/analyse.optim.biz\/index.php?rest_route=\/wp\/v2\/posts\/359717\/revisions"}],"wp:featuredmedia":[{"embeddable":true,"href":"https:\/\/analyse.optim.biz\/index.php?rest_route=\/wp\/v2\/media\/359718"}],"wp:attachment":[{"href":"https:\/\/analyse.optim.biz\/index.php?rest_route=%2Fwp%2Fv2%2Fmedia&parent=359717"}],"wp:term":[{"taxonomy":"category","embeddable":true,"href":"https:\/\/analyse.optim.biz\/index.php?rest_route=%2Fwp%2Fv2%2Fcategories&post=359717"},{"taxonomy":"post_tag","embeddable":true,"href":"https:\/\/analyse.optim.biz\/index.php?rest_route=%2Fwp%2Fv2%2Ftags&post=359717"}],"curies":[{"name":"wp","href":"https:\/\/api.w.org\/{rel}","templated":true}]}}