{"id":359663,"date":"2017-06-18T19:33:00","date_gmt":"2017-06-18T16:33:00","guid":{"rendered":"https:\/\/analyse.optim.biz\/?p=359663"},"modified":"2017-06-18T19:33:00","modified_gmt":"2017-06-18T16:33:00","slug":"pozitia-guvernului-grindeanu-fata-de-inregistrarile-cu-kovesi-demontez-orice-incercare-de-a-lega-numele-premierului-de-acest-dosar","status":"publish","type":"post","link":"https:\/\/analyse.optim.biz\/?p=359663","title":{"rendered":"Pozi\u021bia Guvernului Grindeanu fa\u021b\u0103 de \u00eenregistr\u0103rile cu Kovesi: &#8220;Demontez orice \u00eencercare de a lega numele premierului de acest dosar&#8221;"},"content":{"rendered":"<div class=\"description\" data-key=\"description\">Dup\u0103 publicarea \u00eenregistr\u0103rilor cu Laura Codru\u0163a Kovesi, purt\u0103torul de cuv\u00e2nt al Guvernului, Alina Petrescu, a declarat c\u0103 \u00een perioada \u00een care a fost viceprimar al Timi\u015foarei Sorin Grindeanu s-a ocupat de Direc\u0163ia Tehnic\u0103, av\u00e2nd atribu\u0163ii \u00een domeniul infrastructur\u0103, energie sau transport \u00een comun, Direc\u0163ia Patrimoniu &#8211; \u00een leg\u0103tur\u0103 cu care exist\u0103 un dosar la DNA &#8211; nefiind \u00een subordinea sa.<\/div>\n<div class=\"articleBody\" data-key=\"articleBody\">Dup\u0103 publicarea \u00eenregistr\u0103rilor cu Laura Codru\u0163a Kovesi, purt\u0103torul de cuv\u00e2nt al Guvernului, Alina Petrescu, a declarat c\u0103 \u00een perioada \u00een care a fost viceprimar al Timi\u015foarei Sorin Grindeanu s-a ocupat de Direc\u0163ia Tehnic\u0103, av\u00e2nd atribu\u0163ii \u00een domeniul infrastructur\u0103, energie sau transport \u00een comun, Direc\u0163ia Patrimoniu &#8211; \u00een leg\u0103tur\u0103 cu care exist\u0103 un dosar la DNA &#8211; nefiind \u00een subordinea sa.<\/p>\n<p>&#8220;\u00cen primul r\u00e2nd, nu coment\u0103m direct \u00eenregistrarea, nu \u015ftim dac\u0103 ea este sau nu autentic\u0103. Vreau doar s\u0103 demontez orice \u00eencercare de a lega numele premierului Grindeanu de acest dosar. \u00cen vremea \u00een care a fost viceprimar, Sorin Grindeanu s-a ocupat de Direc\u0163ia Tehnic\u0103, av\u00e2nd atribu\u0163ii \u00een domeniul infrastructur\u0103, energie sau transport \u00een comun. Direc\u0163ia Patrimoniu nu era \u00een subordinea domnului Grindeanu&#8221;, a declarat Alina Petrescu pentru News.ro.<\/p>\n<p>Rom\u00e2nia TV a prezentat, duminic\u0103 sear\u0103, o \u00eenregistrare cu procurorul-\u015fef al DNA, Laura Codru\u0163a Kovesi, \u00een care aceasta i-ar spune procurorului Jean Unche\u015felu c\u0103 \u00ee\u015fi dore\u015fte s\u0103 &#8220;ajung\u0103 mai repede&#8221; la &#8220;domnul premier\u201d care a semnat &#8220;contractele cu casele&#8221;.\u00a0<\/p>\n<p>La scurt timp, ministrul Justi\u0163iei, Tudorel Toader, a anun\u0163at, pe Facebook, c\u0103 luni diminea\u0163\u0103 va sesiza Inspec\u0163ia Judiciar\u0103 \u00een leg\u0103tur\u0103 cu afirma\u0163iile ap\u0103rute \u00een spa\u0163iul public referitoare la solicitarea \u015fefei DNA, Laura Codru\u0163a Kovesi, de a se &#8220;ajunge la premierul Sorin Grindeanu&#8221;.<\/p>\n<p>&#8220;M\u00e2ine diminea\u0163\u0103 voi sesiza inspec\u0163ia judiciar\u0103 \u00een leg\u0103tur\u0103 cu afirma\u0163iile ap\u0103rute \u00een spa\u0163iul public referitoare la solicitarea doamnei L.C. Kovesi de a se ajunge la premierul S. Grindeanu&#8221;, a scris Tudorel Toader pe Facebook, duminic\u0103 sear\u0103.<\/p>\n<p>\u00cent\u00e2lnirea de la Cheile Gr\u0103di\u015ftei pe care o invoc\u0103 Laura Codru\u0163a Kovesi a avut loc \u00een luna martie, c\u00e2nd Sorin Grindeanu era premier, iar dosarul la care face referire Kovesi este cel \u00een care sunt urm\u0103ri\u0163i penal de DNA actualul primar al Timi\u015foarei, Nicolae Robu, \u015fi fostul edil Gheorghe Ciuhandu, pentru abuz \u00een serviciu \u00een cazul v\u00e2nz\u0103rii a 967 de imobile, prejudiciul adus statului fiind de 40 de milioane de euro. \u00cen acea perioad\u0103, Sorin Grindeanu era viceprimar al Timi\u015foarei. El a ocupat acest post\u00a0\u00eentre iunie 2008 \u015fi decembrie 2012.<\/p>\n<p>Premierul Sorin Grindeanu declara, \u00een luna februarie, coment\u00e2nd dosarul DNA privind imobilele din Timi\u015foara, \u00een care sunt acuza\u0163i primarul Nicolae Robu \u015fi fostul edil Gheorghe Ciuhandu, c\u0103 el nu are nicio implicare \u00een acest caz, pentru c\u0103 nu a avut, ca viceprimar, atribu\u0163ii \u00een domeniul patrimoniului ora\u015fului.<\/p>\n<p>Surs\u0103: news.ro\n<\/p><\/div>\n<p> Source URL: https:\/\/observatornews.ro\/politic\/alina-petrescu-dupa-inregistrarile-cu-kovesi-demontez-orice-incercare-de-a-lega-numele-premierului-grindeanu-de-acest-dosar-213788.html<\/p>\n","protected":false},"excerpt":{"rendered":"<p>Dup\u0103 publicarea \u00eenregistr\u0103rilor cu Laura Codru\u0163a Kovesi, purt\u0103torul de cuv\u00e2nt al Guvernului, Alina Petrescu, a declarat c\u0103 \u00een perioada \u00een care a fost viceprimar al Timi\u015foarei Sorin Grindeanu s-a ocupat de Direc\u0163ia Tehnic\u0103, av\u00e2nd atribu\u0163ii \u00een domeniul infrastructur\u0103, energie sau transport \u00een comun, Direc\u0163ia Patrimoniu &#8211; \u00een leg\u0103tur\u0103 cu care exist\u0103 un dosar la DNA [&hellip;]<\/p>\n","protected":false},"author":1,"featured_media":0,"comment_status":"open","ping_status":"","sticky":false,"template":"","format":"standard","meta":{"footnotes":""},"categories":[2],"tags":[30],"class_list":["post-359663","post","type-post","status-publish","format-standard","hentry","category-politics","tag-observatornews-ro"],"_links":{"self":[{"href":"https:\/\/analyse.optim.biz\/index.php?rest_route=\/wp\/v2\/posts\/359663","targetHints":{"allow":["GET"]}}],"collection":[{"href":"https:\/\/analyse.optim.biz\/index.php?rest_route=\/wp\/v2\/posts"}],"about":[{"href":"https:\/\/analyse.optim.biz\/index.php?rest_route=\/wp\/v2\/types\/post"}],"author":[{"embeddable":true,"href":"https:\/\/analyse.optim.biz\/index.php?rest_route=\/wp\/v2\/users\/1"}],"replies":[{"embeddable":true,"href":"https:\/\/analyse.optim.biz\/index.php?rest_route=%2Fwp%2Fv2%2Fcomments&post=359663"}],"version-history":[{"count":0,"href":"https:\/\/analyse.optim.biz\/index.php?rest_route=\/wp\/v2\/posts\/359663\/revisions"}],"wp:attachment":[{"href":"https:\/\/analyse.optim.biz\/index.php?rest_route=%2Fwp%2Fv2%2Fmedia&parent=359663"}],"wp:term":[{"taxonomy":"category","embeddable":true,"href":"https:\/\/analyse.optim.biz\/index.php?rest_route=%2Fwp%2Fv2%2Fcategories&post=359663"},{"taxonomy":"post_tag","embeddable":true,"href":"https:\/\/analyse.optim.biz\/index.php?rest_route=%2Fwp%2Fv2%2Ftags&post=359663"}],"curies":[{"name":"wp","href":"https:\/\/api.w.org\/{rel}","templated":true}]}}