{"id":359660,"date":"2017-06-18T19:54:00","date_gmt":"2017-06-18T16:54:00","guid":{"rendered":"https:\/\/analyse.optim.biz\/?p=359660"},"modified":"2017-06-18T19:54:00","modified_gmt":"2017-06-18T16:54:00","slug":"victor-ponta-daca-motiunea-de-cenzura-nu-va-trece-sorin-grindeanu-va-deveni-presedintele-psd","status":"publish","type":"post","link":"https:\/\/analyse.optim.biz\/?p=359660","title":{"rendered":"Victor Ponta: &#8220;Dac\u0103 mo\u021biunea de cenzur\u0103 nu va trece, Sorin Grindeanu va deveni pre\u0219edintele PSD&#8221;"},"content":{"rendered":"<div class=\"description\" data-key=\"description\">Secretarul general al Guvernului, Victor Ponta, a spus, duminic\u0103 seara, \u00eentr-o emisiune televizat\u0103, c\u0103 dac\u0103 mo\u021biunea de cenzur\u0103 nu va trece, Sorin Grindeanu va forma un nou guvern \u0219i va deveni \u0219i pre\u0219edintele PSD, sus\u021bin\u00e2nd c\u0103 regula pentru func\u021bionarea \u021b\u0103rii este c\u0103 \u0219eful partidului de guvern\u0103m\u00e2nt trebuie s\u0103 fie \u0219i primul ministru.<\/div>\n<div class=\"articleBody\" data-key=\"articleBody\">Secretarul general al Guvernului, Victor Ponta, a spus, duminic\u0103 seara, \u00eentr-o emisiune televizat\u0103, c\u0103 dac\u0103 mo\u021biunea de cenzur\u0103 nu va trece, Sorin Grindeanu va forma un nou guvern \u0219i va deveni \u0219i pre\u0219edintele PSD, sus\u021bin\u00e2nd c\u0103 regula pentru func\u021bionarea \u021b\u0103rii este c\u0103 \u0219eful partidului de guvern\u0103m\u00e2nt trebuie s\u0103 fie \u0219i primul ministru.<\/p>\n<p>&#8220;Dac\u0103 vre\u021bi \u00een Rom\u00e2nia s\u0103 ave\u021bi coeren\u021b\u0103 politic\u0103 \u0219i administrativ\u0103, \u0219eful partidului este \u0219i prim-ministru. Eu am fost \u0219eful partidului \u0219i prim-ministru, domnul N\u0103stase a fost \u0219eful partidului \u0219i prim-ministru, domnul Boc a fost, probabil c\u0103 domnul Orban va spune \u00een 2020: domnule, eu vreau s\u0103 fiu prim-ministru. Sistemul actual \u00een care domnul Dragnea nu poate fi prim-ministru, nu din cauza noastr\u0103, ci din cauza unei legi, nu poate s\u0103 func\u021bioneze.<\/p>\n<p>E o regul\u0103 pentru func\u021bionarea \u021b\u0103rii. Solu\u021bia este una singur\u0103 \u0219i va \u00eencepe s\u0103 fie pus\u0103 \u00een practic\u0103 joi. \u0218i anume: nu trece mo\u021biunea de cenzur\u0103, domnul Grindeanu se duce \u0219i spune: vreau s\u0103 fac Guvern, nu trebuie s\u0103 mearg\u0103 la pre\u0219edinte, doar cu PSD \u0219i cu ALDE, dup\u0103 care primul ministru este \u0219i pre\u0219edintele partidului&#8221;, a declarat Victor Ponta, la Antena 3.<\/p>\n<p>Acesta a sus\u021binut c\u0103 \u00eentr-o \u021bar\u0103 normal\u0103 guvernul este condus de primul ministru, \u00een vreme ce \u00een Rom\u00e2nia Executivul a fost condus de Liviu Dragnea, ajutat de fostul secretar general al Guvernului Mihai Busuioc \u0219i de ministrul Dezvolt\u0103rii, Sevil Shhaideh, despre care a spus c\u0103 &#8220;de\u021binea banii&#8217;.<\/p>\n<p>Victor Ponta a precizat c\u0103 Sevil Shhaideh a anun\u021bat abia dup\u0103 ce \u0219i-a dat demisia c\u0103 Programul Na\u021bional de Dezvoltare Local\u0103 a devenit func\u021bional \u0219i a sugerat c\u0103 ar fi urmat s\u0103 foloseasc\u0103 banii respectivi &#8220;pentru voturi la mo\u021biune \u00eempotriva propriului Guvern&#8217;.<\/p>\n<p>Secretarul general al Guvernului a explicat c\u0103 acesta este motivul pentru care premierul Grindeanu a luat &#8220;o m\u0103sur\u0103 radical\u0103&#8217; la Ministerul Dezvolt\u0103rii \u0219i a ar\u0103tat c\u0103 nu se mai poate semna niciun contract \u00een cadrul acestui program dec\u00e2t \u00een m\u0103sura \u00een care investi\u021bia este justificat\u0103.<\/p>\n<p>Referitor la fostul secretar general al Guvernului Mihai Busuioc, Victor Ponta a spus c\u0103 acesta nu era doar cel care &#8220;controla ce f\u0103cea domnul Grindeanu&#8217;, ci la care veneau toate inform\u0103rile, inclusiv cele de la serviciile de informa\u021bii, lucru despre care sus\u021bine c\u0103 este ilegal.<\/p>\n<p>&#8220;Domnul Busuioc nu era doar cel care controla ce f\u0103cea domnul Grindeanu. Era cel la care, aten\u021bie, veneau toate documentele care ar fi trebuit s\u0103 vin\u0103 la primul ministru. De la inform\u0103rile de la serviciile de informa\u021bii pe care scria primul ministru \u0219i vom verifica m\u00e2ine cum s-a putut \u00eent\u00e2mpla acest lucru, total ilegal. O informare de la SRI, SIE la primul ministru nu poate s\u0103 ajung\u0103 la secretarul general. Ajunge la \u0219eful de cabinet, care semneaz\u0103 \u0219i ajunge la primul ministru, c\u0103 e document strict secret&#8217;, a ar\u0103tat Victor Ponta.<\/p>\n<p>Ponta a mai spus c\u0103 \u00eentreb\u0103rile din mo\u021biunea de cenzur\u0103 pare c\u0103 sunt citite &#8220;dintr-un document al Partidului Comunist Rom\u00e2n&#8217;, afirm\u00e2nd c\u0103 &#8220;este documentul domnului Dragnea, scris de consilierii s\u0103i&#8217; \u0219i a punctat faptul c\u0103 raportul de evaluare a Guvernului, \u00eentocmit de Darius V\u00e2lcov, este &#8220;o fabula\u021bie&#8221;.<\/p>\n<p>Secretarul general al Guvernului a ad\u0103ugat c\u0103 aceast\u0103 criz\u0103 politic\u0103 a fost declan\u0219at\u0103 de Liviu Dragnea, sus\u021bin\u00e2nd c\u0103 s-a creat un sistem \u00een care o singur\u0103 persoan\u0103 ia decizii \u00een PSD.<\/p>\n<p>&#8220;S-a creat un sistem \u00een care o singur\u0103 persoan\u0103 decide tot \u0219i dac\u0103 Liviu Dragnea ast\u0103 sear\u0103 decide s\u0103 nu se mai depun\u0103 mo\u021biune de cenzur\u0103, m\u00e2ine \u00ee\u0219i retrag to\u021bi semn\u0103turile \u0219i vor spune c\u0103 a fost o prostie ideea cu mo\u021biunea&#8217;, a spus Victor Ponta.<\/p>\n<p>El a \u021binut s\u0103 precizeze c\u0103 Sorin Grindeanu este o victim\u0103 a lui Liviu Dragnea.<\/p>\n<p>&#8220;Totul a fost c\u0103 nu-l mai vrea pe Grindeanu, pentru c\u0103 Grindeanu a \u00een\u021beles, dup\u0103 \u0219ase luni, c\u0103 atunci c\u00e2nd e\u0219ti prim ministru prima ta datoria nu este fa\u021b\u0103 de \u0219eful de partid, ci este fa\u021b\u0103 de \u00eentreaga \u021bar\u0103&#8217;, a ar\u0103tat Ponta.<\/p>\n<p>\u00centrebat dac\u0103 vrea s\u0103 se r\u0103zbune pe Liviu Dragnea, el a spus c\u0103 nu se r\u0103zbun\u0103 pe nimeni, pentru c\u0103 nu Liviu Dragnea l-a f\u0103cut s\u0103 renun\u021be la func\u021bia de pre\u0219edinte PSD, ci ni\u0219te oameni care au comis un abuz asupra sa &#8220;\u0219i acest lucru se va dovedi \u00een justi\u021bie&#8217;.<\/p>\n<p>Referitor la informa\u021biile potrivit c\u0103rora planul lui Liviu Dragnea era ca Guvernul Grindeanu s\u0103 func\u021bioneze doar pentru \u0219ase luni, Victor Ponta a spus c\u0103 ideea a fost ca Liviu Dragnea s\u0103 cear\u0103 acordul Cur\u021bii Constitu\u021bionale, pentru a deveni el premier, lucru care nu a fost acceptat.<\/p>\n<p>&#8220;Domnul Dragnea c\u00e2nd a zis c\u0103 acest Guvern este pentru \u0219ase luni a mai zis un lucru: mergem la Curtea Constitu\u021bional\u0103, Curtea Constitu\u021bional\u0103 \u00eemi d\u0103 voie mie s\u0103 fiu prim-ministru \u0219i Grindeanu pleac\u0103 acas\u0103 \u0219i vin eu prim-ministru. (&#8230;) Pleci dac\u0103 CCR m\u0103 las\u0103 s\u0103 fiu prim-ministru \u0219i dac\u0103 m\u0103 las\u0103 CCR \u0219i nu e de acord Iohannis, \u00eel suspend\u0103m pe Iohannis, ceea ce e o idee, dar nu mai discut\u0103m despre asta c\u0103 nu s-a \u00eent\u00e2mplat&#8217;, a mai afirmat Victor Ponta.<\/p>\n<p>Surs\u0103: Agerpres.ro\n<\/p><\/div>\n<p> Source URL: https:\/\/observatornews.ro\/politic\/victor-ponta-daca-motiunea-de-cenzura-nu-va-trece-sorin-grindeanu-va-deveni-presedintele-psd-213791.html<\/p>\n","protected":false},"excerpt":{"rendered":"<p>Secretarul general al Guvernului, Victor Ponta, a spus, duminic\u0103 seara, \u00eentr-o emisiune televizat\u0103, c\u0103 dac\u0103 mo\u021biunea de cenzur\u0103 nu va trece, Sorin Grindeanu va forma un nou guvern \u0219i va deveni \u0219i pre\u0219edintele PSD, sus\u021bin\u00e2nd c\u0103 regula pentru func\u021bionarea \u021b\u0103rii este c\u0103 \u0219eful partidului de guvern\u0103m\u00e2nt trebuie s\u0103 fie \u0219i primul ministru. Secretarul general al [&hellip;]<\/p>\n","protected":false},"author":1,"featured_media":359661,"comment_status":"open","ping_status":"","sticky":false,"template":"","format":"standard","meta":{"footnotes":""},"categories":[2],"tags":[30],"class_list":["post-359660","post","type-post","status-publish","format-standard","has-post-thumbnail","hentry","category-politics","tag-observatornews-ro"],"_links":{"self":[{"href":"https:\/\/analyse.optim.biz\/index.php?rest_route=\/wp\/v2\/posts\/359660","targetHints":{"allow":["GET"]}}],"collection":[{"href":"https:\/\/analyse.optim.biz\/index.php?rest_route=\/wp\/v2\/posts"}],"about":[{"href":"https:\/\/analyse.optim.biz\/index.php?rest_route=\/wp\/v2\/types\/post"}],"author":[{"embeddable":true,"href":"https:\/\/analyse.optim.biz\/index.php?rest_route=\/wp\/v2\/users\/1"}],"replies":[{"embeddable":true,"href":"https:\/\/analyse.optim.biz\/index.php?rest_route=%2Fwp%2Fv2%2Fcomments&post=359660"}],"version-history":[{"count":0,"href":"https:\/\/analyse.optim.biz\/index.php?rest_route=\/wp\/v2\/posts\/359660\/revisions"}],"wp:featuredmedia":[{"embeddable":true,"href":"https:\/\/analyse.optim.biz\/index.php?rest_route=\/wp\/v2\/media\/359661"}],"wp:attachment":[{"href":"https:\/\/analyse.optim.biz\/index.php?rest_route=%2Fwp%2Fv2%2Fmedia&parent=359660"}],"wp:term":[{"taxonomy":"category","embeddable":true,"href":"https:\/\/analyse.optim.biz\/index.php?rest_route=%2Fwp%2Fv2%2Fcategories&post=359660"},{"taxonomy":"post_tag","embeddable":true,"href":"https:\/\/analyse.optim.biz\/index.php?rest_route=%2Fwp%2Fv2%2Ftags&post=359660"}],"curies":[{"name":"wp","href":"https:\/\/api.w.org\/{rel}","templated":true}]}}