{"id":358769,"date":"2017-06-23T13:13:00","date_gmt":"2017-06-23T10:13:00","guid":{"rendered":"https:\/\/analyse.optim.biz\/?p=358769"},"modified":"2017-06-23T13:13:00","modified_gmt":"2017-06-23T10:13:00","slug":"presedintele-iohannis-nu-am-avut-impresia-ca-guvernul-grindeanu-s-a-miscat-foarte-rapid-cu-agentia-medicamentului","status":"publish","type":"post","link":"https:\/\/analyse.optim.biz\/?p=358769","title":{"rendered":"Pre\u015fedintele Iohannis: &#8220;Nu am avut impresia c\u0103 Guvernul GRINDEANU s-a mi\u015fcat foarte rapid cu Agen\u0163ia Medicamentului&#8221;"},"content":{"rendered":"<div class=\"description\" data-key=\"description\">Pre\u015fedintele Klaus Iohannis a declarat, vineri, la finalul Consiliului European, c\u0103 Rom\u00e2nia are acelea\u015fi \u015fanse ca \u00eenainte de demiterea Guvernului pentru a g\u0103zdui Agen\u0163ia European\u0103 a Medicamentului, discu\u0163iile \u00een acest moment fiind tehnice, \u00eens\u0103 a precizat c\u0103 Executivul nu s-a &#8220;mi\u015fcat foarte rapid&#8221; \u00een aceast\u0103 chestiune, scrie News.ro<\/div>\n<div class=\"articleBody\" data-key=\"articleBody\">Pre\u015fedintele Klaus Iohannis a declarat, vineri, la finalul Consiliului European, c\u0103 Rom\u00e2nia are acelea\u015fi \u015fanse ca \u00eenainte de demiterea Guvernului pentru a g\u0103zdui Agen\u0163ia European\u0103 a Medicamentului, discu\u0163iile \u00een acest moment fiind tehnice, \u00eens\u0103 a precizat c\u0103 Executivul nu s-a &#8220;mi\u015fcat foarte rapid&#8221; \u00een aceast\u0103 chestiune, scrie News.ro<\/p>\n<p>\u00centrebat ce \u015fanse mai are acum Rom\u00e2nia s\u0103 mai g\u0103zduiasc\u0103 aceast\u0103 institu\u0163ie european\u0103, \u00een contextul demiterii Guvernului \u015fi tratativelor purtate la nivelul UE, Iohannis a spus c\u0103 avem &#8220;acelea\u015fi \u015fanse pe care le-am avut \u015fi \u00eenainte&#8221;.<\/p>\n<p>&#8220;Nu am avut impresia c\u0103 la Guvern s-au mi\u015fcat foarte rapid, \u00eens\u0103 discu\u0163ia din Consiliu a fost foarte tehnic\u0103, nu s-a discutat propriu zis despre unde va merge o agen\u0163ie sau alta&#8221;, a spus Iohannis.<\/p>\n<p>Pre\u015fedintele a subliniat c\u0103 discu\u0163ia a fost centrat\u0103 pe criteriile pe care statele membre trebuie s\u0103 le respecte, ele fiind legate de logistic\u0103, tehnic\u0103, transport \u015fi integrarea for\u0163ei de munc\u0103.<\/p>\n<p>&#8220;Ceva nesenza\u0163ional. Consiliul a andosat aceast\u0103 chestiune \u015fi nu s-a discutat mai mult&#8221;, a precizat el.<\/p>\n<p>UE a decis s\u0103 am\u00e2ne pentru noiembrie decizia privind mutarea a dou\u0103 agen\u0163ii importante \u2013 Agen\u0163ia European\u0103 a Medicamentului (EMA) \u015fi Autoritatea Bancar\u0103 European\u0103 (EBA) \u2013 de la Londra, dup\u0103 Brexit, pentru a le oferi suficient timp liderilor s\u0103 discute subiectul, arat\u0103 un document ob\u0163inut de Politico. Criteriile adoptate la summitul de la Bruxelles pentru g\u0103zduirea institu\u0163iilor ar putea s nu fie favorabile Rom\u00e2niei, precizeaz\u0103 publica\u0163ia.<\/p>\n<p>Europarlamentarul Siegfried Mure\u015fan atrage aten\u0163ia c\u0103 actuala \u201ccriza politic\u0103 declan\u015fat\u0103 de PSD\u201d pune \u00een pericol un obiectiv important stabilit de Rom\u00e2nia \u00een politica european\u0103, \u015fi anume relocarea, dup\u0103 Brexit, a Agen\u0163iei Europene a Medicamentului din Marea Britanie \u00een \u0163ara noastr\u0103.<\/p>\n<p>Guvernul a aprobat, \u00een \u015fedin\u0163a din 9 iunie, prin ordonan\u0163\u0103 de urgen\u0163\u0103, m\u0103surile necesare pentru depunerea candidaturii Rom\u00e2niei \u00een vederea reloc\u0103rii, la Bucure\u015fti, a Agen\u0163iei Europene pentru Medicamente, \u00een contextul retragerii Regatului Unit al Marii Britanii \u015fi al Irlandei de Nord din Uniunea European\u0103. Secretariatul General al Guvernului (SGG) va realiza demersurile necesare \u015fi va lua m\u0103suri pentru a identifica sau selecta un imobil necesar \u00een acest sens.<\/p>\n<p>Surs\u0103: News.ro\n<\/p><\/div>\n<p> Source URL: https:\/\/observatornews.ro\/politic\/presedintele-iohannis-nu-am-avut-impresia-ca-guvernul-grindeanu-sa-miscat-foarte-rapid-cu-agentia-medicamentului-214326.html<\/p>\n","protected":false},"excerpt":{"rendered":"<p>Pre\u015fedintele Klaus Iohannis a declarat, vineri, la finalul Consiliului European, c\u0103 Rom\u00e2nia are acelea\u015fi \u015fanse ca \u00eenainte de demiterea Guvernului pentru a g\u0103zdui Agen\u0163ia European\u0103 a Medicamentului, discu\u0163iile \u00een acest moment fiind tehnice, \u00eens\u0103 a precizat c\u0103 Executivul nu s-a &#8220;mi\u015fcat foarte rapid&#8221; \u00een aceast\u0103 chestiune, scrie News.ro Pre\u015fedintele Klaus Iohannis a declarat, vineri, la [&hellip;]<\/p>\n","protected":false},"author":1,"featured_media":358771,"comment_status":"open","ping_status":"","sticky":false,"template":"","format":"standard","meta":{"footnotes":""},"categories":[2],"tags":[30],"class_list":["post-358769","post","type-post","status-publish","format-standard","has-post-thumbnail","hentry","category-politics","tag-observatornews-ro"],"_links":{"self":[{"href":"https:\/\/analyse.optim.biz\/index.php?rest_route=\/wp\/v2\/posts\/358769","targetHints":{"allow":["GET"]}}],"collection":[{"href":"https:\/\/analyse.optim.biz\/index.php?rest_route=\/wp\/v2\/posts"}],"about":[{"href":"https:\/\/analyse.optim.biz\/index.php?rest_route=\/wp\/v2\/types\/post"}],"author":[{"embeddable":true,"href":"https:\/\/analyse.optim.biz\/index.php?rest_route=\/wp\/v2\/users\/1"}],"replies":[{"embeddable":true,"href":"https:\/\/analyse.optim.biz\/index.php?rest_route=%2Fwp%2Fv2%2Fcomments&post=358769"}],"version-history":[{"count":0,"href":"https:\/\/analyse.optim.biz\/index.php?rest_route=\/wp\/v2\/posts\/358769\/revisions"}],"wp:featuredmedia":[{"embeddable":true,"href":"https:\/\/analyse.optim.biz\/index.php?rest_route=\/wp\/v2\/media\/358771"}],"wp:attachment":[{"href":"https:\/\/analyse.optim.biz\/index.php?rest_route=%2Fwp%2Fv2%2Fmedia&parent=358769"}],"wp:term":[{"taxonomy":"category","embeddable":true,"href":"https:\/\/analyse.optim.biz\/index.php?rest_route=%2Fwp%2Fv2%2Fcategories&post=358769"},{"taxonomy":"post_tag","embeddable":true,"href":"https:\/\/analyse.optim.biz\/index.php?rest_route=%2Fwp%2Fv2%2Ftags&post=358769"}],"curies":[{"name":"wp","href":"https:\/\/api.w.org\/{rel}","templated":true}]}}