{"id":358764,"date":"2017-06-23T13:46:56","date_gmt":"2017-06-23T10:46:56","guid":{"rendered":"https:\/\/analyse.optim.biz\/?p=358764"},"modified":"2017-06-23T13:46:56","modified_gmt":"2017-06-23T10:46:56","slug":"presedintele-frantei-emmanuel-macron-urmeaza-sa-vina-in-romania","status":"publish","type":"post","link":"https:\/\/analyse.optim.biz\/?p=358764","title":{"rendered":"Pre\u015fedintele Fran\u0163ei, Emmanuel Macron, urmeaz\u0103 s\u0103 vin\u0103 \u00een Rom\u00e2nia!"},"content":{"rendered":"<div class=\"description\" data-key=\"description\">Pre\u015fedintele Fran\u0163ei, Emmanuel Macron urmeaz\u0103 s\u0103 vin\u0103 \u00een Rom\u00e2nia! Aflat la Summitul European de la Bruxelles, pre\u015fedintele Klaus Iohannis a avut \u00een aceast\u0103 diminea\u0163\u0103 o \u00eent\u00e2lnire bilateral\u0103 cu omologul s\u0103u francez.<\/div>\n<div class=\"articleBody\" data-key=\"articleBody\">Pre\u015fedintele Fran\u0163ei, Emmanuel Macron urmeaz\u0103 s\u0103 vin\u0103 \u00een Rom\u00e2nia! Aflat la Summitul European de la Bruxelles, pre\u015fedintele Klaus Iohannis a avut \u00een aceast\u0103 diminea\u0163\u0103 o \u00eent\u00e2lnire bilateral\u0103 cu omologul s\u0103u francez. <\/p>\n<p>La sf\u00e2r\u015fitul convorbirii liderul de la Cotroceni l-a invitat pe pre\u015fedintele francez \u00eentr-o vizit\u0103 oficial\u0103 \u00een Rom\u00e2nia. Emmanuel Macron a acceptat invita\u0163ia \u015fi este a\u015fteptat s\u0103 soseasc\u0103 \u00een urm\u0103toarele luni.\u00a0\n<\/p><\/div>\n<p> Source URL: https:\/\/observatornews.ro\/politic\/presedintele-frantei-emmanuel-macron-urmeaza-sa-vina-in-romania-214342.html<\/p>\n","protected":false},"excerpt":{"rendered":"<p>Pre\u015fedintele Fran\u0163ei, Emmanuel Macron urmeaz\u0103 s\u0103 vin\u0103 \u00een Rom\u00e2nia! Aflat la Summitul European de la Bruxelles, pre\u015fedintele Klaus Iohannis a avut \u00een aceast\u0103 diminea\u0163\u0103 o \u00eent\u00e2lnire bilateral\u0103 cu omologul s\u0103u francez. Pre\u015fedintele Fran\u0163ei, Emmanuel Macron urmeaz\u0103 s\u0103 vin\u0103 \u00een Rom\u00e2nia! Aflat la Summitul European de la Bruxelles, pre\u015fedintele Klaus Iohannis a avut \u00een aceast\u0103 diminea\u0163\u0103 [&hellip;]<\/p>\n","protected":false},"author":1,"featured_media":358768,"comment_status":"open","ping_status":"","sticky":false,"template":"","format":"standard","meta":{"footnotes":""},"categories":[2],"tags":[30],"class_list":["post-358764","post","type-post","status-publish","format-standard","has-post-thumbnail","hentry","category-politics","tag-observatornews-ro"],"_links":{"self":[{"href":"https:\/\/analyse.optim.biz\/index.php?rest_route=\/wp\/v2\/posts\/358764","targetHints":{"allow":["GET"]}}],"collection":[{"href":"https:\/\/analyse.optim.biz\/index.php?rest_route=\/wp\/v2\/posts"}],"about":[{"href":"https:\/\/analyse.optim.biz\/index.php?rest_route=\/wp\/v2\/types\/post"}],"author":[{"embeddable":true,"href":"https:\/\/analyse.optim.biz\/index.php?rest_route=\/wp\/v2\/users\/1"}],"replies":[{"embeddable":true,"href":"https:\/\/analyse.optim.biz\/index.php?rest_route=%2Fwp%2Fv2%2Fcomments&post=358764"}],"version-history":[{"count":0,"href":"https:\/\/analyse.optim.biz\/index.php?rest_route=\/wp\/v2\/posts\/358764\/revisions"}],"wp:featuredmedia":[{"embeddable":true,"href":"https:\/\/analyse.optim.biz\/index.php?rest_route=\/wp\/v2\/media\/358768"}],"wp:attachment":[{"href":"https:\/\/analyse.optim.biz\/index.php?rest_route=%2Fwp%2Fv2%2Fmedia&parent=358764"}],"wp:term":[{"taxonomy":"category","embeddable":true,"href":"https:\/\/analyse.optim.biz\/index.php?rest_route=%2Fwp%2Fv2%2Fcategories&post=358764"},{"taxonomy":"post_tag","embeddable":true,"href":"https:\/\/analyse.optim.biz\/index.php?rest_route=%2Fwp%2Fv2%2Ftags&post=358764"}],"curies":[{"name":"wp","href":"https:\/\/api.w.org\/{rel}","templated":true}]}}