{"id":358319,"date":"2017-06-28T04:21:00","date_gmt":"2017-06-28T01:21:00","guid":{"rendered":"https:\/\/analyse.optim.biz\/?p=358319"},"modified":"2017-06-28T04:21:00","modified_gmt":"2017-06-28T01:21:00","slug":"guvernul-tudose-pe-ultima-suta-de-metri-psd-decide-lista-finala-de-ministri-cine-a-refuzat-functia","status":"publish","type":"post","link":"https:\/\/analyse.optim.biz\/?p=358319","title":{"rendered":"Guvernul Tudose, pe ultima sut\u0103 de metri. PSD decide lista final\u0103 de mini\u015ftri. Cine a refuzat func\u0163ia"},"content":{"rendered":"<div class=\"description\" data-key=\"description\">Liderii PSD se reunesc, miercuri, de la ora 12.30, \u00eentr-o \u015fedin\u0163\u0103 a Comitetului Executiv Na\u0163ional, pentru a decide asupra structurii noului Guvern \u015fi asupra listei de mini\u015ftri, dup\u0103 ce mar\u0163i a avut loc o \u015fedin\u0163\u0103 de opt ore la Vila Lac \u00een care s-au discutat propunerile social-democra\u0163ilor din teritoriu.<\/div>\n<div class=\"articleBody\" data-key=\"articleBody\">Liderii PSD se reunesc, miercuri, de la ora 12.30, \u00eentr-o \u015fedin\u0163\u0103 a Comitetului Executiv Na\u0163ional, pentru a decide asupra structurii noului Guvern \u015fi asupra listei de mini\u015ftri, dup\u0103 ce mar\u0163i a avut loc o \u015fedin\u0163\u0103 de opt ore la Vila Lac \u00een care s-au discutat propunerile social-democra\u0163ilor din teritoriu.<\/p>\n<p>Mar\u0163i, pre\u015fedintele PSD, Liviu Dragnea, \u015fi premierul desemnat, Mihai Tudose, au discutat aproximativ opt ore, la Vila Lac, cu liderii partidului din teritoriu asupra listei de mini\u015ftri. Dragnea a avut discu\u0163ii \u015fi \u00een particular cu liderii de organiza\u0163ii, \u00een special cu cei care au avut nemul\u0163umiri, at\u00e2t legate de desemnarea lui Mihai Tudose, c\u00e2t \u015fi legat de reprezentarea filialelor lor la v\u00e2rful Guvernului.<\/p>\n<p>Spre finalul reuniunii, la Vila Lac a venit \u015fi liderul ALDE C\u0103lin Popescu T\u0103riceanu, care a transmis propunerile forma\u0163iunii sale \u015fi care a discutat cu Dragnea despre variantele de mini\u015ftri.<\/p>\n<p>ALDE dore\u015fte p\u0103strarea celor patru portofolii de\u0163inute \u015fi \u00een Guvernul Grindeanu: Gra\u0163iela Gavrilescu, vicepremier \u015fi ministru al Mediului, Teodor Mele\u015fcanu, ministru de Externe, Tomac Petcu, ministru al Energiei, \u015fi Viorel Ilie, ministru pentru Rela\u0163ia cu Parlamentul.<\/p>\n<p>Discu\u0163ii ample au avut loc \u015fi pe tema portofoliului Justi\u0163iei. Ministerul Justi\u0163iei este asumat de PSD, \u00eens\u0103 propunerea \u00een acest caz, Tudorel Toader, a fost f\u0103cut\u0103 de ALDE. Discu\u0163iile ini\u0163iale presupuneau ca ALDE s\u0103 \u00ee\u015fi asume acest minister, dar s\u0103 r\u0103m\u00e2n\u0103 la un total de 4, astfel \u00eenc\u00e2t ar fi trebuit s\u0103 renun\u0163e la un alt portofoliu de\u0163inut oficial. C\u0103lin Popescu T\u0103riceanu ar fi refuzat aceast\u0103 propunere. Solu\u0163ia agreat\u0103 la acest moment este ca Tudorel Toader s\u0103 \u00ee\u015fi continue mandatul tot ca independent, pe un post al PSD.<\/p>\n<p>Conform unor surse din partid, din viitorul Cabinet Tudose ar urma s\u0103 fac\u0103 parte:<\/p>\n<p>Viceprim-ministru, Ministrul Dezvolt\u0103rii Regionale \u2013 Sevil Shhaideh<\/p>\n<p>Viceprim-ministru, Ministrul Mediului \u2013 Gra\u0163iela Gavrilescu,<\/p>\n<p>Ministrul Afacerilor Interne \u2013 Carmen Dan,<\/p>\n<p>Ministrul Afacerilor Externe \u2013 Teodor Mele\u015fcanu,<\/p>\n<p>Ministrul Ap\u0103r\u0103rii Na\u0163ionale \u2013 Dorel C\u0103prar,<\/p>\n<p>Ministrul Finan\u0163elor Publice \u2013 Eugen Teodorovici sau Viorel Arca\u015f,<\/p>\n<p>Ministrul Agriculturii \u2013 Petre Daea,<\/p>\n<p>Ministrul Muncii \u2013 Lia Olgu\u0163a Vasilescu,<\/p>\n<p>Ministrul Economiei \u2013 Gheorghe \u015eimon,<\/p>\n<p>Ministrul Energiei \u2013 Toma Petcu,<\/p>\n<p>Ministrul Transporturilor \u2013 Alexandru Cuc,<\/p>\n<p>Ministrul S\u0103n\u0103t\u0103\u0163ii \u2013 Sorina Pintea,<\/p>\n<p>Ministrul Apelor \u015fi P\u0103durilor \u2013 Doina Pan\u0103,<\/p>\n<p>Ministrul Tineretului \u015fi Sportului \u2013 Gabriel Petrea,<\/p>\n<p>Ministrul delegat pentru Rom\u00e2nii de Pretutindeni \u2013 Andreea P\u0103st\u00eernac,<\/p>\n<p>Ministrul Consult\u0103rii Publice \u015fi Dialog Social \u2013 Liviu Pop,<\/p>\n<p>Ministrul pentru Rela\u0163ia cu Parlamentul \u2013 Viorel Ilie,<\/p>\n<p>Ministrul pentru Fondurile Europene \u2013 Rovana Plumb,<\/p>\n<p>Ministrul delegat pentru Afaceri Europene \u2013 Ana Birchall<\/p>\n<p>Ministrul Turismului \u2013 Mircea Dobre.<\/p>\n<p>Discu\u0163ii au loc \u00een continuare \u015fi asupra portofoliului Educa\u0163iei. Mihnea Costoiou, propus ini\u0163ial, a refuzat nominalizarea.<\/p>\n<p>Totodat\u0103, structura noului cabinet ar urma s\u0103 fie schimbat\u0103, \u00een condi\u0163iile \u00een care Ministerul Fondurilor Europene va deveni portofoliu de sine st\u0103t\u0103tor, iar Ministerul Educa\u0163iei se va comasa cu cel al Cercet\u0103rii \u015fi Inov\u0103rii.<\/p>\n<p>Negocierile privind lista final\u0103 a Cabinetului vor continua \u015fi miercuri diminea\u0163\u0103 \u015fi este posibil s\u0103 sufere modific\u0103ri \u015fi \u00een cadrul discu\u0163iilor din CExN.<\/p>\n<p>Dup\u0103 prezentarea \u015fi aprobarea listei, conducerea Parlamentului va decide calendarul de audieri, care, cel mai probabil, vor \u00eencepe joi diminea\u0163a.Tot joi ar putea avea loc \u015fi votul \u00een plenul reunit al celor dou\u0103 Camere, iar joi seara s\u0103 aib\u0103 loc \u015fi depunerea jur\u0103m\u00e2ntului.<\/p>\n<p>Sursa: News.ro\n<\/p><\/div>\n<p> Source URL: https:\/\/observatornews.ro\/politic\/guvernul-tudose-pe-ultima-suta-de-metri-psd-decide-lista-finala-de-ministri-cine-a-refuzat-functia-214881.html<\/p>\n","protected":false},"excerpt":{"rendered":"<p>Liderii PSD se reunesc, miercuri, de la ora 12.30, \u00eentr-o \u015fedin\u0163\u0103 a Comitetului Executiv Na\u0163ional, pentru a decide asupra structurii noului Guvern \u015fi asupra listei de mini\u015ftri, dup\u0103 ce mar\u0163i a avut loc o \u015fedin\u0163\u0103 de opt ore la Vila Lac \u00een care s-au discutat propunerile social-democra\u0163ilor din teritoriu. Liderii PSD se reunesc, miercuri, de [&hellip;]<\/p>\n","protected":false},"author":1,"featured_media":358320,"comment_status":"open","ping_status":"","sticky":false,"template":"","format":"standard","meta":{"footnotes":""},"categories":[2],"tags":[30],"class_list":["post-358319","post","type-post","status-publish","format-standard","has-post-thumbnail","hentry","category-politics","tag-observatornews-ro"],"_links":{"self":[{"href":"https:\/\/analyse.optim.biz\/index.php?rest_route=\/wp\/v2\/posts\/358319","targetHints":{"allow":["GET"]}}],"collection":[{"href":"https:\/\/analyse.optim.biz\/index.php?rest_route=\/wp\/v2\/posts"}],"about":[{"href":"https:\/\/analyse.optim.biz\/index.php?rest_route=\/wp\/v2\/types\/post"}],"author":[{"embeddable":true,"href":"https:\/\/analyse.optim.biz\/index.php?rest_route=\/wp\/v2\/users\/1"}],"replies":[{"embeddable":true,"href":"https:\/\/analyse.optim.biz\/index.php?rest_route=%2Fwp%2Fv2%2Fcomments&post=358319"}],"version-history":[{"count":0,"href":"https:\/\/analyse.optim.biz\/index.php?rest_route=\/wp\/v2\/posts\/358319\/revisions"}],"wp:featuredmedia":[{"embeddable":true,"href":"https:\/\/analyse.optim.biz\/index.php?rest_route=\/wp\/v2\/media\/358320"}],"wp:attachment":[{"href":"https:\/\/analyse.optim.biz\/index.php?rest_route=%2Fwp%2Fv2%2Fmedia&parent=358319"}],"wp:term":[{"taxonomy":"category","embeddable":true,"href":"https:\/\/analyse.optim.biz\/index.php?rest_route=%2Fwp%2Fv2%2Fcategories&post=358319"},{"taxonomy":"post_tag","embeddable":true,"href":"https:\/\/analyse.optim.biz\/index.php?rest_route=%2Fwp%2Fv2%2Ftags&post=358319"}],"curies":[{"name":"wp","href":"https:\/\/api.w.org\/{rel}","templated":true}]}}