{"id":358153,"date":"2017-06-29T10:24:07","date_gmt":"2017-06-29T07:24:07","guid":{"rendered":"https:\/\/analyse.optim.biz\/?p=358153"},"modified":"2017-06-29T10:24:07","modified_gmt":"2017-06-29T07:24:07","slug":"emotii-pentru-viitorii-ministrii-ai-cabinetului-tudose-audieri-in-comisiile-parlamentare-inainte-de-votul-de-investire-video","status":"publish","type":"post","link":"https:\/\/analyse.optim.biz\/?p=358153","title":{"rendered":"Emo\u0163ii pentru viitorii mini\u015ftrii ai Cabinetului Tudose! Audieri \u00een comisiile parlamentare, \u00eenainte de votul de \u00eenvestire (VIDEO)"},"content":{"rendered":"<div class=\"description\" data-key=\"description\">Azi, mini\u015ftrii dau examen pentru Palatul Victoria. Mai exact, sunt asculta\u0163i \u00een comisiile de specialitate din Parlament, ca mai apoi s\u0103 primeasc\u0103 votul de \u00eenvestitur\u0103.<\/div>\n<div class=\"articleBody\" data-key=\"articleBody\">Azi, mini\u015ftrii dau examen pentru Palatul Victoria. Mai exact, sunt asculta\u0163i \u00een comisiile de specialitate din Parlament, ca mai apoi s\u0103 primeasc\u0103 votul de \u00eenvestitur\u0103.\n<\/div>\n<p> Source URL: https:\/\/observatornews.ro\/politic\/emotii-mai-ceva-ca-la-bac-pentru-guvernul-mihai-tudose-215049.html<\/p>\n","protected":false},"excerpt":{"rendered":"<p>Azi, mini\u015ftrii dau examen pentru Palatul Victoria. Mai exact, sunt asculta\u0163i \u00een comisiile de specialitate din Parlament, ca mai apoi s\u0103 primeasc\u0103 votul de \u00eenvestitur\u0103. Azi, mini\u015ftrii dau examen pentru Palatul Victoria. Mai exact, sunt asculta\u0163i \u00een comisiile de specialitate din Parlament, ca mai apoi s\u0103 primeasc\u0103 votul de \u00eenvestitur\u0103. Source URL: https:\/\/observatornews.ro\/politic\/emotii-mai-ceva-ca-la-bac-pentru-guvernul-mihai-tudose-215049.html<\/p>\n","protected":false},"author":1,"featured_media":0,"comment_status":"open","ping_status":"","sticky":false,"template":"","format":"standard","meta":{"footnotes":""},"categories":[2],"tags":[30],"class_list":["post-358153","post","type-post","status-publish","format-standard","hentry","category-politics","tag-observatornews-ro"],"_links":{"self":[{"href":"https:\/\/analyse.optim.biz\/index.php?rest_route=\/wp\/v2\/posts\/358153","targetHints":{"allow":["GET"]}}],"collection":[{"href":"https:\/\/analyse.optim.biz\/index.php?rest_route=\/wp\/v2\/posts"}],"about":[{"href":"https:\/\/analyse.optim.biz\/index.php?rest_route=\/wp\/v2\/types\/post"}],"author":[{"embeddable":true,"href":"https:\/\/analyse.optim.biz\/index.php?rest_route=\/wp\/v2\/users\/1"}],"replies":[{"embeddable":true,"href":"https:\/\/analyse.optim.biz\/index.php?rest_route=%2Fwp%2Fv2%2Fcomments&post=358153"}],"version-history":[{"count":0,"href":"https:\/\/analyse.optim.biz\/index.php?rest_route=\/wp\/v2\/posts\/358153\/revisions"}],"wp:attachment":[{"href":"https:\/\/analyse.optim.biz\/index.php?rest_route=%2Fwp%2Fv2%2Fmedia&parent=358153"}],"wp:term":[{"taxonomy":"category","embeddable":true,"href":"https:\/\/analyse.optim.biz\/index.php?rest_route=%2Fwp%2Fv2%2Fcategories&post=358153"},{"taxonomy":"post_tag","embeddable":true,"href":"https:\/\/analyse.optim.biz\/index.php?rest_route=%2Fwp%2Fv2%2Ftags&post=358153"}],"curies":[{"name":"wp","href":"https:\/\/api.w.org\/{rel}","templated":true}]}}