{"id":357656,"date":"2017-07-12T04:17:00","date_gmt":"2017-07-12T01:17:00","guid":{"rendered":"https:\/\/analyse.optim.biz\/?p=357656"},"modified":"2017-07-12T04:17:00","modified_gmt":"2017-07-12T01:17:00","slug":"zi-importanta-pentru-sorin-grindeanu-ccr-discuta-sesizarea-privind-secretul-votului-la-motiunea-de-cenzura","status":"publish","type":"post","link":"https:\/\/analyse.optim.biz\/?p=357656","title":{"rendered":"Zi important\u0103 pentru Sorin Grindeanu. CCR discut\u0103 sesizarea privind secretul votului la mo\u0163iunea de cenzur\u0103"},"content":{"rendered":"<div class=\"description\" data-key=\"description\">Judec\u0103torii Cur\u0163ii Constitu\u0163ionale vor discuta sesizarea fostului premier Sorin Grindeanu, \u00een care a semnalat faptul c\u0103 nu a fost respectat secretul votului la mo\u0163iunea de cenzur\u0103 din 21 iunie, fapt care dus la un conflict de natur\u0103 constitu\u0163ional\u0103 \u00eentre puterile statului prin efectul mo\u0163iunii asupra cabinetului s\u0103u.<\/div>\n<div class=\"articleBody\" data-key=\"articleBody\">Judec\u0103torii Cur\u0163ii Constitu\u0163ionale vor discuta sesizarea fostului premier Sorin Grindeanu, \u00een care a semnalat faptul c\u0103 nu a fost respectat secretul votului la mo\u0163iunea de cenzur\u0103 din 21 iunie, fapt care dus la un conflict de natur\u0103 constitu\u0163ional\u0103 \u00eentre puterile statului prin efectul mo\u0163iunii asupra cabinetului s\u0103u.<\/p>\n<p>Fostul premier Sorin Grindeanu a trimis pe 29 iunie o sesizare Cur\u0163ii Constitu\u0163ionale \u00een care semnaleaz\u0103 c\u0103 nu a fost respectat secretul votului la mo\u0163iunea de cenzur\u0103 din 21 iunie.<\/p>\n<p>Grindeanu a reclamat Cur\u0163ii Constitu\u0163ionale faptul c\u0103 unii parlamentari au votat mo\u0163iunea de cenzur\u0103 cu bilele la vedere, fapt ce contravine prevederilor din Regulamentul activit\u0103\u0163ilor comune ale Camerei Deputa\u0163ilor \u015fi Senatului, care prevede explicit votul secret pentru mo\u0163iunile de cenzur\u0103.<\/p>\n<p>\u201dExercitarea mandatului de c\u0103tre deputa\u0163i \u015fi senatori, afla\u0163i \u00een serviciul poporului, trebuie s\u0103 fie caracterizat\u0103, \u00eentre alte exigen\u0163e, de respectarea principiului legalit\u0103\u0163ii \u015fi al bunei-credin\u0163e, prin exprimarea votului \u00een strict\u0103 concordan\u0163\u0103 cu interesele electoratului care a acordat mandatul respectiv \u015fi cu convingerea proprie a parlamentarului\u201d, a scris Grindeanu.<\/p>\n<p>El sus\u0163inea c\u0103 Regulamentul pe care l-a invocat trebuie s\u0103 con\u0163in\u0103 prevederi suplimentare care s\u0103 se refere la situa\u0163ia \u00een care secretul votului nu este asigurat. \u201dConsider c\u0103 nu este lipsit\u0103 de interes o eventual\u0103 completare a Regulamentului activit\u0103\u0163ilor comune ale Camerei Deputa\u0163ilor \u015fi Senatului cu norme care s\u0103 prevad\u0103 reluarea votului \u00een situa\u0163ia \u00een care derularea concret\u0103 a procedurilor parlamentare nu respect\u0103 prevederile regulamentare aplicabile\u201d, se arat\u0103 \u00een documentul citat.<\/p>\n<p>Premierul argumenteaz\u0103 c\u0103 nerespectarea secretului votului la mo\u0163iunea de cenzur\u0103 care i-a demis guvernul a creat un conflict de natur\u0103 constitu\u0163ional\u0103 \u00eentre puterile statului, prin efectele pe care adoptarea mo\u0163iunii le-a produs.<\/p>\n<p>\u201dF\u0103r\u0103 a solicita anularea adopt\u0103rii mo\u0163iunii de cenzur\u0103, v\u0103 adresez rug\u0103mintea de a examina condi\u0163iile vot\u0103rii de c\u0103tre deputa\u0163i \u015fi senatori a acestei mo\u0163iuni \u015fi de a impune Parlamentului respectarea pe viitor a dispozi\u0163iilor constitu\u0163ionale \u015fi legale privitoare la asigurarea caracterului secret al votului exprimat de parlamentari\u201d, se mai spunea \u00een sesizarea trimis\u0103 Cur\u0163ii Constitu\u0163ionale.<\/p>\n<p>Referitor la sesizarea lui Sorin Grindeanu la CCR pe tema votului secret de la mo\u0163iunea de cenzur\u0103, Liviu Dragnea a \u0163inut s\u0103 precizeze, pe 5 iulie, c\u0103 \u201evotul secret este o op\u0163iune\u201d pe care o folose\u015fti sau nu.\u00a0<\/p>\n<p>\u201eEu cred c\u0103 p\u00e2n\u0103 la urm\u0103 votul secret este o op\u0163iune pe care o folose\u015fti sau nu. S-a votat c\u00e2nd secret, c\u00e2nd la vedere \u00een Parlament, cred c\u0103 important este votul, cred c\u0103 un om care are personalitate, \u015fi au fost oameni cu mare personalitate, au votat invers, tot la vedere. (&#8230;) Eu nu am preg\u0103tirea constitu\u0163ional\u0103 a domnului Sorin Grindeanu, drept pentru care am rugat speciali\u015ftii \u00een Constitu\u0163ie \u015fi \u00een drept din Parlament \u015fi ei vor face materialul c\u0103tre CCR&#8221;, a afirmat liderul PSD.\u00a0<\/p>\n<p>Comentariul lui Dragnea a provocat o reac\u0163ie din partea lui Grindeanu, pe contul acestuia de facebook.\u00a0\u201eV\u0103d c\u0103 Liviu Dragnea crede c\u0103 trebuie s\u0103 fii constitu\u0163ionalist ca s\u0103 \u015ftii c\u0103 votul la mo\u0163iunea de cenzur\u0103 e secret, cu bile! Ei bine, nu! Trebuie doar s\u0103 ai un minim respect pentru lege! Ca pre\u015fedinte de partid, preocuparea lui Liviu Dragnea nu ar trebui s\u0103 fie statul pe sc\u0103ri la mo\u0163iunile \u00eempotriva propriului guvern pentru a verifica votul parlamentarilor\u201d, a precizat foostul prim-ministru.<\/p>\n<p>Sorin Grindeanu a sus\u0163inut c\u0103 \u201epoate vrea Liviu Dragnea s\u0103 \u00eentrebe dac\u0103 \u00een Brazilia votul e la vedere\u201d.<\/p>\n<p>\u201eS\u0103 \u00ee\u0163i amenin\u0163i proprii parlamentari, s\u0103 faci filtre la vot, s\u0103-i obligi s\u0103 arate votul care, din punct de vedere constitu\u0163ional, este secret &#8211; toate acestea sunt lucruri inadmisibile. De aceea am sesizat CCR. Pentru ca a\u015fa ceva s\u0103 nu se mai \u00eent\u00e2mple\u201d, a conchis fostul premier.\u00a0<\/p>\n<p>Subiectul mo\u0163iunii de cenzur\u0103 a fost adus \u00een discu\u0163ie \u015fi de c\u0103tre opozi\u0163ie, tot pe 5 iulie.\u00a0Birourile Permanente reunite ale Camerei Deputa\u0163ilor \u015fi Senatului au respins atunci punerea pe ordinea de zi a cererii de constituire a unei comisii parlamentare de anchet\u0103 cu privire la votul de la mo\u0163iunea de cenzur\u0103 prin care a fost demis guvernul Grindeanu, solicitat\u0103 de PNL, USR \u015fi PMP.<\/p>\n<p>Cererea de constituire a comisiei parlamentare de anchet\u0103 a fost semnat\u0103 de parlamentari de la PNL, USR \u015fi PMP, care sus\u0163in c\u0103 pe \u00eenregistr\u0103rile video arat\u0103 c\u0103 la mo\u0163iunea de cenzur\u0103 au votat 249 de parlamentari, dar \u00een urne au fost g\u0103site 251 de bile.<\/p>\n<p>\u201dConsider\u0103m c\u0103 este normal\u0103 o clarificare a ceea ce s-a \u00eent\u00e2mplat, cum e posibil acel vot care a dus la c\u0103derea unui guvern \u015fi la \u00eenvestirea unui alt guvern \u015fi, de asemenea, s\u0103 vedem ce se poate face ca astfel de situa\u0163ii s\u0103 nu se mai repete. Nu cred c\u0103 imaginea Parlamentului are de c\u00e2\u015ftigat men\u0163in\u00e2nd aceast\u0103 stare de dubiu dac\u0103 s-a furat sau nu s-a furat la vot chiar \u00een plenul reunit al Parlamentului sub zeci de camere de luat vederi\u201d, a declarat senatorul USR Mihai Go\u0163iu.<\/p>\n<p>\u201dDin p\u0103cate, au tras de timp \u015fi au tergiversat discutarea \u015fi apoi punerea \u00een discu\u0163ie \u00een plenul reunit a constituirii acestei comisii de anchet\u0103 pentru care am str\u00e2ns \u015fi num\u0103rul necesar de semn\u0103turi, 120, din partea grupurilor parlamentare USR, PNL \u015fi PMP\u201d, a mai spus el.<\/p>\n<p>Sursa: News.ro\n<\/p><\/div>\n<p> Source URL: https:\/\/observatornews.ro\/politic\/zi-importanta-pentru-sorin-grindeanu-ccr-discuta-sesizarea-privind-secretul-votului-la-motiunea-de-cenzura-216600.html<\/p>\n","protected":false},"excerpt":{"rendered":"<p>Judec\u0103torii Cur\u0163ii Constitu\u0163ionale vor discuta sesizarea fostului premier Sorin Grindeanu, \u00een care a semnalat faptul c\u0103 nu a fost respectat secretul votului la mo\u0163iunea de cenzur\u0103 din 21 iunie, fapt care dus la un conflict de natur\u0103 constitu\u0163ional\u0103 \u00eentre puterile statului prin efectul mo\u0163iunii asupra cabinetului s\u0103u. Judec\u0103torii Cur\u0163ii Constitu\u0163ionale vor discuta sesizarea fostului premier [&hellip;]<\/p>\n","protected":false},"author":1,"featured_media":357657,"comment_status":"open","ping_status":"","sticky":false,"template":"","format":"standard","meta":{"footnotes":""},"categories":[2],"tags":[30],"class_list":["post-357656","post","type-post","status-publish","format-standard","has-post-thumbnail","hentry","category-politics","tag-observatornews-ro"],"_links":{"self":[{"href":"https:\/\/analyse.optim.biz\/index.php?rest_route=\/wp\/v2\/posts\/357656","targetHints":{"allow":["GET"]}}],"collection":[{"href":"https:\/\/analyse.optim.biz\/index.php?rest_route=\/wp\/v2\/posts"}],"about":[{"href":"https:\/\/analyse.optim.biz\/index.php?rest_route=\/wp\/v2\/types\/post"}],"author":[{"embeddable":true,"href":"https:\/\/analyse.optim.biz\/index.php?rest_route=\/wp\/v2\/users\/1"}],"replies":[{"embeddable":true,"href":"https:\/\/analyse.optim.biz\/index.php?rest_route=%2Fwp%2Fv2%2Fcomments&post=357656"}],"version-history":[{"count":0,"href":"https:\/\/analyse.optim.biz\/index.php?rest_route=\/wp\/v2\/posts\/357656\/revisions"}],"wp:featuredmedia":[{"embeddable":true,"href":"https:\/\/analyse.optim.biz\/index.php?rest_route=\/wp\/v2\/media\/357657"}],"wp:attachment":[{"href":"https:\/\/analyse.optim.biz\/index.php?rest_route=%2Fwp%2Fv2%2Fmedia&parent=357656"}],"wp:term":[{"taxonomy":"category","embeddable":true,"href":"https:\/\/analyse.optim.biz\/index.php?rest_route=%2Fwp%2Fv2%2Fcategories&post=357656"},{"taxonomy":"post_tag","embeddable":true,"href":"https:\/\/analyse.optim.biz\/index.php?rest_route=%2Fwp%2Fv2%2Ftags&post=357656"}],"curies":[{"name":"wp","href":"https:\/\/api.w.org\/{rel}","templated":true}]}}