{"id":357092,"date":"2017-07-21T04:11:00","date_gmt":"2017-07-21T01:11:00","guid":{"rendered":"https:\/\/analyse.optim.biz\/?p=357092"},"modified":"2017-07-21T04:11:00","modified_gmt":"2017-07-21T01:11:00","slug":"premierul-mihai-tudose-prima-sa-vizita-oficiala-in-republica-moldova-cine-lipseste-de-pe-programul-oficial","status":"publish","type":"post","link":"https:\/\/analyse.optim.biz\/?p=357092","title":{"rendered":"Premierul Mihai Tudose, prima sa vizit\u0103 oficial\u0103 \u00een Republica Moldova. Cine lipse\u015fte de pe programul oficial"},"content":{"rendered":"<div class=\"description\" data-key=\"description\">Mihai Tudose face, vineri, o vizit\u0103 oficial\u0103 \u00een Moldova, unde va avea convorbiri cu primul-ministru Pavel Filip \u015fi pre\u015fedintele Parlamentului, Andrian Candu. \u00cen programul oficial al vizitei premierului nu este trecut\u0103 o \u00eentrevedere cu pre\u015fedintele Igor Dodon.<\/div>\n<div class=\"articleBody\" data-key=\"articleBody\">Mihai Tudose face, vineri, o vizit\u0103 oficial\u0103 \u00een Moldova, unde va avea convorbiri cu primul-ministru Pavel Filip \u015fi pre\u015fedintele Parlamentului, Andrian Candu. \u00cen programul oficial al vizitei premierului nu este trecut\u0103 o \u00eentrevedere cu pre\u015fedintele Igor Dodon.<\/p>\n<p>Cei doi \u015fefi de Guvern se vor \u00eent\u00e2lni la ora 10.00, la sediul Guvernului din Chi\u015fin\u0103u, pentru discu\u0163ii\u00a0t\u00eate-\u00e0-t\u00eate, urmate de convorbiri \u00een plenul celor dou\u0103 delega\u0163ii guvernamentale. La ora 11.25, Mihai Tudose \u015fi Pavel Filip vor sus\u0163ine o conferin\u0163\u0103 de pres\u0103 comun\u0103, apoi Tudose va participa la\u00a0ceremonia de donare a 96 de microbuze \u015fcolare acordate de Guvernul Rom\u00e2niei autorit\u0103\u0163ilor din Republica Moldova.<\/p>\n<p>La ora 13.00, premierii rom\u00e2n \u015fi moldovean vor fi prezen\u0163i la un dejun de lucru, dup\u0103 care Tudose se \u00eent\u00e2lne\u015fte, de la ora 15.00, cu pre\u015fedintele Parlamentului Moldovei, Andrian Candu.\u00a0Tudose nu are programat\u0103 o \u00eentrevedere cu pre\u015fedintele pro-rus al Moldovei, Igor Dodon.<\/p>\n<p>\u00cent\u00e2lnirea dintre premierii celor dou\u0103 \u0163\u0103ri a fost convenit\u0103 imediat dup\u0103 ce Mihai Tudose a devenit prim-ministru.\u00a0Premierul Republicii Moldova, Pavel Filip, a purtat o prim\u0103 discu\u0163ie telefonic\u0103 cu noul prim-ministru de la Bucure\u015fti pe 30 iunie, iar cei doi oficiali au stabilit s\u0103 aib\u0103 o \u00eentrevedere \u201d\u00een timpul apropiat\u201d, relata Deschide.md.<\/p>\n<p>Premierul moldovean l-a felicitat pe Mihai Tudose cu prilejul \u00eenvestirii \u015fi a \u0163inut s\u0103-i ureze succes. &#8220;Sunt sigur c\u0103 \u015fi pe viitor vom men\u0163ine un dialog activ \u015fi ne vom bucura de tot suportul Rom\u00e2niei \u015fi al dvs. personal \u00een realizarea priorit\u0103\u0163ilor agendei bilaterale \u015fi a obiectivelor majore de modernizare \u015fi integrare european\u0103 a Republicii Moldova\u201d, se ar\u0103ta \u00eentr-un mesaj semnat de premierul de la Chi\u015fin\u0103u.<\/p>\n<p>Pavel Filip a apreciat ritmul ascendent al rela\u0163iilor moldo-rom\u00e2ne \u015fi intensificarea colabor\u0103rii bilaterale dup\u0103 instituirea Parteneriatului Strategic pentru Integrarea European\u0103 a R. Moldova.<\/p>\n<p>\u00cen ziua de dinaintea vizitei la Chi\u015fin\u0103u, premierul Mihai Tudose a discutat la telefon cu pre\u015fedintele Consiliului European, Donald Tusk, despre Republica Moldova \u015fi i-a transmis liderului european c\u0103 Rom\u00e2nia \u00ee\u015fi continu\u0103 rolul de cel mai implicat stat membru \u00een atragerea Moldovei pe calea european\u0103.<\/p>\n<p>\u201dRom\u00e2nia continu\u0103 programele de asisten\u0163\u0103 cu Republica Moldova. Sprijinim traseul proeuropean al Moldovei \u015fi Rom\u00e2nia \u00ee\u015fi continu\u0103 rolul european \u015fi pe cel de cel mai implicat stat membru \u00een atragerea Moldovei pe calea european\u0103\u201d, au afirmat surse guvernamentale.<\/p>\n<p>Sursa: News.ro\n<\/p><\/div>\n<p> Source URL: https:\/\/observatornews.ro\/politic\/premierul-mihai-tudose-prima-sa-vizita-oficiala-in-republica-moldova-cine-lipseste-de-pe-programul-oficial-217564.html<\/p>\n","protected":false},"excerpt":{"rendered":"<p>Mihai Tudose face, vineri, o vizit\u0103 oficial\u0103 \u00een Moldova, unde va avea convorbiri cu primul-ministru Pavel Filip \u015fi pre\u015fedintele Parlamentului, Andrian Candu. \u00cen programul oficial al vizitei premierului nu este trecut\u0103 o \u00eentrevedere cu pre\u015fedintele Igor Dodon. Mihai Tudose face, vineri, o vizit\u0103 oficial\u0103 \u00een Moldova, unde va avea convorbiri cu primul-ministru Pavel Filip \u015fi [&hellip;]<\/p>\n","protected":false},"author":1,"featured_media":357093,"comment_status":"open","ping_status":"","sticky":false,"template":"","format":"standard","meta":{"footnotes":""},"categories":[2],"tags":[30],"class_list":["post-357092","post","type-post","status-publish","format-standard","has-post-thumbnail","hentry","category-politics","tag-observatornews-ro"],"_links":{"self":[{"href":"https:\/\/analyse.optim.biz\/index.php?rest_route=\/wp\/v2\/posts\/357092","targetHints":{"allow":["GET"]}}],"collection":[{"href":"https:\/\/analyse.optim.biz\/index.php?rest_route=\/wp\/v2\/posts"}],"about":[{"href":"https:\/\/analyse.optim.biz\/index.php?rest_route=\/wp\/v2\/types\/post"}],"author":[{"embeddable":true,"href":"https:\/\/analyse.optim.biz\/index.php?rest_route=\/wp\/v2\/users\/1"}],"replies":[{"embeddable":true,"href":"https:\/\/analyse.optim.biz\/index.php?rest_route=%2Fwp%2Fv2%2Fcomments&post=357092"}],"version-history":[{"count":0,"href":"https:\/\/analyse.optim.biz\/index.php?rest_route=\/wp\/v2\/posts\/357092\/revisions"}],"wp:featuredmedia":[{"embeddable":true,"href":"https:\/\/analyse.optim.biz\/index.php?rest_route=\/wp\/v2\/media\/357093"}],"wp:attachment":[{"href":"https:\/\/analyse.optim.biz\/index.php?rest_route=%2Fwp%2Fv2%2Fmedia&parent=357092"}],"wp:term":[{"taxonomy":"category","embeddable":true,"href":"https:\/\/analyse.optim.biz\/index.php?rest_route=%2Fwp%2Fv2%2Fcategories&post=357092"},{"taxonomy":"post_tag","embeddable":true,"href":"https:\/\/analyse.optim.biz\/index.php?rest_route=%2Fwp%2Fv2%2Ftags&post=357092"}],"curies":[{"name":"wp","href":"https:\/\/api.w.org\/{rel}","templated":true}]}}