{"id":357054,"date":"2017-07-21T12:49:00","date_gmt":"2017-07-21T09:49:00","guid":{"rendered":"https:\/\/analyse.optim.biz\/?p=357054"},"modified":"2017-07-21T12:49:00","modified_gmt":"2017-07-21T09:49:00","slug":"presedintele-iohannis-a-promulgat-legea-care-desfiinteaza-notiunea-de-conflict-de-interese-pentru-functionarii-publici","status":"publish","type":"post","link":"https:\/\/analyse.optim.biz\/?p=357054","title":{"rendered":"Pre\u015fedintele Iohannis a promulgat LEGEA care DESFIIN\u0162EAZ\u0102 no\u0163iunea de conflict de interese pentru func\u0163ionarii publici"},"content":{"rendered":"<div class=\"description\" data-key=\"description\">Pre\u015fedintele Klaus Iohannis a promulgat, vineri, Legea prin care este desfiin\u0163at\u0103 no\u0163iunea de conflict de interese pentru func\u0163ionarii publici \u015fi este \u00eenlocuit\u0103 cu sintagma &#8220;folosirea func\u0163iei pentru favorizarea unor persoane\u201d, dup\u0103 ce Curtea Constitu\u0163ional\u0103 a decis c\u0103 actul este constitu\u0163ional, informeaz\u0103 News.ro<\/div>\n<div class=\"articleBody\" data-key=\"articleBody\">Pre\u015fedintele Klaus Iohannis a promulgat, vineri, Legea prin care este desfiin\u0163at\u0103 no\u0163iunea de conflict de interese pentru func\u0163ionarii publici \u015fi este \u00eenlocuit\u0103 cu sintagma &#8220;folosirea func\u0163iei pentru favorizarea unor persoane\u201d, dup\u0103 ce Curtea Constitu\u0163ional\u0103 a decis c\u0103 actul este constitu\u0163ional, informeaz\u0103 News.ro<\/p>\n<p>Proiectul a fost ini\u0163iat de deputa\u0163ii M\u00e1rton \u00c1rp\u00e1d-Francisc (UDMR), Nica Nicolae-Ciprian (PSD), Roman Victor (PSD), Ionescu Aurelian (PC) \u015fi Marocico Ion (UUR), fiind \u00eenlocuit\u0103 sintagma \u201dconflict de interese\u201d cu \u201dfolosirea func\u0163iei pentru favorizarea unor persoane\u201d \u015fi restr\u00e2ngerea sferei de aplicare a acestei infrac\u0163iuni.<\/p>\n<p>Legea a fost contestat\u0103 la CCR de c\u0103tre PNL \u015fi PMP, \u00eens\u0103 \u00een iunie judec\u0103torii au decis c\u0103 ea este constitu\u0163ional\u0103, fiind trimis\u0103 pre\u015fedintelui Iohannis pentru promulgare.<\/p>\n<p>\u00cen mai, Camera Deputa\u0163ilor a adoptat, cu 187 de voturi \u201epentru, 79 de voturi \u201e\u00eempotriv\u0103\u201d \u015fi 6 ab\u0163ineri, proiectul de Lege pentru modificarea art.301 \u015fi art.308 din Legea nr.286\/2009 privind Codul penal, prin care se desfiin\u0163eaz\u0103 no\u0163iunea de conflict de interese pentru func\u0163ionarii publici, aceasta fiind \u00eenlocuit\u0103 cu sintagma &#8220;folosirea func\u0163iei pentru favorizarea unor persoane\u201d.<\/p>\n<p>Potrivit expunerii de motive, &#8220;se impune amendarea dispozi\u0163iilor art. 301 \u015fi 308 din Legea nr. 286\/2009 privind Codul penal cu modific\u0103rile \u015fi complet\u0103rile ulterioare, dup\u0103 cum urmeaz\u0103: modificarea titlului art. 301 prin \u00eenlocuirea sintamei \u00abconflictul de interese\u00bb cu sintagma \u00abfolosirea func\u0163iei pentru favorizarea unor persoane\u00bb&#8221;.<\/p>\n<p>Surs\u0103: News.ro\n<\/p><\/div>\n<p> Source URL: https:\/\/observatornews.ro\/politic\/presedintele-iohannis-a-promulgat-legea-care-desfiinteaza-notiunea-de-conflict-de-interese-pentru-functionarii-publici-217614.html<\/p>\n","protected":false},"excerpt":{"rendered":"<p>Pre\u015fedintele Klaus Iohannis a promulgat, vineri, Legea prin care este desfiin\u0163at\u0103 no\u0163iunea de conflict de interese pentru func\u0163ionarii publici \u015fi este \u00eenlocuit\u0103 cu sintagma &#8220;folosirea func\u0163iei pentru favorizarea unor persoane\u201d, dup\u0103 ce Curtea Constitu\u0163ional\u0103 a decis c\u0103 actul este constitu\u0163ional, informeaz\u0103 News.ro Pre\u015fedintele Klaus Iohannis a promulgat, vineri, Legea prin care este desfiin\u0163at\u0103 no\u0163iunea de [&hellip;]<\/p>\n","protected":false},"author":1,"featured_media":0,"comment_status":"open","ping_status":"","sticky":false,"template":"","format":"standard","meta":{"footnotes":""},"categories":[2],"tags":[30],"class_list":["post-357054","post","type-post","status-publish","format-standard","hentry","category-politics","tag-observatornews-ro"],"_links":{"self":[{"href":"https:\/\/analyse.optim.biz\/index.php?rest_route=\/wp\/v2\/posts\/357054","targetHints":{"allow":["GET"]}}],"collection":[{"href":"https:\/\/analyse.optim.biz\/index.php?rest_route=\/wp\/v2\/posts"}],"about":[{"href":"https:\/\/analyse.optim.biz\/index.php?rest_route=\/wp\/v2\/types\/post"}],"author":[{"embeddable":true,"href":"https:\/\/analyse.optim.biz\/index.php?rest_route=\/wp\/v2\/users\/1"}],"replies":[{"embeddable":true,"href":"https:\/\/analyse.optim.biz\/index.php?rest_route=%2Fwp%2Fv2%2Fcomments&post=357054"}],"version-history":[{"count":0,"href":"https:\/\/analyse.optim.biz\/index.php?rest_route=\/wp\/v2\/posts\/357054\/revisions"}],"wp:attachment":[{"href":"https:\/\/analyse.optim.biz\/index.php?rest_route=%2Fwp%2Fv2%2Fmedia&parent=357054"}],"wp:term":[{"taxonomy":"category","embeddable":true,"href":"https:\/\/analyse.optim.biz\/index.php?rest_route=%2Fwp%2Fv2%2Fcategories&post=357054"},{"taxonomy":"post_tag","embeddable":true,"href":"https:\/\/analyse.optim.biz\/index.php?rest_route=%2Fwp%2Fv2%2Ftags&post=357054"}],"curies":[{"name":"wp","href":"https:\/\/api.w.org\/{rel}","templated":true}]}}