{"id":357048,"date":"2017-07-22T14:27:00","date_gmt":"2017-07-22T11:27:00","guid":{"rendered":"https:\/\/analyse.optim.biz\/?p=357048"},"modified":"2017-07-22T14:27:00","modified_gmt":"2017-07-22T11:27:00","slug":"premierul-mihai-tudose-decide-saptamana-viitoare-daca-il-demite-sau-nu-pe-ministrul-sanatatii-florian-bodog-surse","status":"publish","type":"post","link":"https:\/\/analyse.optim.biz\/?p=357048","title":{"rendered":"Premierul Mihai Tudose decide s\u0103pt\u0103m\u00e2na viitoare dac\u0103 \u00eel demite sau nu pe ministrul S\u0103n\u0103t\u0103\u0163ii, Florian Bodog &#8211; surse"},"content":{"rendered":"<div class=\"description\" data-key=\"description\">Ministrul S\u0103n\u0103t\u0103\u0163ii, Florian Bodog, ar putea fi remaniat s\u0103pt\u0103m\u00e2na viitoare, decizia urm\u00e2nd s\u0103 fie luat\u0103 de c\u0103tre premierul Mihai Tudose, dac\u0103 va fi nemul\u0163umit de raportul privind importan\u0163a inform\u0103rii popula\u0163iei \u00een cazul vaccin\u0103rii copiilor pe care i l-a cerut \u00een \u015fedin\u0163a de guvern de s\u0103pt\u0103m\u00e2na trecut\u0103, au declarat pentru News.ro surse guvernamentale.<\/div>\n<div class=\"articleBody\" data-key=\"articleBody\">Ministrul S\u0103n\u0103t\u0103\u0163ii, Florian Bodog, ar putea fi remaniat s\u0103pt\u0103m\u00e2na viitoare, decizia urm\u00e2nd s\u0103 fie luat\u0103 de c\u0103tre premierul Mihai Tudose, dac\u0103 va fi nemul\u0163umit de raportul privind importan\u0163a inform\u0103rii popula\u0163iei \u00een cazul vaccin\u0103rii copiilor pe care i l-a cerut \u00een \u015fedin\u0163a de guvern de s\u0103pt\u0103m\u00e2na trecut\u0103, au declarat pentru News.ro surse guvernamentale.<\/p>\n<p>Sursele citate au afirmat c\u0103 \u00een func\u0163ie de cum va ar\u0103ta raportul, premierul Mihai Tudose va decide dac\u0103 \u00eel remaniaz\u0103 sau nu de ministrul S\u0103n\u0103t\u0103\u0163ii.<\/p>\n<p>\u00cen \u015fedin\u0163a de guvern din 13 iulie premierul Mihai Tudose s-a ar\u0103tat \u00eengrijorat de cifrele care indic\u0103 faptul c\u0103 \u00een Rom\u00e2nia sunt aproximativ 260.000 de copii care nu au fost vaccina\u0163i \u00eempotriva rujeolei \u015fi poliomielitei, \u00een condi\u0163iile \u00een care vaccinurile sunt suficiente pe pia\u0163\u0103. Tudose i-a dat un termen limit\u0103 ministrul S\u0103n\u0103t\u0103\u0163ii, Florian Bodog, pentru a g\u0103si o cale ca p\u0103rin\u0163ii s\u0103 fie informa\u0163i corect despre importan\u0163a vaccin\u0103rii.<\/p>\n<p>\u201dS\u0103pt\u0103m\u00e2na viitoare, dar cel t\u00e2rziu s\u0103pt\u0103m\u00e2na viitoare, s\u0103 ave\u0163i, \u00eempreun\u0103 cu presa din Rom\u00e2nia, (&#8230;) s\u0103 stabili\u0163i un procedeu prin care s\u0103 \u00een\u0163eleag\u0103 to\u0163i rom\u00e2nii c\u0103 trebuie s\u0103 fie vaccina\u0163i copiii. Nu se poate a\u015fa ceva. \u00cen\u0163eleg c\u0103 vaccinurile le avem, dar nu reu\u015fim s\u0103 ajungem cu ele la destinatar\u201d, i-a spus Tudose ministrului S\u0103n\u0103t\u0103\u0163ii.<\/p>\n<p>Totodat\u0103, Tudose l-a certat pe secretarul de stat din Ministerul S\u0103n\u0103t\u0103\u0163ii, Rare\u015f Tri\u015fc\u0103, la ultima \u015fedin\u0163\u0103 pentru documentele \u00eentocmite pe tema spitalelor regionale \u015fi a Institutului Cantacuzino, spun\u00e2ndu-i s\u0103 nu mai aprobe din cap &#8220;a\u015fa amplu&#8221; ce i se spune, pentru c\u0103 nu este de acord cu &#8220;ce a scris&#8221; \u015fi s-ar putea s\u0103 &#8220;plece acas\u0103&#8221;.<\/p>\n<p>La ultima \u015fedin\u0163\u0103 de Executiv, premierul Mihai Tudose l-a apostrofat pe secretarul de stat din Ministerul S\u0103n\u0103t\u0103\u0163ii, Rare\u015f Tri\u015fc\u0103: \u201dAst\u0103zi vom stabili \u00een domeniul S\u0103n\u0103t\u0103\u0163ii dou\u0103 comitete interministeriale, unul pentru spitalele regionale \u015fi unul pentru Institutul Cantacuzino. Nu da\u0163i din cap foarte amplu, domnule secretar de stat, pentru c\u0103 nu sunt foarte de acord cu ce a\u0163i scris \u015fi s-ar putea s\u0103 pleca\u0163i acas\u0103 \u00eenapoi&#8221;, a spus Mihai Tudose.<\/p>\n<p>Surs\u0103: news.ro<\/p>\n<p>Cite\u015fte \u015fi:\u00a0CIFRE ALARMANTE! Peste 4.500 de copii NEVACCINA\u0162I \u00eempotriva RUJEOLEI, doar la Vaslui! Cele mai multe cazuri au la baz\u0103 REFUZUL P\u0102RIN\u0162ILOR\n<\/p><\/div>\n<p> Source URL: https:\/\/observatornews.ro\/politic\/premierul-mihai-tudose-decide-saptamana-viitoare-daca-il-demite-sau-nu-pe-ministrul-sanatatii-florian-bodog-surse-217731.html<\/p>\n","protected":false},"excerpt":{"rendered":"<p>Ministrul S\u0103n\u0103t\u0103\u0163ii, Florian Bodog, ar putea fi remaniat s\u0103pt\u0103m\u00e2na viitoare, decizia urm\u00e2nd s\u0103 fie luat\u0103 de c\u0103tre premierul Mihai Tudose, dac\u0103 va fi nemul\u0163umit de raportul privind importan\u0163a inform\u0103rii popula\u0163iei \u00een cazul vaccin\u0103rii copiilor pe care i l-a cerut \u00een \u015fedin\u0163a de guvern de s\u0103pt\u0103m\u00e2na trecut\u0103, au declarat pentru News.ro surse guvernamentale. Ministrul S\u0103n\u0103t\u0103\u0163ii, Florian [&hellip;]<\/p>\n","protected":false},"author":1,"featured_media":357049,"comment_status":"open","ping_status":"","sticky":false,"template":"","format":"standard","meta":{"footnotes":""},"categories":[2],"tags":[30],"class_list":["post-357048","post","type-post","status-publish","format-standard","has-post-thumbnail","hentry","category-politics","tag-observatornews-ro"],"_links":{"self":[{"href":"https:\/\/analyse.optim.biz\/index.php?rest_route=\/wp\/v2\/posts\/357048","targetHints":{"allow":["GET"]}}],"collection":[{"href":"https:\/\/analyse.optim.biz\/index.php?rest_route=\/wp\/v2\/posts"}],"about":[{"href":"https:\/\/analyse.optim.biz\/index.php?rest_route=\/wp\/v2\/types\/post"}],"author":[{"embeddable":true,"href":"https:\/\/analyse.optim.biz\/index.php?rest_route=\/wp\/v2\/users\/1"}],"replies":[{"embeddable":true,"href":"https:\/\/analyse.optim.biz\/index.php?rest_route=%2Fwp%2Fv2%2Fcomments&post=357048"}],"version-history":[{"count":0,"href":"https:\/\/analyse.optim.biz\/index.php?rest_route=\/wp\/v2\/posts\/357048\/revisions"}],"wp:featuredmedia":[{"embeddable":true,"href":"https:\/\/analyse.optim.biz\/index.php?rest_route=\/wp\/v2\/media\/357049"}],"wp:attachment":[{"href":"https:\/\/analyse.optim.biz\/index.php?rest_route=%2Fwp%2Fv2%2Fmedia&parent=357048"}],"wp:term":[{"taxonomy":"category","embeddable":true,"href":"https:\/\/analyse.optim.biz\/index.php?rest_route=%2Fwp%2Fv2%2Fcategories&post=357048"},{"taxonomy":"post_tag","embeddable":true,"href":"https:\/\/analyse.optim.biz\/index.php?rest_route=%2Fwp%2Fv2%2Ftags&post=357048"}],"curies":[{"name":"wp","href":"https:\/\/api.w.org\/{rel}","templated":true}]}}