{"id":356995,"date":"2017-07-22T14:37:00","date_gmt":"2017-07-22T11:37:00","guid":{"rendered":"https:\/\/analyse.optim.biz\/?p=356995"},"modified":"2017-07-22T14:37:00","modified_gmt":"2017-07-22T11:37:00","slug":"ludovic-orban-va-sesiza-avocatul-poporului-privind-modificarea-codului-fiscalpsd-a-scos-la-iveala-o-fata-de-lup-flamand-dupa-bani","status":"publish","type":"post","link":"https:\/\/analyse.optim.biz\/?p=356995","title":{"rendered":"Ludovic Orban va sesiza Avocatul Poporului privind modificarea Codului Fiscal:&#8221;PSD a scos la iveal\u0103 o fa\u0163\u0103 de lup fl\u0103m\u00e2nd dup\u0103 bani&#8221;"},"content":{"rendered":"<div class=\"description\" data-key=\"description\">Pre\u015fedintele PNL, Ludovic Orban, a anun\u0163at, s\u00e2mb\u0103t\u0103, c\u0103 s\u0103pt\u0103m\u00e2na viitoare partidul va sesiza Avocatul Poporului pentru a ridica excep\u0163ie de neconstitu\u0163ionalitate cu privire la modul prin care a fost modificat Codul Fiscal, respectiv prin ordonan\u0163a simpl\u0103 adoptat\u0103 zilele trecute, prin care angajatorii sunt obliga\u0163i s\u0103 pl\u0103teasc\u0103 CAS \u015fi CASS la nivelul salariului minim pentru salaria\u0163ii cu contracte part-time. Orban a f\u0103cut un apel \u015fi la oamenii de afaceri s\u0103 atace \u00een instan\u0163e noile m\u0103suri fiscale.<\/div>\n<div class=\"articleBody\" data-key=\"articleBody\">Pre\u015fedintele PNL, Ludovic Orban, a anun\u0163at, s\u00e2mb\u0103t\u0103, c\u0103 s\u0103pt\u0103m\u00e2na viitoare partidul va sesiza Avocatul Poporului pentru a ridica excep\u0163ie de neconstitu\u0163ionalitate cu privire la modul prin care a fost modificat Codul Fiscal, respectiv prin ordonan\u0163a simpl\u0103 adoptat\u0103 zilele trecute, prin care angajatorii sunt obliga\u0163i s\u0103 pl\u0103teasc\u0103 CAS \u015fi CASS la nivelul salariului minim pentru salaria\u0163ii cu contracte part-time. Orban a f\u0103cut un apel \u015fi la oamenii de afaceri s\u0103 atace \u00een instan\u0163e noile m\u0103suri fiscale.<\/p>\n<p>Ludovic Orban a declarat, \u00eentr-o conferin\u0163\u0103 de pres\u0103 sus\u0163inut\u0103 la Arad, c\u0103 s\u0103pt\u0103m\u00e2na viitoare partidul va sesiza Avocatul Poporului \u201dpentru a ridica excep\u0163ie de neconstitu\u0163ionalitate\u201d dup\u0103 adoptarea unor m\u0103suri fiscale prin ordonan\u0163\u0103 simpl\u0103.<\/p>\n<p>\u201dEste adev\u0103rat c\u0103, \u00een legea de abilitare a Guvernului, Guvernul a primit dreptul de a emite acte normative cu valoare de lege \u00een domeniul fiscal, dar Codul fiscal este o lege organic\u0103, conform Constitu\u0163iei o lege organic\u0103 nu poate fi modificat\u0103 prin ordonan\u0163\u0103 simpl\u0103 \u015fi poate fi modificat\u0103 numai prin ordonan\u0163\u0103 de urgen\u0163\u0103, ori Guvernul nu a adoptat o ordonan\u0163\u0103 de urgen\u0163\u0103, pentru c\u0103 dac\u0103 ar fi f\u0103cut-o era obligat s\u0103 convoace Parlamentul, ci a adoptat o ordonan\u0163\u0103 simpl\u0103, adic\u0103 un act normativ cu un rang mai slab. Vom sesiza Avocatul Poporului pentru a ridica excep\u0163ia de neconstitu\u0163ionalitate la Curtea Constitu\u0163ional\u0103\u201d, a spus Orban.<\/p>\n<p>El a ad\u0103ugat c\u0103 \u00eencurajeaz\u0103 firmele s\u0103 atace \u00een instan\u0163e ultimele m\u0103suri fiscale.<\/p>\n<p>\u201dFacem apel la to\u0163i oamenii de afaceri s\u0103 atace \u00een instan\u0163e aceste m\u0103suri, aceste taxe \u015fi pe parcursul procesului s\u0103 invoce excep\u0163ie de neconstitu\u0163ionalitate pentru c\u0103 vor c\u00e2\u015ftiga sigur\u201d, a spus liderul PNL.<\/p>\n<p>El consider\u0103 c\u0103 \u201dGuvernul nu a citit nici Codul Fiscal, conform c\u0103ruia, dac\u0103 introduci modific\u0103ri care duc la m\u0103riri de taxe, impozite, contribu\u0163ii, aceste m\u0103suri trebuie s\u0103 intre \u00een vigoare de la 1 ianuarie, nicidecum de la 1 august\u201d.<\/p>\n<p>Ludovic Orban spune c\u0103 \u201dPSD \u015fi-a b\u0103tut joc de oameni \u00een campania electoral\u0103, c\u00e2nd a defilat \u00een blan\u0103 de oaie, promi\u0163\u00e2nd luna de pe cer, c\u00e2te-n lun\u0103 \u015fi c\u00e2te-n stele, dar c\u00e2nd a fost votat programul de guvernare la \u00eenvestirea lui Tudose \u015fi-a dat jos blana de oaie \u015fi a scos la iveal\u0103 adev\u0103rata fa\u0163\u0103, o fa\u0163\u0103 de lup fl\u0103m\u00e2nd dup\u0103 bani, care sunt lua\u0163i de pe spianarea celor care muncesc, celor care creeaz\u0103 plus valoarea \u015fi celor merituo\u015fi\u201d.<\/p>\n<p>\u201dGuvernul a b\u0103gat m\u00e2na \u00een buzunarul companiilor oblig\u00e2ndu-le s\u0103 pl\u0103teasc\u0103 contribu\u0163ii de pensii \u015fi de s\u0103n\u0103tate la nivelul salariului minim brut pe economie \u015fi pentru angaja\u0163ii care au contracte part-time (&#8230;) Nu vom putea accepta niciuna dintre abera\u0163iile fiscale din programul de guvernare, nici cu impozitul pe cifra de afaceri, nici cu taxa de solidaritate, nici cu introducerea impozitului pe gospod\u0103rie, nici cu desfiin\u0163area sau na\u0163ionalizarea pilonului II de pensii, nici cu instituirea taxei pe cifra de afaceri de 1% pentru companiile din domeniile energiei \u015fi comunica\u0163iilor. De asemenea, suntem categoric \u00eempotriva sistemului de introducere a unui cont separat pentru plata TVA \u015fi a cre\u015fterii artificiale a salariului minim la 2.000 de lei\u201d, a spus Orban.<\/p>\n<p>Liderul liberal sus\u0163ine c\u0103 m\u0103rirea salariului minim va duce la desfiin\u0163area a sute de mii de locuri de munc\u0103, prin falimentarea unor companii sau relocarea acestora \u00een \u0163\u0103ri unde m\u00e2na de lucru este mai ieftin\u0103.<\/p>\n<p>\u201dGuvernul adopt\u0103 m\u0103suri pericol public pentru economie, cum este salariul minim de 2.000 de lei. Dup\u0103 calculele noastre, aproximativ 450.000 \u2013 500.000 de locuri de munc\u0103 vor disp\u0103rea din Rom\u00e2nia (&#8230;) La ora actual\u0103 cred c\u0103 sunt 1.100.000 de oameni care sunt pl\u0103ti\u0163i cu salariul minim pe economie; \u00een cazul \u00een care salariul minim va fi crescut artificial, mai mult de jum\u0103tate din companii \u00ee\u015fi pierd profitabilitatea \u015fi cei care lucreaz\u0103 la aceste companii \u00ee\u015fi vor pierde locurile de munc\u0103\u201d, a spus Orban.<\/p>\n<p>Pre\u015fedintele PNL a criticat \u015fi impunerea unui cont separat pentru TVA.<\/p>\n<p>\u201dContul separat pentru plata TVA \u00eenseamn\u0103 c\u0103 firmele vor finan\u0163a statul. C\u0103 statul imobilizeaz\u0103 resursele financiare aferente TVA \u00eentr-un cont special \u00een care Fianan\u0163ele pot s\u0103 intre c\u00e2nd vor \u015fi s\u0103 extrag\u0103 banii, urm\u00e2nd s\u0103 returneze TVA c\u00e2nd o s\u0103 aib\u0103 chef func\u0163ion\u0103rimea. Pe scurt, e o form\u0103 prin care firmele sub private de o parte din banii pe care pot s\u0103-i utilizeze pentru a se dezvolta\u201d, a spus Orban.<\/p>\n<p>Liderul PNL consider\u0103 c\u0103 \u201dGuvernul a \u00eenceput programul de scos bani din piatr\u0103 seac\u0103\u201d \u015fi emite decizii care vor afecta major economia.<\/p>\n<p>Ludivic Orban a fost prezent \u00een Arad pentru \u00eent\u00e2lnire cu liderii filialei jude\u0163ene, primari \u015fi membri de partid, dar va participa \u015fi la c\u00e2teva evenimente locale, precum Zilele Ora\u015fului Ineu. Duminic\u0103, Orban va fi prezent la T\u00e2rgul de Fete de pe Muntele G\u0103ina.<\/p>\n<p>Guvernul a aprobat, joi, \u00een \u015fedin\u0163\u0103, o Ordonan\u0163\u0103 privind introducerea pentru angajatori a obliga\u0163iei de a pl\u0103ti CAS \u015fi CASS la nivelul salariului minim, ast\u0103zi de 1.450 lei, pentru salaria\u0163ii cu timp par\u0163ial de munc\u0103, indiferent dac\u0103 remunera\u0163ia este sub nivelul salariului minim, excep\u0163ie de la aceast\u0103 prevedere f\u0103c\u00e2nd elevii, studen\u0163ii \u015fi pensionarii.<\/p>\n<p>&#8220;Vom lua \u00een dezbatere un act normativ foarte discutat \u00een ultimul timp, care implementeaz\u0103 plata CAS \u015fi CASS de c\u0103tre angajator la nivelul salariului minim pe economie pentru angaja\u0163ii cu part-time. \u00cen fapt, devenise o practic\u0103 \u015fi este ast\u0103zi o practic\u0103 &#8211; angaja\u0163ii s\u0103 fie \u0163inu\u0163i cu part-time cu patru ore, cu cinci ore, cu dou\u0103 ore \u015fi pl\u0103tit diferen\u0163a p\u00e2n\u0103 la salariul minim din m\u00e2n\u0103, la negru, elud\u00e2nd statul&#8221;, a declarat premierul la \u00eenceputul \u015fedin\u0163ei Executivului.<\/p>\n<p>Mihai Tudose a precizat c\u0103 studen\u0163ii, pensionarii \u015fi elevii vor fi excepta\u0163i de la prevederile actului normativ. Tot printre exep\u0163ii se afl\u0103 ucenicii \u00een v\u00e2rst\u0103 de p\u00e2n\u0103 la 18 ani, persoanele cu dizabilit\u0103\u0163i c\u0103rora li s-a recunoscut prin lege dreptul de lucra mai pu\u0163in de 8 ore pe zi sau cei care ob\u0163in venituri din mai multe contracte de munc\u0103 dintre care unul cu norm\u0103 \u00eentreag\u0103.<\/p>\n<p>Surs\u0103: news.ro\n<\/p><\/div>\n<p> Source URL: https:\/\/observatornews.ro\/politic\/ludovic-orban-va-sesiza-avocatul-poporului-privind-modificarea-codului-fiscalpsd-a-scos-la-iveala-adevarata-fata-o-fata-de-lup-flamand-dupa-bani-care-sunt-luati-de-pe-spianarea-celor-care-muncesc-217732.html<\/p>\n","protected":false},"excerpt":{"rendered":"<p>Pre\u015fedintele PNL, Ludovic Orban, a anun\u0163at, s\u00e2mb\u0103t\u0103, c\u0103 s\u0103pt\u0103m\u00e2na viitoare partidul va sesiza Avocatul Poporului pentru a ridica excep\u0163ie de neconstitu\u0163ionalitate cu privire la modul prin care a fost modificat Codul Fiscal, respectiv prin ordonan\u0163a simpl\u0103 adoptat\u0103 zilele trecute, prin care angajatorii sunt obliga\u0163i s\u0103 pl\u0103teasc\u0103 CAS \u015fi CASS la nivelul salariului minim pentru salaria\u0163ii [&hellip;]<\/p>\n","protected":false},"author":1,"featured_media":356996,"comment_status":"open","ping_status":"","sticky":false,"template":"","format":"standard","meta":{"footnotes":""},"categories":[2],"tags":[30],"class_list":["post-356995","post","type-post","status-publish","format-standard","has-post-thumbnail","hentry","category-politics","tag-observatornews-ro"],"_links":{"self":[{"href":"https:\/\/analyse.optim.biz\/index.php?rest_route=\/wp\/v2\/posts\/356995","targetHints":{"allow":["GET"]}}],"collection":[{"href":"https:\/\/analyse.optim.biz\/index.php?rest_route=\/wp\/v2\/posts"}],"about":[{"href":"https:\/\/analyse.optim.biz\/index.php?rest_route=\/wp\/v2\/types\/post"}],"author":[{"embeddable":true,"href":"https:\/\/analyse.optim.biz\/index.php?rest_route=\/wp\/v2\/users\/1"}],"replies":[{"embeddable":true,"href":"https:\/\/analyse.optim.biz\/index.php?rest_route=%2Fwp%2Fv2%2Fcomments&post=356995"}],"version-history":[{"count":0,"href":"https:\/\/analyse.optim.biz\/index.php?rest_route=\/wp\/v2\/posts\/356995\/revisions"}],"wp:featuredmedia":[{"embeddable":true,"href":"https:\/\/analyse.optim.biz\/index.php?rest_route=\/wp\/v2\/media\/356996"}],"wp:attachment":[{"href":"https:\/\/analyse.optim.biz\/index.php?rest_route=%2Fwp%2Fv2%2Fmedia&parent=356995"}],"wp:term":[{"taxonomy":"category","embeddable":true,"href":"https:\/\/analyse.optim.biz\/index.php?rest_route=%2Fwp%2Fv2%2Fcategories&post=356995"},{"taxonomy":"post_tag","embeddable":true,"href":"https:\/\/analyse.optim.biz\/index.php?rest_route=%2Fwp%2Fv2%2Ftags&post=356995"}],"curies":[{"name":"wp","href":"https:\/\/api.w.org\/{rel}","templated":true}]}}