{"id":356993,"date":"2017-07-23T04:11:00","date_gmt":"2017-07-23T01:11:00","guid":{"rendered":"https:\/\/analyse.optim.biz\/?p=356993"},"modified":"2017-07-23T04:11:00","modified_gmt":"2017-07-23T01:11:00","slug":"premierul-infirma-informatiile-privind-o-posibila-remaniera-a-ministrului-sanatatii-nu-remaniez-pe-nimeni-i-am-solicitat-domnului-ministru-un-raport-despre-vaccinarile-din-romania","status":"publish","type":"post","link":"https:\/\/analyse.optim.biz\/?p=356993","title":{"rendered":"Premierul infirm\u0103 informa\u0163iile privind o posibil\u0103 remaniera a ministrului S\u0103n\u0103t\u0103\u0163ii: &#8220;Nu remaniez pe nimeni. I-am solicitat domnului ministru un raport despre vaccin\u0103rile din Rom\u00e2nia&#8221;"},"content":{"rendered":"<div class=\"description\" data-key=\"description\">Premierul Mihai Tudose a declarat s\u00e2mb\u0103t\u0103 pentru AGERPRES c\u0103 nu are \u00een vedere nicio remaniere \u0219i c\u0103, \u00een cazul ministrului S\u0103n\u0103t\u0103\u021bii, i-a cerut doar s\u0103 g\u0103seasc\u0103 vinova\u021bii pentru situa\u021bia cu vaccinurile.<\/div>\n<div class=\"articleBody\" data-key=\"articleBody\">Premierul Mihai Tudose a declarat s\u00e2mb\u0103t\u0103 pentru AGERPRES c\u0103 nu are \u00een vedere nicio remaniere \u0219i c\u0103, \u00een cazul ministrului S\u0103n\u0103t\u0103\u021bii, i-a cerut doar s\u0103 g\u0103seasc\u0103 vinova\u021bii pentru situa\u021bia cu vaccinurile.<\/p>\n<p>&#8220;I-am solicitat domnului ministru Florian Bodog un raport despre tot sinopsisul la vaccin\u0103rile din Rom\u00e2nia, \u00eencep\u00e2nd de la situa\u021bia producerii vaccinurilor, \u00eencep\u00e2nd de la Institutul Cantacuzino, termin\u00e2nd cu importurile \u0219i cu ce avem \u00een depozite. Dup\u0103 aceea, dac\u0103 vaccinurile respective stau \u00eentr-un depozit \u00een Bucure\u0219ti ori s-au distribuit \u00een \u021bar\u0103, este un alt subiect, \u0219i apoi cine trebuia s\u0103 fac\u0103 vaccinarea propriu-zis\u0103.<\/p>\n<p>Dac\u0103 medicul de familie s-a dus la familia respectiv\u0103, are o statistic\u0103 privind copiii nevaccina\u021bi? Sunt nevaccina\u021bi pentru c\u0103 au refuzat p\u0103rin\u021bii sau pentru c\u0103 nu a ajuns nimeni la ei? \u0218i atunci, am un prim caz: vaccinul este \u00een \u021bar\u0103, a ajuns \u00een localitatea \u00een care trebuia s\u0103 ajung\u0103, s-a dus medicul la familie, familia a refuzat. Dar pot ap\u0103rea \u0219i nenorociri de genul: nu a fost vaccinul, vaccinul a sta \u00een depozit, vaccinul este \u00een \u021bar\u0103, nu a stat \u00een depozit s-a dus \u00een localitatea respectiv\u0103, dar nimeni nu s-a ocupat s\u0103 \u0219i vaccineze. Situa\u021bia ar trebui s\u0103 fie foarte clar\u0103, dar, din p\u0103cate, nu este&#8221;, a afirmat Tudose, preciz\u00e2nd c\u0103 acesta este motivul pentru care dore\u0219te un raport c\u00e2t mai am\u0103nun\u021bit \u0219i \u00eentr-un termen c\u00e2t mai scurt.<\/p>\n<p>Reac\u021bia premierului vine dup\u0103 ce au ap\u0103rut informa\u021bii privind o posibil\u0103 schimbare din func\u021bie a ministrului s\u0103n\u0103t\u0103\u021bii, Florian Bodog.<\/p>\n<p>Surs\u0103: Agerpres.ro\n<\/p><\/div>\n<p> Source URL: https:\/\/observatornews.ro\/politic\/mihai-tudose-infirma-informatiile-privind-o-posibila-remaniera-a-ministrului-sanatatii-nu-remaniez-pe-nimeni-iam-solicitat-domnului-ministru-un-raport-despre-tot-sinopsisul-la-vaccinarile-din-romania-217766.html<\/p>\n","protected":false},"excerpt":{"rendered":"<p>Premierul Mihai Tudose a declarat s\u00e2mb\u0103t\u0103 pentru AGERPRES c\u0103 nu are \u00een vedere nicio remaniere \u0219i c\u0103, \u00een cazul ministrului S\u0103n\u0103t\u0103\u021bii, i-a cerut doar s\u0103 g\u0103seasc\u0103 vinova\u021bii pentru situa\u021bia cu vaccinurile. Premierul Mihai Tudose a declarat s\u00e2mb\u0103t\u0103 pentru AGERPRES c\u0103 nu are \u00een vedere nicio remaniere \u0219i c\u0103, \u00een cazul ministrului S\u0103n\u0103t\u0103\u021bii, i-a cerut doar [&hellip;]<\/p>\n","protected":false},"author":1,"featured_media":356994,"comment_status":"open","ping_status":"","sticky":false,"template":"","format":"standard","meta":{"footnotes":""},"categories":[2],"tags":[30],"class_list":["post-356993","post","type-post","status-publish","format-standard","has-post-thumbnail","hentry","category-politics","tag-observatornews-ro"],"_links":{"self":[{"href":"https:\/\/analyse.optim.biz\/index.php?rest_route=\/wp\/v2\/posts\/356993","targetHints":{"allow":["GET"]}}],"collection":[{"href":"https:\/\/analyse.optim.biz\/index.php?rest_route=\/wp\/v2\/posts"}],"about":[{"href":"https:\/\/analyse.optim.biz\/index.php?rest_route=\/wp\/v2\/types\/post"}],"author":[{"embeddable":true,"href":"https:\/\/analyse.optim.biz\/index.php?rest_route=\/wp\/v2\/users\/1"}],"replies":[{"embeddable":true,"href":"https:\/\/analyse.optim.biz\/index.php?rest_route=%2Fwp%2Fv2%2Fcomments&post=356993"}],"version-history":[{"count":0,"href":"https:\/\/analyse.optim.biz\/index.php?rest_route=\/wp\/v2\/posts\/356993\/revisions"}],"wp:featuredmedia":[{"embeddable":true,"href":"https:\/\/analyse.optim.biz\/index.php?rest_route=\/wp\/v2\/media\/356994"}],"wp:attachment":[{"href":"https:\/\/analyse.optim.biz\/index.php?rest_route=%2Fwp%2Fv2%2Fmedia&parent=356993"}],"wp:term":[{"taxonomy":"category","embeddable":true,"href":"https:\/\/analyse.optim.biz\/index.php?rest_route=%2Fwp%2Fv2%2Fcategories&post=356993"},{"taxonomy":"post_tag","embeddable":true,"href":"https:\/\/analyse.optim.biz\/index.php?rest_route=%2Fwp%2Fv2%2Ftags&post=356993"}],"curies":[{"name":"wp","href":"https:\/\/api.w.org\/{rel}","templated":true}]}}