{"id":356991,"date":"2017-07-23T12:50:00","date_gmt":"2017-07-23T09:50:00","guid":{"rendered":"https:\/\/analyse.optim.biz\/?p=356991"},"modified":"2017-07-23T12:50:00","modified_gmt":"2017-07-23T09:50:00","slug":"carmen-dan-la-inmormantarea-politistului-sorin-vezeteu-trebuie-sa-avem-o-legislatie-care-sa-sustina-autoritatea-politistului","status":"publish","type":"post","link":"https:\/\/analyse.optim.biz\/?p=356991","title":{"rendered":"Carmen Dan, la \u00eenmorm\u00e2ntarea poli\u0163istului Sorin Vezeteu: &#8220;Trebuie s\u0103 avem o legisla\u0163ie care s\u0103 sus\u0163in\u0103 autoritatea poli\u0163istului&#8221;"},"content":{"rendered":"<div class=\"description\" data-key=\"description\">Ministrul Afacerilor Interne, Carmen Dan, a declarat duminic\u0103 la Suceava c\u0103 este nevoie de o legisla\u0163ie foarte clar\u0103 care s\u0103 sus\u0163in\u0103 autoritatea poli\u0163i\u015ftilor \u015fi de mijloace de interven\u0163ie cu care ace\u015ftia s\u0103 poat\u0103 interveni atunci c\u00e2nd aplic\u0103 legea.<\/div>\n<div class=\"articleBody\" data-key=\"articleBody\">Ministrul Afacerilor Interne, Carmen Dan, a declarat duminic\u0103 la Suceava c\u0103 este nevoie de o legisla\u0163ie foarte clar\u0103 care s\u0103 sus\u0163in\u0103 autoritatea poli\u0163i\u015ftilor \u015fi de mijloace de interven\u0163ie cu care ace\u015ftia s\u0103 poat\u0103 interveni atunci c\u00e2nd aplic\u0103 legea.<\/p>\n<p>&#8220;Trebuie s\u0103 aducem oameni bine preg\u0103ti\u0163i \u00een Poli\u0163ie, trebuie ca astfel de situa\u0163ii s\u0103 nu se mai \u00eent\u00e2mple, trebuie s\u0103 avem mijloace de interven\u0163ie cu care poli\u0163i\u015ftii s\u0103 poat\u0103 interveni atunci c\u00e2nd aplic\u0103 legea, trebuie s\u0103 avem o legisla\u0163ie foarte bine conturat\u0103 care s\u0103 sus\u0163in\u0103 autoritatea poli\u0163istului. \u00cen sensul acesta vom ac\u0163iona \u00een perioada urm\u0103toare&#8221;, a spus Carmen Dan, care a fost prezent\u0103 la \u00eenmorm\u00e2ntarea poli\u0163istului Sorin Vezeteu, ucis \u00een timpul misiunii \u00een Gara Suceava.<\/p>\n<p>Ministrul a ar\u0103tat c\u0103 luni, la ora 10,30, a convocat sindicatele reprezentative, ocazie cu care se va lua \u00een discu\u0163ie \u015fi statutul poli\u0163istului.<\/p>\n<p>&#8220;\u00cemi doresc s\u0103 vin\u0103 to\u0163i cei care simt nevoia unei discu\u0163ii deschise cu ministrul \u015fi cu echipa de conducere de la Ministerul de Interne. Pentru c\u0103 s-a tot vorbit de statutul poli\u0163istului \u00een ultima vreme \u015fi pentru c\u0103 eu \u00eens\u0103mi am constatat c\u0103 s-a vorbit, dar nu s-a f\u0103cut mai nimic, vreau s\u0103 invit pe to\u0163i cei care sunt \u00een strad\u0103 \u00een fiecare zi \u015fi se confrunt\u0103 cu aceste probleme serioase, cei care sunt expu\u015fi riscului, s\u0103-\u015fi aduc\u0103 contribu\u0163ia. Este o invita\u0163ie public\u0103 pe care o lansez poli\u0163i\u015ftilor din zona rural\u0103, de la Rutier\u0103, de proximitate, de la Transporturi. Sunt cei care lucreaz\u0103 \u00een domenii extrem de sensibile \u015fi sunt cei care \u00eentr-adev\u0103r nu au nici sus\u0163inerea autorit\u0103\u0163ii \u015fi nici mijloacele necesare ca s\u0103-\u015fi desf\u0103\u015foare activitatea \u00een bune condi\u0163ii \u015fi s\u0103 se simt\u0103 proteja\u0163i&#8221;, a ar\u0103tat ministrul, ad\u0103ug\u00e2nd c\u0103 dore\u015fte ca &#8220;statutul poli\u0163istului s\u0103 nu plece de la minister, ci s\u0103 ajung\u0103 la minister&#8221;.<\/p>\n<p>Totodat\u0103, Carmen Dan a subliniat c\u0103 trebuie acoperit necesarul deficitului de resurs\u0103 uman\u0103.<\/p>\n<p>&#8220;Indiferent c\u00e2t de greu ne este, trebuie s\u0103 admitem c\u0103 \u00een prezent poli\u0163i\u015ftii sunt singuri \u00een multe situa\u0163ii, \u00een patrul\u0103, pentru c\u0103 nu exist\u0103 personal (&#8230;) Lucrul \u0103sta nu se poate schimba m\u00e2ine, dar cum p\u00e2n\u0103 acum am reu\u015fit, \u00een c\u00e2teva luni, s\u0103 aducem o parte din oameni \u00een sistem, doresc ca \u015fi de acum s\u0103 avem o abordare pe termen, ce putem face imediat \u015fi ce putem face \u00een timp pentru a acoperi acest foarte mare deficit&#8221;, a spus Carmen Dan.<\/p>\n<p>Potrivit acesteia, o alt\u0103 preocupare a ministerului o reprezint\u0103 dotarea cu echipament de interven\u0163ie.<\/p>\n<p>&#8220;G\u00e2ndim \u00eentr-o perioad\u0103 imediat\u0103 s\u0103 g\u0103sim solu\u0163ii pentru ca poli\u0163i\u015ftii s\u0103 fie dota\u0163i cu minimul din ce putem s\u0103 dot\u0103m acum. M\u0103 refer la veste anti\u00eenjunghiere, m\u0103 refer la o parte din ma\u015finile cu care ei trebuie s\u0103 se deplaseze la interven\u0163ii&#8221;, a spus Dan.<\/p>\n<p>\u00cen opinia ministrului, sus\u0163inerea legislativ\u0103 a acestei categorii este foarte important\u0103 \u015fi de aceea, \u00eempreun\u0103 cu ministerele de Finan\u0163e \u015fi Justi\u0163ie, va c\u0103uta solu\u0163ii pentru a aduce \u00eembun\u0103t\u0103\u0163iri.<\/p>\n<p>&#8220;Indiferent c\u00e2t de mult ne dorim s\u0103 avem oameni \u00een sistem \u015fi s\u0103 aib\u0103 tot ce trebuie pentru a putea interveni, este necesar s\u0103 fie sus\u0163inu\u0163i \u015fi de legisla\u0163ie. Discut\u0103m de a\u015fezarea ultrajului a\u015fa cum este normal, de infrac\u0163iunea de tulburare a lini\u015ftii publice, de uzul de arm\u0103. Sunt multe aspecte care trebuie, cu sprijinul \u015fi a altor ministere, pentru c\u0103 nu ne putem doar propune, trebuie s\u0103 \u015fi realiz\u0103m \u015fi aici rolul important \u00eel au colegii de la Finan\u0163e \u015fi de Justi\u0163ie&#8221;, a spus Dan.<\/p>\n<p>Sursa: Agerpres\n<\/p><\/div>\n<p> Source URL: https:\/\/observatornews.ro\/politic\/carmen-dan-dupa-inmormantarea-lui-politistului-sorin-vezeteu-trebuie-sa-avem-o-legislatie-care-sa-sustina-autoritatea-politistului-217826.html<\/p>\n","protected":false},"excerpt":{"rendered":"<p>Ministrul Afacerilor Interne, Carmen Dan, a declarat duminic\u0103 la Suceava c\u0103 este nevoie de o legisla\u0163ie foarte clar\u0103 care s\u0103 sus\u0163in\u0103 autoritatea poli\u0163i\u015ftilor \u015fi de mijloace de interven\u0163ie cu care ace\u015ftia s\u0103 poat\u0103 interveni atunci c\u00e2nd aplic\u0103 legea. Ministrul Afacerilor Interne, Carmen Dan, a declarat duminic\u0103 la Suceava c\u0103 este nevoie de o legisla\u0163ie foarte [&hellip;]<\/p>\n","protected":false},"author":1,"featured_media":356992,"comment_status":"open","ping_status":"","sticky":false,"template":"","format":"standard","meta":{"footnotes":""},"categories":[2],"tags":[30],"class_list":["post-356991","post","type-post","status-publish","format-standard","has-post-thumbnail","hentry","category-politics","tag-observatornews-ro"],"_links":{"self":[{"href":"https:\/\/analyse.optim.biz\/index.php?rest_route=\/wp\/v2\/posts\/356991","targetHints":{"allow":["GET"]}}],"collection":[{"href":"https:\/\/analyse.optim.biz\/index.php?rest_route=\/wp\/v2\/posts"}],"about":[{"href":"https:\/\/analyse.optim.biz\/index.php?rest_route=\/wp\/v2\/types\/post"}],"author":[{"embeddable":true,"href":"https:\/\/analyse.optim.biz\/index.php?rest_route=\/wp\/v2\/users\/1"}],"replies":[{"embeddable":true,"href":"https:\/\/analyse.optim.biz\/index.php?rest_route=%2Fwp%2Fv2%2Fcomments&post=356991"}],"version-history":[{"count":0,"href":"https:\/\/analyse.optim.biz\/index.php?rest_route=\/wp\/v2\/posts\/356991\/revisions"}],"wp:featuredmedia":[{"embeddable":true,"href":"https:\/\/analyse.optim.biz\/index.php?rest_route=\/wp\/v2\/media\/356992"}],"wp:attachment":[{"href":"https:\/\/analyse.optim.biz\/index.php?rest_route=%2Fwp%2Fv2%2Fmedia&parent=356991"}],"wp:term":[{"taxonomy":"category","embeddable":true,"href":"https:\/\/analyse.optim.biz\/index.php?rest_route=%2Fwp%2Fv2%2Fcategories&post=356991"},{"taxonomy":"post_tag","embeddable":true,"href":"https:\/\/analyse.optim.biz\/index.php?rest_route=%2Fwp%2Fv2%2Ftags&post=356991"}],"curies":[{"name":"wp","href":"https:\/\/api.w.org\/{rel}","templated":true}]}}