{"id":356989,"date":"2017-07-24T06:19:00","date_gmt":"2017-07-24T03:19:00","guid":{"rendered":"https:\/\/analyse.optim.biz\/?p=356989"},"modified":"2017-07-24T06:19:00","modified_gmt":"2017-07-24T03:19:00","slug":"biroul-permanent-national-al-psd-se-reuneste-pentru-prima-data-dupa-10-luni-pana-acum-a-fost-convocat-doar-comitetul-executiv-national-forul-ierarhic-superior","status":"publish","type":"post","link":"https:\/\/analyse.optim.biz\/?p=356989","title":{"rendered":"Biroul Permanent Na\u0163ional al PSD se reune\u015fte pentru prima dat\u0103 dup\u0103 10 luni. P\u00e2n\u0103 acum, a fost convocat doar Comitetul Executiv Na\u0163ional, forul ierarhic superior"},"content":{"rendered":"<div class=\"description\" data-key=\"description\">Pre\u015fedintele PSD, Liviu Dragnea, a convocat membrii Biroului Permanent Na\u0163ional al partidului pentru luni, la ora 12, aceasta fiind prima \u015fedin\u0163\u0103 a conducerii social-democrate dup\u0103 mai bine de 10 luni.<\/div>\n<div class=\"articleBody\" data-key=\"articleBody\">Pre\u015fedintele PSD, Liviu Dragnea, a convocat membrii Biroului Permanent Na\u0163ional al partidului pentru luni, la ora 12, aceasta fiind prima \u015fedin\u0163\u0103 a conducerii social-democrate dup\u0103 mai bine de 10 luni.<\/p>\n<p>Ultima reuniune a BPN al PSD a avut loc pe 7 septembrie 2016, c\u00e2nd liderii social-democra\u0163i au decis convocarea unei \u015fedin\u0163e a Comitetului Executiv Na\u0163ional pentru validarea listei candida\u0163ilor PSD la alegerile parlamentare din 11 decembrie 2016.\u00a0<\/p>\n<p>Dup\u0103 \u00eenceperea campaniei electorale, Biroul Permanent Na\u0163ional nu s-a mai \u00eentrunit, liderii partidului fiind preocupa\u0163i de activit\u0103\u0163ile electorale din teritoriu. \u00cens\u0103 nici dup\u0103 alegerile c\u00e2\u015ftigate deta\u015fat de PSD, BPN-ul nu a mai fost convocat.\u00a0<\/p>\n<p>Liviu Dragnea a convocat de mai multe ori Comitetul Executiv Na\u0163ional, forul ierarhic superior BPN-ului. Toate deciziile majore ale PSD au fost adoptate de c\u0103tre CExN, inclusiv demiterea guvernului Grindeanu \u00een luna iunie \u015fi \u00eenlocuirea sa cu guvenrului condus de Mihai Tudose.<\/p>\n<p>Potrivit articolului 144 din Statutul PSD, \u201dBiroul Permanent Na\u0163ional este structura de conducere \u015fi decizie al partidului \u00eentre \u015fedin\u0163ele Comitetului Executiv Na\u0163ional \u015fi se \u00eentrune\u015fte s\u0103pt\u0103m\u00e2nal sau ori de c\u00e2te ori este necesar, la convocarea Pre\u015fedintelui partidului\u201d, iar alineatul 1 al articolului 146 stipuleaz\u0103 c\u0103 BPN \u201dorganizeaz\u0103 \u015fi conduce \u00eentreaga activitate curent\u0103 a partidului, potrivit hot\u0103r\u00e2rilor adoptate, dup\u0103 caz, de c\u0103tre Congres \u015fi Comitetul Executiv Na\u0163ional\u201d.<\/p>\n<p>At\u00e2t Sorin Grindeanu, c\u00e2t \u015fi Victor Ponta i-au imputat lui Liviu Dragnea c\u0103 a impus un stil autoritar de conducere a partidului, inclusiv prin \u00eentreruperea seriei \u015fedin\u0163elor s\u0103pt\u0103m\u00e2nale ale Biroului Permanent Na\u0163ional.<\/p>\n<p>Surs\u0103: Agerpres.ro\n<\/p><\/div>\n<p> Source URL: https:\/\/observatornews.ro\/politic\/biroul-permanent-national-al-psd-se-reuneste-pentru-prima-data-dupa-10-luni-pana-acum-a-fost-convocat-doar-comitetul-executiv-national-forul-ierarhic-superior-217884.html<\/p>\n","protected":false},"excerpt":{"rendered":"<p>Pre\u015fedintele PSD, Liviu Dragnea, a convocat membrii Biroului Permanent Na\u0163ional al partidului pentru luni, la ora 12, aceasta fiind prima \u015fedin\u0163\u0103 a conducerii social-democrate dup\u0103 mai bine de 10 luni. Pre\u015fedintele PSD, Liviu Dragnea, a convocat membrii Biroului Permanent Na\u0163ional al partidului pentru luni, la ora 12, aceasta fiind prima \u015fedin\u0163\u0103 a conducerii social-democrate dup\u0103 [&hellip;]<\/p>\n","protected":false},"author":1,"featured_media":356990,"comment_status":"open","ping_status":"","sticky":false,"template":"","format":"standard","meta":{"footnotes":""},"categories":[2],"tags":[30],"class_list":["post-356989","post","type-post","status-publish","format-standard","has-post-thumbnail","hentry","category-politics","tag-observatornews-ro"],"_links":{"self":[{"href":"https:\/\/analyse.optim.biz\/index.php?rest_route=\/wp\/v2\/posts\/356989","targetHints":{"allow":["GET"]}}],"collection":[{"href":"https:\/\/analyse.optim.biz\/index.php?rest_route=\/wp\/v2\/posts"}],"about":[{"href":"https:\/\/analyse.optim.biz\/index.php?rest_route=\/wp\/v2\/types\/post"}],"author":[{"embeddable":true,"href":"https:\/\/analyse.optim.biz\/index.php?rest_route=\/wp\/v2\/users\/1"}],"replies":[{"embeddable":true,"href":"https:\/\/analyse.optim.biz\/index.php?rest_route=%2Fwp%2Fv2%2Fcomments&post=356989"}],"version-history":[{"count":0,"href":"https:\/\/analyse.optim.biz\/index.php?rest_route=\/wp\/v2\/posts\/356989\/revisions"}],"wp:featuredmedia":[{"embeddable":true,"href":"https:\/\/analyse.optim.biz\/index.php?rest_route=\/wp\/v2\/media\/356990"}],"wp:attachment":[{"href":"https:\/\/analyse.optim.biz\/index.php?rest_route=%2Fwp%2Fv2%2Fmedia&parent=356989"}],"wp:term":[{"taxonomy":"category","embeddable":true,"href":"https:\/\/analyse.optim.biz\/index.php?rest_route=%2Fwp%2Fv2%2Fcategories&post=356989"},{"taxonomy":"post_tag","embeddable":true,"href":"https:\/\/analyse.optim.biz\/index.php?rest_route=%2Fwp%2Fv2%2Ftags&post=356989"}],"curies":[{"name":"wp","href":"https:\/\/api.w.org\/{rel}","templated":true}]}}