{"id":356987,"date":"2017-07-24T09:12:00","date_gmt":"2017-07-24T06:12:00","guid":{"rendered":"https:\/\/analyse.optim.biz\/?p=356987"},"modified":"2017-07-24T09:12:00","modified_gmt":"2017-07-24T06:12:00","slug":"ponta-anunta-schimbarea-lui-liviu-dragnea-cine-va-fi-viitorul-presedinte-al-psd","status":"publish","type":"post","link":"https:\/\/analyse.optim.biz\/?p=356987","title":{"rendered":"Ponta anun\u021b\u0103 schimbarea lui Liviu Dragnea! Cine va fi viitorul pre\u015fedinte al PSD"},"content":{"rendered":"<div class=\"description\" data-key=\"description\">Fostul premier Victor Ponta anun\u021b\u0103 c\u0103 Liviu Dragnea va fi schimbat din func\u021bia de pre\u0219edinte al PSD. Conform fostului lider al social-democra\u021bilor, Dragnea va fi \u00eenlocuit de actualul premier, Mihai Tudose.<\/div>\n<div class=\"articleBody\" data-key=\"articleBody\">Fostul premier Victor Ponta anun\u021b\u0103 c\u0103 Liviu Dragnea va fi schimbat din func\u021bia de pre\u0219edinte al PSD. Conform fostului lider al social-democra\u021bilor, Dragnea va fi \u00eenlocuit de actualul premier, Mihai Tudose. <\/p>\n<p>\u201dE p\u0103cat de votul din decembrie. Se puteau lua m\u0103suri bune de sistem politic. Nu are nevoie Liviu Dragnea s\u0103 \u00eel scape de dosar, nu pentru asta s-au c\u00e2\u0219tigat alegerile. S-a pierdut o mare parte din \u00eencredere. Va fi foarte greu de f\u0103cut ce s-a promis. Lumea \u0219i-a dat seama c\u0103 promisiunile nu vor fi onorate. Eu nu mai sunt membru PSD. Am f\u0103cut politic\u0103 doar \u00een PSD, timp de 16 ani. \u00cemi pare r\u0103u c\u0103 mi-am pierdut calitatea de membru, dar nu \u00eemi pare r\u0103u c\u0103 am votat la mo\u021biune. Sunt dou\u0103 moduri total gre\u0219it de a conduce un partid, samba brazilian\u0103 \u0219i ruleta ruseasc\u0103. Toate lucrurile astea, cu porci, cu Brazilia, afecteaz\u0103 PSD, nu doar pe Liviu Dragnea.<\/p>\n<p>Dragnea vrea s\u0103 conduc\u0103 el guvernul. Pe Mihai Tudose nu mai poate s\u0103-l schimbe, e foarte probabil ca el s\u0103 preia conducerea PSD. El va prelua partidul, e invevitabil. Domnul Dragnea este o mare sl\u0103biciune pentru PSD. \u00cen istoria PSD-ului Ion Iliescu a fost un pic \u00eenaintea partidului, N\u0103stase, Geoan\u0103 aveau o imagine foarte bun\u0103. E prima dat\u0103 c\u00e2nd partidul are 40% \u015fi liderul are 15%, adic\u0103 nu merge chestia asta. Pe Tudose nu mai poate s\u0103-l dea jos Dragnea. A putut cu Sorin Grindeanu, dar acum nu mai poate.<\/p>\n<p>Dac\u0103 ar veni Dragnea s\u0103 zic\u0103 s\u0103 facem o mo\u021biune \u00eempotriva lui Tudose, lumea i-ar zice: \u201dB\u0103i, mai las\u0103-ne!\u201d. A f\u0103cut bine c\u0103 l-a schimbat pe \u0219eful ANAF.<\/p>\n<p>Eu nu am un r\u0103zboi personal cu Liviu Dragnea. El m-a \u00een\u0219elat, dar nu doar pe mine, ci pe mul\u021bi din PSD, care sunt foarte dezam\u0103gi\u021bi. Domnul Dragnea vrea s\u0103 se salveze doar pe el. Nu \u00eel intereseaz\u0103 nici via\u021ba mea, nici a altuia. Eu cred c\u0103 nu se va salva nici pe el. Dragnea era un foarte bun num\u0103r 2, un catastrofal num\u0103r 1\u201d, a spus Victor Ponta la Antena 3.\n<\/p><\/div>\n<p> Source URL: https:\/\/observatornews.ro\/politic\/ponta-anunta-schimbarea-lui-liviu-dragnea-cine-va-fi-viitorul-presedinte-al-psd-217902.html<\/p>\n","protected":false},"excerpt":{"rendered":"<p>Fostul premier Victor Ponta anun\u021b\u0103 c\u0103 Liviu Dragnea va fi schimbat din func\u021bia de pre\u0219edinte al PSD. Conform fostului lider al social-democra\u021bilor, Dragnea va fi \u00eenlocuit de actualul premier, Mihai Tudose. Fostul premier Victor Ponta anun\u021b\u0103 c\u0103 Liviu Dragnea va fi schimbat din func\u021bia de pre\u0219edinte al PSD. Conform fostului lider al social-democra\u021bilor, Dragnea va [&hellip;]<\/p>\n","protected":false},"author":1,"featured_media":356988,"comment_status":"open","ping_status":"","sticky":false,"template":"","format":"standard","meta":{"footnotes":""},"categories":[2],"tags":[30],"class_list":["post-356987","post","type-post","status-publish","format-standard","has-post-thumbnail","hentry","category-politics","tag-observatornews-ro"],"_links":{"self":[{"href":"https:\/\/analyse.optim.biz\/index.php?rest_route=\/wp\/v2\/posts\/356987","targetHints":{"allow":["GET"]}}],"collection":[{"href":"https:\/\/analyse.optim.biz\/index.php?rest_route=\/wp\/v2\/posts"}],"about":[{"href":"https:\/\/analyse.optim.biz\/index.php?rest_route=\/wp\/v2\/types\/post"}],"author":[{"embeddable":true,"href":"https:\/\/analyse.optim.biz\/index.php?rest_route=\/wp\/v2\/users\/1"}],"replies":[{"embeddable":true,"href":"https:\/\/analyse.optim.biz\/index.php?rest_route=%2Fwp%2Fv2%2Fcomments&post=356987"}],"version-history":[{"count":0,"href":"https:\/\/analyse.optim.biz\/index.php?rest_route=\/wp\/v2\/posts\/356987\/revisions"}],"wp:featuredmedia":[{"embeddable":true,"href":"https:\/\/analyse.optim.biz\/index.php?rest_route=\/wp\/v2\/media\/356988"}],"wp:attachment":[{"href":"https:\/\/analyse.optim.biz\/index.php?rest_route=%2Fwp%2Fv2%2Fmedia&parent=356987"}],"wp:term":[{"taxonomy":"category","embeddable":true,"href":"https:\/\/analyse.optim.biz\/index.php?rest_route=%2Fwp%2Fv2%2Fcategories&post=356987"},{"taxonomy":"post_tag","embeddable":true,"href":"https:\/\/analyse.optim.biz\/index.php?rest_route=%2Fwp%2Fv2%2Ftags&post=356987"}],"curies":[{"name":"wp","href":"https:\/\/api.w.org\/{rel}","templated":true}]}}