{"id":356753,"date":"2017-07-28T15:23:00","date_gmt":"2017-07-28T12:23:00","guid":{"rendered":"https:\/\/analyse.optim.biz\/?p=356753"},"modified":"2017-07-28T15:23:00","modified_gmt":"2017-07-28T12:23:00","slug":"presedintele-moldovei-igor-dodon-mesaj-naucitor-dupa-ce-romania-a-interzis-survolul-avionului-care-il-avea-la-bord-pe-vicepremierul-rus-dmitri-rogozin","status":"publish","type":"post","link":"https:\/\/analyse.optim.biz\/?p=356753","title":{"rendered":"Pre\u015fedintele Moldovei, Igor Dodon, mesaj N\u0102UCITOR dup\u0103 ce Rom\u00e2nia a interzis survolul avionului care \u00eel avea la bord pe vicepremierul rus Dmitri Rogozin"},"content":{"rendered":"<div class=\"description\" data-key=\"description\">Pre\u015fedintele Republicii Moldova Igor Dodon a declarat, vineri, \u00eentr-o conferin\u0163\u0103 de pres\u0103, referindu-se la interdic\u0163ia impus\u0103 de autorit\u0103\u0163ile rom\u00e2ne avionului \u00een care se afla vicepremierul rus Dmitri Rogozin, c\u0103 decizia este una intern\u0103 a autorit\u0103\u0163ilor rom\u00e2ne, dar a \u00eentrebat de ce au fost \u0163inu\u0163i \u00een aer sute de cet\u0103\u0163eni moldoveni.<\/div>\n<div class=\"articleBody\" data-key=\"articleBody\">Pre\u015fedintele Republicii Moldova Igor Dodon a declarat, vineri, \u00eentr-o conferin\u0163\u0103 de pres\u0103, referindu-se la interdic\u0163ia impus\u0103 de autorit\u0103\u0163ile rom\u00e2ne avionului \u00een care se afla vicepremierul rus Dmitri Rogozin, c\u0103 decizia este una intern\u0103 a autorit\u0103\u0163ilor rom\u00e2ne, dar a \u00eentrebat de ce au fost \u0163inu\u0163i \u00een aer sute de cet\u0103\u0163eni moldoveni.<\/p>\n<p>&#8220;Rom\u00e2nia a luat decizia, asta e treaba lor intern\u0103. \u00cen avion erau sute de moldoveni cu copii mici. De ce a\u0163i f\u0103cut acest lucru? Dac\u0103 a\u0163i vrut \u015fi a\u0163i avut o \u00een\u0163elegere cu cineva, trebuia s\u0103 l\u0103sa\u0163i avionul s\u0103 vin\u0103 la Chi\u015fin\u0103u. De ce a\u0163i \u0163inut \u00een aer sute de cet\u0103\u0163eni ai Republicii Moldova, care mai bine de trei ore \u015fi jum\u0103tate &#8211; patru st\u0103teau \u015fi pl\u00e2ngeau \u00een avion c\u0103 nu \u015ftiau ce se \u00eent\u00e2mpl\u0103?&#8221;, a \u00eentrebat Dodon \u00eentr-o conferin\u0163\u0103 de pres\u0103.<\/p>\n<p>&#8220;Asist\u0103m la un show rusofob f\u0103r\u0103 precedent, \u00eempotriva cet\u0103\u0163enilor moldoveni. O s\u0103 le ias\u0103 pe ochi celor care au \u00eenceput acest show! Voi crede\u0163i c\u0103 blocarea unor arti\u015fti sau a unor avioane va face rating la americani? Partidul Democrat e doar un pion \u00een aceast\u0103 joac\u0103, joaca e mult mai complex\u0103. Chi\u015fin\u0103ul \u015fi Bucure\u015ftiul sunt parte a unui joc politic al NATO \u00eempotriva Rusiei.&#8221;, a mai spus Dodon.<\/p>\n<p>Rom\u00e2nia a interzis accesul \u00een spa\u0163iul s\u0103u aerian pentru avionul \u00een care se afla vicepremierul rus Dimitri Rogozin, aeronava ajung\u00e2nd deasupra Ungariei, unde nu i s-a permis aterizarea.<\/p>\n<p>Ministerul Afacerilor Externe a confirmat, \u00eentr-un r\u0103spuns la o solicitare News.ro, c\u0103 autorit\u0103\u0163ile de la Bucure\u015fti nu au fost de acord ca Dmitri Rogozin s\u0103 survoleze spa\u0163iul aerian na\u0163ional.<\/p>\n<p>\u201dReferitor la solicitarea dumneavoastr\u0103, Ministerul Afacerilor Externe v\u0103 informeaz\u0103 c\u0103 autorit\u0103\u0163ile de la Bucure\u015fti nu au fost de acord ca Dmitri Rogozin s\u0103 survoleze spa\u0163iul aerian na\u0163ional\u201d, se arat\u0103 \u00een r\u0103spunsul MAE.<\/p>\n<p>Vicepremierul Rus Dimitri Rogozin a scris pe Twitter, referindu-se la refuzul autorit\u0103\u0163ilor de la Bucure\u015fti de a permite accesul avionului \u00een care se afla \u00een spa\u0163iul aerian rom\u00e2nesc, c\u0103 aceast\u0103 decizie a pus \u00een pericol vie\u0163ile pasagerilor, \u00eencheindu-\u015fi postarea cu amenin\u0163area: &#8220;A\u015ftepta\u0163i r\u0103spuns, nemernicilor!&#8221;.\n<\/p><\/div>\n<p> Source URL: https:\/\/observatornews.ro\/politic\/presedintele-moldovei-igor-dodon-mesaj-naucitor-dupa-ce-romania-a-interzis-survolul-avionului-care-il-avea-la-bord-pe-vicepremierul-rus-dmitri-rogozin-218412.html<\/p>\n","protected":false},"excerpt":{"rendered":"<p>Pre\u015fedintele Republicii Moldova Igor Dodon a declarat, vineri, \u00eentr-o conferin\u0163\u0103 de pres\u0103, referindu-se la interdic\u0163ia impus\u0103 de autorit\u0103\u0163ile rom\u00e2ne avionului \u00een care se afla vicepremierul rus Dmitri Rogozin, c\u0103 decizia este una intern\u0103 a autorit\u0103\u0163ilor rom\u00e2ne, dar a \u00eentrebat de ce au fost \u0163inu\u0163i \u00een aer sute de cet\u0103\u0163eni moldoveni. Pre\u015fedintele Republicii Moldova Igor Dodon [&hellip;]<\/p>\n","protected":false},"author":1,"featured_media":356754,"comment_status":"open","ping_status":"","sticky":false,"template":"","format":"standard","meta":{"footnotes":""},"categories":[2],"tags":[30],"class_list":["post-356753","post","type-post","status-publish","format-standard","has-post-thumbnail","hentry","category-politics","tag-observatornews-ro"],"_links":{"self":[{"href":"https:\/\/analyse.optim.biz\/index.php?rest_route=\/wp\/v2\/posts\/356753","targetHints":{"allow":["GET"]}}],"collection":[{"href":"https:\/\/analyse.optim.biz\/index.php?rest_route=\/wp\/v2\/posts"}],"about":[{"href":"https:\/\/analyse.optim.biz\/index.php?rest_route=\/wp\/v2\/types\/post"}],"author":[{"embeddable":true,"href":"https:\/\/analyse.optim.biz\/index.php?rest_route=\/wp\/v2\/users\/1"}],"replies":[{"embeddable":true,"href":"https:\/\/analyse.optim.biz\/index.php?rest_route=%2Fwp%2Fv2%2Fcomments&post=356753"}],"version-history":[{"count":0,"href":"https:\/\/analyse.optim.biz\/index.php?rest_route=\/wp\/v2\/posts\/356753\/revisions"}],"wp:featuredmedia":[{"embeddable":true,"href":"https:\/\/analyse.optim.biz\/index.php?rest_route=\/wp\/v2\/media\/356754"}],"wp:attachment":[{"href":"https:\/\/analyse.optim.biz\/index.php?rest_route=%2Fwp%2Fv2%2Fmedia&parent=356753"}],"wp:term":[{"taxonomy":"category","embeddable":true,"href":"https:\/\/analyse.optim.biz\/index.php?rest_route=%2Fwp%2Fv2%2Fcategories&post=356753"},{"taxonomy":"post_tag","embeddable":true,"href":"https:\/\/analyse.optim.biz\/index.php?rest_route=%2Fwp%2Fv2%2Ftags&post=356753"}],"curies":[{"name":"wp","href":"https:\/\/api.w.org\/{rel}","templated":true}]}}