{"id":356694,"date":"2017-07-30T09:56:00","date_gmt":"2017-07-30T06:56:00","guid":{"rendered":"https:\/\/analyse.optim.biz\/?p=356694"},"modified":"2017-07-30T09:56:00","modified_gmt":"2017-07-30T06:56:00","slug":"provocarile-de-securitate-la-adresa-romaniei-si-nato-dezbatute-la-bucuresti","status":"publish","type":"post","link":"https:\/\/analyse.optim.biz\/?p=356694","title":{"rendered":"Provoc\u0103rile de SECURITATE la adresa Rom\u00e2niei \u0219i NATO, dezb\u0103tute la Bucure\u0219ti"},"content":{"rendered":"<div class=\"description\" data-key=\"description\">Provoc\u0103rile de securitate actuale la adresa Rom\u00e2niei \u0219i a \u021b\u0103rilor membre NATO vor fi dezb\u0103tute la evenimentul &#8220;Defence and Dialogue in Eastern Europe&#8221; (DDEE), organizat la Bucure\u0219ti, \u00een perioada 31 iulie &#8211; 5 august, informeaz\u0103 un comunicat transmis AGERPRES<\/div>\n<div class=\"articleBody\" data-key=\"articleBody\">Provoc\u0103rile de securitate actuale la adresa Rom\u00e2niei \u0219i a \u021b\u0103rilor membre NATO vor fi dezb\u0103tute la evenimentul &#8220;Defence and Dialogue in Eastern Europe&#8221; (DDEE), organizat la Bucure\u0219ti, \u00een perioada 31 iulie &#8211; 5 august, informeaz\u0103 un comunicat transmis AGERPRES<\/p>\n<p>Potrivit sursei citate, amenin\u021b\u0103rile hibride, campaniile de dezinformare din ultimii ani sau atacurile cibernetice pe scar\u0103 larg\u0103 vor fi dezb\u0103tute de exper\u021bi interna\u021bionali, dar \u0219i de oficialit\u0103\u021bi din Rom\u00e2nia \u00een cadrul evenimentului desf\u0103\u0219urat sub egida NATO. Printre cei prezen\u021bi se vor afla secretarul de stat \u00een MAE Victor Micula, general maior Paul Hurmuz, loc\u021biitorul Departamentului pentru politica de ap\u0103rare \u0219i planificare din MApN, \u0219eful Departamentului de integrare, parteneriat \u0219i cooperare euro-atlantic\u0103 din cadrul Diviziei afaceri politice \u0219i politici de securitate a NATO, James Mackey, David Schlaefer, ofi\u021ber politic \u0219i \u0219ef adjunct interimar al Ambasadei SUA la Bucure\u0219ti, secretarul de stat \u00een MAI dr. Raed Arafat, \u0219eful Departamentului pentru situa\u021bii de urgen\u021b\u0103, Kimberly Zenz din partea Consiliului Atlantic din Statele Unite, reprezentan\u021bi ai MApN, Ministerului Afacerilor Externe \u0219i formatori de opinie rom\u00e2ni.<\/p>\n<p>La evenimentul organizat de Euro Atlantic Diplomacy Society vor fi prezen\u021bi aproximativ 200 de tineri din 36 de \u021b\u0103ri, iar dezbaterile se vor axa pe teme de mare actualitate precum securitatea cibernetic\u0103, scutul anti-rachet\u0103, enhanced\/tailored forward presence, dar \u0219i combaterea dezinform\u0103rii, proiectarea stabilit\u0103\u021bii, rela\u021biile NATO-UE.<\/p>\n<p>Evenimentul va include \u0219i o simulare de proces decizional NATO dedicat\u0103 tinerilor.<\/p>\n<p>Dezbaterile se vor desf\u0103\u0219ura la Biblioteca Central\u0103 Universitar\u0103 &#8220;Carol I&#8221; (1-2 august). De asemenea, participan\u021bii la eveniment vor face o vizit\u0103 de studiu la Statul Major al For\u021belor Terestre (2 august) \u0219i vor interpreta rolul de diplomat al unui stat membru sau partener NATO \u00een cadrul unei simul\u0103ri de amploare ce va avea loc la JW Marriott Grand Hotel Bucharest (3-4 august).<\/p>\n<p>Surs\u0103: Agerpres\n<\/p><\/div>\n<p> Source URL: https:\/\/observatornews.ro\/politic\/provocarile-de-securitate-la-adresa-romaniei-si-nato-dezbatute-la-bucuresti-218590.html<\/p>\n","protected":false},"excerpt":{"rendered":"<p>Provoc\u0103rile de securitate actuale la adresa Rom\u00e2niei \u0219i a \u021b\u0103rilor membre NATO vor fi dezb\u0103tute la evenimentul &#8220;Defence and Dialogue in Eastern Europe&#8221; (DDEE), organizat la Bucure\u0219ti, \u00een perioada 31 iulie &#8211; 5 august, informeaz\u0103 un comunicat transmis AGERPRES Provoc\u0103rile de securitate actuale la adresa Rom\u00e2niei \u0219i a \u021b\u0103rilor membre NATO vor fi dezb\u0103tute la [&hellip;]<\/p>\n","protected":false},"author":1,"featured_media":356695,"comment_status":"open","ping_status":"","sticky":false,"template":"","format":"standard","meta":{"footnotes":""},"categories":[2],"tags":[30],"class_list":["post-356694","post","type-post","status-publish","format-standard","has-post-thumbnail","hentry","category-politics","tag-observatornews-ro"],"_links":{"self":[{"href":"https:\/\/analyse.optim.biz\/index.php?rest_route=\/wp\/v2\/posts\/356694","targetHints":{"allow":["GET"]}}],"collection":[{"href":"https:\/\/analyse.optim.biz\/index.php?rest_route=\/wp\/v2\/posts"}],"about":[{"href":"https:\/\/analyse.optim.biz\/index.php?rest_route=\/wp\/v2\/types\/post"}],"author":[{"embeddable":true,"href":"https:\/\/analyse.optim.biz\/index.php?rest_route=\/wp\/v2\/users\/1"}],"replies":[{"embeddable":true,"href":"https:\/\/analyse.optim.biz\/index.php?rest_route=%2Fwp%2Fv2%2Fcomments&post=356694"}],"version-history":[{"count":0,"href":"https:\/\/analyse.optim.biz\/index.php?rest_route=\/wp\/v2\/posts\/356694\/revisions"}],"wp:featuredmedia":[{"embeddable":true,"href":"https:\/\/analyse.optim.biz\/index.php?rest_route=\/wp\/v2\/media\/356695"}],"wp:attachment":[{"href":"https:\/\/analyse.optim.biz\/index.php?rest_route=%2Fwp%2Fv2%2Fmedia&parent=356694"}],"wp:term":[{"taxonomy":"category","embeddable":true,"href":"https:\/\/analyse.optim.biz\/index.php?rest_route=%2Fwp%2Fv2%2Fcategories&post=356694"},{"taxonomy":"post_tag","embeddable":true,"href":"https:\/\/analyse.optim.biz\/index.php?rest_route=%2Fwp%2Fv2%2Ftags&post=356694"}],"curies":[{"name":"wp","href":"https:\/\/api.w.org\/{rel}","templated":true}]}}