{"id":356241,"date":"2017-08-13T10:34:00","date_gmt":"2017-08-13T07:34:00","guid":{"rendered":"https:\/\/analyse.optim.biz\/?p=356241"},"modified":"2017-08-13T10:34:00","modified_gmt":"2017-08-13T07:34:00","slug":"doliu-in-psd-un-deputat-s-a-stins-din-viata","status":"publish","type":"post","link":"https:\/\/analyse.optim.biz\/?p=356241","title":{"rendered":"DOLIU \u00een PSD! Un deputat s-a stins din via\u0163\u0103!"},"content":{"rendered":"<div class=\"description\" data-key=\"description\">Deputatul PSD de Bihor Adelina Coste a \u00eencetat din via\u021b\u0103, \u00een noaptea de s\u00e2mb\u0103t\u0103 spre duminic\u0103, potrivit unor apropia\u021bi ai familiei \u0219i membri ai organiza\u021biei jude\u021bene PSD, informeaz\u0103 Agerpres<\/div>\n<div class=\"articleBody\" data-key=\"articleBody\">Deputatul PSD de Bihor Adelina Coste a \u00eencetat din via\u021b\u0103, \u00een noaptea de s\u00e2mb\u0103t\u0103 spre duminic\u0103, potrivit unor apropia\u021bi ai familiei \u0219i membri ai organiza\u021biei jude\u021bene PSD, informeaz\u0103 Agerpres<\/p>\n<p>&#8220;Am aflat aceast\u0103 trist\u0103 veste chiar de la so\u021bul doamnei Adelina (&#8230;) Este adev\u0103rat, din p\u0103cate&#8221;, a declarat, pentru AGERPRES, deputatul PSD Bihor Ioan Roman.<\/p>\n<p>Fost\u0103 candidat\u0103 a social-democra\u021bilor pentru Prim\u0103ria Oradea la alegerile din iunie 2016, Adelina Coste a intrat \u00een Parlament la alegerile din decembrie 2016, dar la \u00eenceputul acestui an a fost diagnosticat\u0103 cu o boal\u0103 grav\u0103 care a \u021binut-o departe de b\u0103ncile Camerei.<\/p>\n<p>Adelina Coste, n\u0103scut\u0103 \u00een 1965, a fost director al Cancelariei Prefectului Bihor \u00eenainte de 2010, apoi subprefect \u0219i consilier local PDL din 2012. \u00cen 2014 a intrat \u00een Partidul Social Democrat \u00een care a ocupat func\u021biile de pre\u0219edinte executiv BPL Oradea \u0219i vicepre\u0219edinte BPJ PSD Bihor.<\/p>\n<p>Surs\u0103: Agerpres\n<\/p><\/div>\n<p> Source URL: https:\/\/observatornews.ro\/politic\/doliu-in-psd-un-deputat-sa-stins-din-viata-220391.html<\/p>\n","protected":false},"excerpt":{"rendered":"<p>Deputatul PSD de Bihor Adelina Coste a \u00eencetat din via\u021b\u0103, \u00een noaptea de s\u00e2mb\u0103t\u0103 spre duminic\u0103, potrivit unor apropia\u021bi ai familiei \u0219i membri ai organiza\u021biei jude\u021bene PSD, informeaz\u0103 Agerpres Deputatul PSD de Bihor Adelina Coste a \u00eencetat din via\u021b\u0103, \u00een noaptea de s\u00e2mb\u0103t\u0103 spre duminic\u0103, potrivit unor apropia\u021bi ai familiei \u0219i membri ai organiza\u021biei jude\u021bene [&hellip;]<\/p>\n","protected":false},"author":1,"featured_media":356242,"comment_status":"open","ping_status":"","sticky":false,"template":"","format":"standard","meta":{"footnotes":""},"categories":[2],"tags":[30],"class_list":["post-356241","post","type-post","status-publish","format-standard","has-post-thumbnail","hentry","category-politics","tag-observatornews-ro"],"_links":{"self":[{"href":"https:\/\/analyse.optim.biz\/index.php?rest_route=\/wp\/v2\/posts\/356241","targetHints":{"allow":["GET"]}}],"collection":[{"href":"https:\/\/analyse.optim.biz\/index.php?rest_route=\/wp\/v2\/posts"}],"about":[{"href":"https:\/\/analyse.optim.biz\/index.php?rest_route=\/wp\/v2\/types\/post"}],"author":[{"embeddable":true,"href":"https:\/\/analyse.optim.biz\/index.php?rest_route=\/wp\/v2\/users\/1"}],"replies":[{"embeddable":true,"href":"https:\/\/analyse.optim.biz\/index.php?rest_route=%2Fwp%2Fv2%2Fcomments&post=356241"}],"version-history":[{"count":0,"href":"https:\/\/analyse.optim.biz\/index.php?rest_route=\/wp\/v2\/posts\/356241\/revisions"}],"wp:featuredmedia":[{"embeddable":true,"href":"https:\/\/analyse.optim.biz\/index.php?rest_route=\/wp\/v2\/media\/356242"}],"wp:attachment":[{"href":"https:\/\/analyse.optim.biz\/index.php?rest_route=%2Fwp%2Fv2%2Fmedia&parent=356241"}],"wp:term":[{"taxonomy":"category","embeddable":true,"href":"https:\/\/analyse.optim.biz\/index.php?rest_route=%2Fwp%2Fv2%2Fcategories&post=356241"},{"taxonomy":"post_tag","embeddable":true,"href":"https:\/\/analyse.optim.biz\/index.php?rest_route=%2Fwp%2Fv2%2Ftags&post=356241"}],"curies":[{"name":"wp","href":"https:\/\/api.w.org\/{rel}","templated":true}]}}