{"id":356237,"date":"2017-08-14T09:32:00","date_gmt":"2017-08-14T06:32:00","guid":{"rendered":"https:\/\/analyse.optim.biz\/?p=356237"},"modified":"2017-08-14T09:32:00","modified_gmt":"2017-08-14T06:32:00","slug":"nicusor-dan-noi-declaratii-privind-revenirea-sa-pe-scena-politica","status":"publish","type":"post","link":"https:\/\/analyse.optim.biz\/?p=356237","title":{"rendered":"Nicu\u015for Dan, noi declara\u0163ii privind revenirea sa pe scena politic\u0103"},"content":{"rendered":"<div class=\"description\" data-key=\"description\">Fostul pre\u015fedinte al USR Nicu\u015for Dan a declarat, la Parlament, c\u0103 nu va reveni \u00eentr-un partid care \u201ese pozitioneaz\u0103 altfel dec\u00e2t \u00een campania electoral\u0103\u201d \u015fi anun\u0163\u0103 c\u0103, \u00een cazul \u00een care partidul reconsider\u0103 \u015fi spune c\u0103 pe ini\u0163iativa de modificare a Constitu\u0163iei pentru redefinirea familiei nu are o pozi\u0163ie unitar\u0103, atunci revine \u00een forma\u0163iunea politic\u0103.<\/div>\n<div class=\"articleBody\" data-key=\"articleBody\">Fostul pre\u015fedinte al USR Nicu\u015for Dan a declarat, la Parlament, c\u0103 nu va reveni \u00eentr-un partid care \u201ese pozitioneaz\u0103 altfel dec\u00e2t \u00een campania electoral\u0103\u201d \u015fi anun\u0163\u0103 c\u0103, \u00een cazul \u00een care partidul reconsider\u0103 \u015fi spune c\u0103 pe ini\u0163iativa de modificare a Constitu\u0163iei pentru redefinirea familiei nu are o pozi\u0163ie unitar\u0103, atunci revine \u00een forma\u0163iunea politic\u0103.<\/p>\n<p>\u201eNu m\u0103 \u00eentorc \u00eentr-un partid care se pozi\u0163ioneaz\u0103 \u00een mod oficial altfel dec\u00e2t am vorbit \u00een campania electoral\u0103 (&#8230;) M\u0103 voi \u00eentoarce \u00een USR atunci c\u00e2nd convingerile mele sunt acelea\u015fi cu ale partidului. (&#8230;) Dac\u0103 la un moment dat partidul reconsider\u0103 \u015fi spune c\u0103 pe aceast\u0103 chestiune nu are o pozi\u0163ie unitar\u0103, atunci da, revin \u00een partid. \u00cen acest moment, sunt \u00een afara USR\u201d, a declarat Nicu\u015for Dan.<\/p>\n<p>El a precizat c\u0103 r\u0103m\u00e2ne parlamentar \u015fi c\u0103 va colabora cu oricine.<\/p>\n<p>\u201eProbabil c\u0103 voi colabora ca parlamentar afiliat\u201d, a mai spus Nicu\u015for Dan.<\/p>\n<p>El crede c\u0103 referendumul organizat \u00een interiorul USR a divizat forma\u0163iunea.<\/p>\n<p>\u201dA fost un referendum cu un scor str\u00e2ns, ceea ce dovede\u015fte \u00eenc\u0103 o dat\u0103 c\u0103 discu\u0163ia asta nu trebuia s\u0103 aib\u0103 loc acum. Este o divizare \u015fi \u00een ceea ce prive\u015fte membrii USR, c\u00e2t \u015fi \u00een ceea ce prive\u015fte publicul pe care USR \u00eel are. Eu vreau s\u0103 mul\u0163umesc celor care au militat pentru ca patidul s\u0103-\u015fi p\u0103streze pozi\u0163ia din campania electoral\u0103 \u015fi s\u0103 \u00eei asigur c\u0103 r\u0103m\u00e2n \u00een politic\u0103\u201d, a subliniat Nicu\u015for Dan.<\/p>\n<p>Peste jum\u0103tate dintre membrii USR, respectiv 52.7%, au votat pentru pozi\u0163ionarea partidului fa\u0163\u0103 de ini\u0163iativa de modificare a Constitu\u0163iei pentru redefinirea familiei, votul \u00eempotriva redefinirii familiei fiind majoritar, 864 de membri pronun\u0163\u00e2ndu-se \u00een acest sens, anun\u0163\u0103 forma\u0163iunea, preciz\u00e2nd c\u0103 la referendumul intern \u00eencheiat duminic\u0103 la ora 24:00, din totalul de 1829 de membri USR au votat 1453, prezen\u0163a final\u0103 la vot fiind de 78%.\u00a0<\/p>\n<p>Sursa: News.ro\n<\/p><\/div>\n<p> Source URL: https:\/\/observatornews.ro\/politic\/nicusor-dan-face-anuntul-privind-revenirea-sa-pe-scena-politica-220476.html<\/p>\n","protected":false},"excerpt":{"rendered":"<p>Fostul pre\u015fedinte al USR Nicu\u015for Dan a declarat, la Parlament, c\u0103 nu va reveni \u00eentr-un partid care \u201ese pozitioneaz\u0103 altfel dec\u00e2t \u00een campania electoral\u0103\u201d \u015fi anun\u0163\u0103 c\u0103, \u00een cazul \u00een care partidul reconsider\u0103 \u015fi spune c\u0103 pe ini\u0163iativa de modificare a Constitu\u0163iei pentru redefinirea familiei nu are o pozi\u0163ie unitar\u0103, atunci revine \u00een forma\u0163iunea politic\u0103. [&hellip;]<\/p>\n","protected":false},"author":1,"featured_media":356238,"comment_status":"open","ping_status":"","sticky":false,"template":"","format":"standard","meta":{"footnotes":""},"categories":[2],"tags":[30],"class_list":["post-356237","post","type-post","status-publish","format-standard","has-post-thumbnail","hentry","category-politics","tag-observatornews-ro"],"_links":{"self":[{"href":"https:\/\/analyse.optim.biz\/index.php?rest_route=\/wp\/v2\/posts\/356237","targetHints":{"allow":["GET"]}}],"collection":[{"href":"https:\/\/analyse.optim.biz\/index.php?rest_route=\/wp\/v2\/posts"}],"about":[{"href":"https:\/\/analyse.optim.biz\/index.php?rest_route=\/wp\/v2\/types\/post"}],"author":[{"embeddable":true,"href":"https:\/\/analyse.optim.biz\/index.php?rest_route=\/wp\/v2\/users\/1"}],"replies":[{"embeddable":true,"href":"https:\/\/analyse.optim.biz\/index.php?rest_route=%2Fwp%2Fv2%2Fcomments&post=356237"}],"version-history":[{"count":0,"href":"https:\/\/analyse.optim.biz\/index.php?rest_route=\/wp\/v2\/posts\/356237\/revisions"}],"wp:featuredmedia":[{"embeddable":true,"href":"https:\/\/analyse.optim.biz\/index.php?rest_route=\/wp\/v2\/media\/356238"}],"wp:attachment":[{"href":"https:\/\/analyse.optim.biz\/index.php?rest_route=%2Fwp%2Fv2%2Fmedia&parent=356237"}],"wp:term":[{"taxonomy":"category","embeddable":true,"href":"https:\/\/analyse.optim.biz\/index.php?rest_route=%2Fwp%2Fv2%2Fcategories&post=356237"},{"taxonomy":"post_tag","embeddable":true,"href":"https:\/\/analyse.optim.biz\/index.php?rest_route=%2Fwp%2Fv2%2Ftags&post=356237"}],"curies":[{"name":"wp","href":"https:\/\/api.w.org\/{rel}","templated":true}]}}