{"id":353591,"date":"2017-09-18T10:22:00","date_gmt":"2017-09-18T07:22:00","guid":{"rendered":"https:\/\/analyse.optim.biz\/?p=353591"},"modified":"2017-09-18T10:22:00","modified_gmt":"2017-09-18T07:22:00","slug":"mirel-palada-primul-mesaj-dupa-bataia-cu-mihai-gotiu-voi-muri-cu-dintii-infipti-in-video","status":"publish","type":"post","link":"https:\/\/analyse.optim.biz\/?p=353591","title":{"rendered":"Mirel Palada, PRIMUL MESAJ dup\u0103 b\u0103taia cu Mihai Go\u021biu: &#8220;Voi muri cu din\u021bii \u00eenfip\u021bi \u00een &#8230;&#8221; (VIDEO)"},"content":{"rendered":"<div class=\"description\" data-key=\"description\">Fostul purt\u0103tor de cuv\u00e2nt al Guvernului, Mirel Palada, a transmis primul mesaj dup\u0103 alterca\u0163ia pe care a avut-o, s\u0103pt\u0103m\u00e2na trecut\u0103, cu senatorul USR Mihai Go\u0163iu.<\/div>\n<div class=\"articleBody\" data-key=\"articleBody\">Fostul purt\u0103tor de cuv\u00e2nt al Guvernului, Mirel Palada, a transmis primul mesaj dup\u0103 alterca\u0163ia pe care a avut-o, s\u0103pt\u0103m\u00e2na trecut\u0103, cu senatorul USR Mihai Go\u0163iu.<\/p>\n<p>\u201dAha. Deci `Voi muri cu dintii infipti in gitul vostru` e voie sa spui. Aha. Deontologi. Deontologi everywhere\u201d, a scris sociologul pe Facebook, referindu-se la\u00a0reac\u021bia jurnalistului Dan Tapalag\u0103 la acuza\u021bia fostului colonel SRI Daniel Dragomir c\u0103 a fost omul lui Florian Coldea.\u00a0<\/p>\n<p>\u00centr-un comentariu, Mirel Palada mai precizeaz\u0103: \u201dAm fost plecat, n-am avut calculatorul la mine, am avut un program f incarcat. M-am intors de-abia aseara la miezul noptii. Nu mor caii cind vor useristii\u201d.<\/p>\n<p>S\u0103pt\u0103m\u00e2na trecut\u0103, camerele de supraveghere au surprins momente de\u00a0 o violen\u0163\u0103 nemai\u00eent\u00e2lnit\u0103 \u00eentr-un platou de televiziune. Protagoni\u015fti:\u00a0Mihai Go\u0163iu \u015fi Mirel Palada.<\/p>\n<p>Din imagini reiese c\u0103 fostul purt\u0103tor de cuv\u00e2nt al Guvernului, Mirel Palada, se n\u0103puste\u015fte asupra senatorului USR, Mihai Go\u0163iu. \u00cel apuc\u0103 de p\u0103r \u015fi apoi \u00eencepe lupta corp la corp. Moderatoarea \u015focat\u0103 cere insistent ca cei doi s\u0103 p\u0103r\u0103seasc\u0103 studioul.<\/p>\n<p>Camera de supraveghere montat\u0103 l\u00e2ng\u0103 platoul emisiunii surprinde reac\u0163ia angaja\u0163ilor din momentul \u00een care \u00eencepe r\u0103fuial\u0103.<\/p>\n<p>\u00cen timp ce unul dintre ei pleac\u0103 s\u0103 cear\u0103 ajutor, al\u0163i doi b\u0103rba\u0163i intervin. Apoi, patru oameni \u00eencearc\u0103 s\u0103 pun\u0103 cap\u0103t conflictului.<\/p>\n<p>\u00centr-un final, Mirel Palada p\u0103r\u0103se\u015fte studioul cu agentul de paz\u0103 pe urmele sale.\n<\/p><\/div>\n<p> Source URL: https:\/\/observatornews.ro\/politic\/mirel-palada-primul-mesaj-dupa-bataia-cu-mihai-gotiu-voi-muri-cu-dintii-infipti-in-224801.html<\/p>\n","protected":false},"excerpt":{"rendered":"<p>Fostul purt\u0103tor de cuv\u00e2nt al Guvernului, Mirel Palada, a transmis primul mesaj dup\u0103 alterca\u0163ia pe care a avut-o, s\u0103pt\u0103m\u00e2na trecut\u0103, cu senatorul USR Mihai Go\u0163iu. Fostul purt\u0103tor de cuv\u00e2nt al Guvernului, Mirel Palada, a transmis primul mesaj dup\u0103 alterca\u0163ia pe care a avut-o, s\u0103pt\u0103m\u00e2na trecut\u0103, cu senatorul USR Mihai Go\u0163iu. \u201dAha. Deci `Voi muri cu [&hellip;]<\/p>\n","protected":false},"author":1,"featured_media":353592,"comment_status":"open","ping_status":"","sticky":false,"template":"","format":"standard","meta":{"footnotes":""},"categories":[2],"tags":[30],"class_list":["post-353591","post","type-post","status-publish","format-standard","has-post-thumbnail","hentry","category-politics","tag-observatornews-ro"],"_links":{"self":[{"href":"https:\/\/analyse.optim.biz\/index.php?rest_route=\/wp\/v2\/posts\/353591","targetHints":{"allow":["GET"]}}],"collection":[{"href":"https:\/\/analyse.optim.biz\/index.php?rest_route=\/wp\/v2\/posts"}],"about":[{"href":"https:\/\/analyse.optim.biz\/index.php?rest_route=\/wp\/v2\/types\/post"}],"author":[{"embeddable":true,"href":"https:\/\/analyse.optim.biz\/index.php?rest_route=\/wp\/v2\/users\/1"}],"replies":[{"embeddable":true,"href":"https:\/\/analyse.optim.biz\/index.php?rest_route=%2Fwp%2Fv2%2Fcomments&post=353591"}],"version-history":[{"count":0,"href":"https:\/\/analyse.optim.biz\/index.php?rest_route=\/wp\/v2\/posts\/353591\/revisions"}],"wp:featuredmedia":[{"embeddable":true,"href":"https:\/\/analyse.optim.biz\/index.php?rest_route=\/wp\/v2\/media\/353592"}],"wp:attachment":[{"href":"https:\/\/analyse.optim.biz\/index.php?rest_route=%2Fwp%2Fv2%2Fmedia&parent=353591"}],"wp:term":[{"taxonomy":"category","embeddable":true,"href":"https:\/\/analyse.optim.biz\/index.php?rest_route=%2Fwp%2Fv2%2Fcategories&post=353591"},{"taxonomy":"post_tag","embeddable":true,"href":"https:\/\/analyse.optim.biz\/index.php?rest_route=%2Fwp%2Fv2%2Ftags&post=353591"}],"curies":[{"name":"wp","href":"https:\/\/api.w.org\/{rel}","templated":true}]}}