{"id":353589,"date":"2017-09-18T13:07:00","date_gmt":"2017-09-18T10:07:00","guid":{"rendered":"https:\/\/analyse.optim.biz\/?p=353589"},"modified":"2017-09-18T13:07:00","modified_gmt":"2017-09-18T10:07:00","slug":"presedintele-pnl-ludovic-orban-a-fost-audiat-la-dna-intr-un-dosar-din-2014","status":"publish","type":"post","link":"https:\/\/analyse.optim.biz\/?p=353589","title":{"rendered":"Pre\u015fedintele PNL, Ludovic Orban, a fost audiat la DNA, \u00eentr-un dosar din 2014"},"content":{"rendered":"<div class=\"description\" data-key=\"description\">Pre\u015fedintele PNL Ludovic Orban se afl\u0103 luni dup\u0103-amiaz\u0103 la DNA, el afirm\u00e2nd la sosire c\u0103 a fost chemat \u00een calitate de martor.<\/div>\n<div class=\"articleBody\" data-key=\"articleBody\">Pre\u015fedintele PNL Ludovic Orban se afl\u0103 luni dup\u0103-amiaz\u0103 la DNA, el afirm\u00e2nd la sosire c\u0103 a fost chemat \u00een calitate de martor.<\/p>\n<p>&#8220;Am fost citat ca martor. Crred c\u0103 e un dosar din 2014&#8221;, a spus Orban la intrarea \u00een sediul DNA.<\/p>\n<p>Ludovic Orban a fost audiat la DNA timp de aproximativ o or\u0103 \u015fi jum\u0103tate.<\/p>\n<p>La ie\u015firea de la DNA, liderul PNL a refuzat s\u0103 spun\u0103 \u00een ce dosar a fost audiat.<\/p>\n<p>&#8220;Nu pot s\u0103 v\u0103 dau niciun fel de informa\u0163ii legate de subiectul pt care am fost audiat. (&#8230;) Nu pute\u0163i s\u0103 m\u0103 intreba\u0163i despre un suboiect de care nu am ce s\u0103 spun&#8221;, a afirmat Orban.<\/p>\n<p>\u00centrebat, de asemenea, dac\u0103 prezen\u0163a sa la DNA are leg\u0103tur\u0103 cu audierea lui Victor Ponta la DNA, tot luni, liderul PNL a spus c\u0103 el nu \u015ftie cine a fost audiat pe parcursul zilei la Direc\u0163ia Na\u0163ional\u0103 Anticorup\u0163ie pentru c\u0103 a fost la Ploie\u015fti, la \u00eenmorm\u00e2ntarea lui Mircea Ionescu Quintus.<\/p>\n<p>Tot luni, a fosta audiat la DNA \u015fi fostul premier Victor Ponta.\n<\/p><\/div>\n<p> Source URL: https:\/\/observatornews.ro\/politic\/presedintele-pnl-ludovic-orban-a-fost-audiat-la-dna-intrun-dosar-din-2014-224822.html<\/p>\n","protected":false},"excerpt":{"rendered":"<p>Pre\u015fedintele PNL Ludovic Orban se afl\u0103 luni dup\u0103-amiaz\u0103 la DNA, el afirm\u00e2nd la sosire c\u0103 a fost chemat \u00een calitate de martor. Pre\u015fedintele PNL Ludovic Orban se afl\u0103 luni dup\u0103-amiaz\u0103 la DNA, el afirm\u00e2nd la sosire c\u0103 a fost chemat \u00een calitate de martor. &#8220;Am fost citat ca martor. Crred c\u0103 e un dosar din [&hellip;]<\/p>\n","protected":false},"author":1,"featured_media":353590,"comment_status":"open","ping_status":"","sticky":false,"template":"","format":"standard","meta":{"footnotes":""},"categories":[2],"tags":[30],"class_list":["post-353589","post","type-post","status-publish","format-standard","has-post-thumbnail","hentry","category-politics","tag-observatornews-ro"],"_links":{"self":[{"href":"https:\/\/analyse.optim.biz\/index.php?rest_route=\/wp\/v2\/posts\/353589","targetHints":{"allow":["GET"]}}],"collection":[{"href":"https:\/\/analyse.optim.biz\/index.php?rest_route=\/wp\/v2\/posts"}],"about":[{"href":"https:\/\/analyse.optim.biz\/index.php?rest_route=\/wp\/v2\/types\/post"}],"author":[{"embeddable":true,"href":"https:\/\/analyse.optim.biz\/index.php?rest_route=\/wp\/v2\/users\/1"}],"replies":[{"embeddable":true,"href":"https:\/\/analyse.optim.biz\/index.php?rest_route=%2Fwp%2Fv2%2Fcomments&post=353589"}],"version-history":[{"count":0,"href":"https:\/\/analyse.optim.biz\/index.php?rest_route=\/wp\/v2\/posts\/353589\/revisions"}],"wp:featuredmedia":[{"embeddable":true,"href":"https:\/\/analyse.optim.biz\/index.php?rest_route=\/wp\/v2\/media\/353590"}],"wp:attachment":[{"href":"https:\/\/analyse.optim.biz\/index.php?rest_route=%2Fwp%2Fv2%2Fmedia&parent=353589"}],"wp:term":[{"taxonomy":"category","embeddable":true,"href":"https:\/\/analyse.optim.biz\/index.php?rest_route=%2Fwp%2Fv2%2Fcategories&post=353589"},{"taxonomy":"post_tag","embeddable":true,"href":"https:\/\/analyse.optim.biz\/index.php?rest_route=%2Fwp%2Fv2%2Ftags&post=353589"}],"curies":[{"name":"wp","href":"https:\/\/api.w.org\/{rel}","templated":true}]}}