{"id":353587,"date":"2017-09-18T14:44:00","date_gmt":"2017-09-18T11:44:00","guid":{"rendered":"https:\/\/analyse.optim.biz\/?p=353587"},"modified":"2017-09-18T14:44:00","modified_gmt":"2017-09-18T11:44:00","slug":"liviu-dragnea-a-anuntat-ce-va-face-psd-cu-amendamentele-depuse-de-udmr-la-legea-administratiei-publice","status":"publish","type":"post","link":"https:\/\/analyse.optim.biz\/?p=353587","title":{"rendered":"Liviu Dragnea a anun\u0163at ce va face PSD cu amendamentele depuse de UDMR la Legea administra\u0163iei publice"},"content":{"rendered":"<div class=\"description\" data-key=\"description\">Parlamentarii social-democra\u0163i nu sus\u0163in amendamentele UDMR din Comisia de administra\u0163ie public\u0103, a declarat luni liderul PSD, Liviu Dragnea, pre\u015fedintele Camerei Deputa\u0163ilor.<\/div>\n<div class=\"articleBody\" data-key=\"articleBody\">Parlamentarii social-democra\u0163i nu sus\u0163in amendamentele UDMR din Comisia de administra\u0163ie public\u0103, a declarat luni liderul PSD, Liviu Dragnea, pre\u015fedintele Camerei Deputa\u0163ilor.<\/p>\n<p>&#8216;Pentru c\u0103 ap\u0103ruser\u0103 informa\u0163ii despre o posibil\u0103 discu\u0163ie cu UDMR despre ni\u015fte amendamente care sunt \u00een Comisia de administra\u0163ie public\u0103 \u015fi le-am spus (n.r. &#8211; deputa\u0163ilor PSD) c\u0103 nu am avut nicio discu\u0163ie pe tema asta \u015fi c\u0103 din punctul meu de vedere este prematur s\u0103 se discute acum despre modific\u0103ri legislative generate sau solicitate prin acele amendamente &#8211; respectiv procentul de 10% care s\u0103 fie sc\u0103zut de la 20%. Deci nu am discutat, nu discut\u0103m \u015fi nu vom sus\u0163ine aceste amendamente. E prematur s\u0103 discut\u0103m, astea sunt subiecte foarte sensibile. Dac\u0103 vor fi explicate bine \u015fi popula\u0163ia va \u00een\u0163elege \u015fi va fi de acord, nu avem nicio problem\u0103. Dac\u0103 acele amendamente nu vor fi \u00een\u0163elese, nu avem de ce s\u0103 le sus\u0163inem&#8217;, a declarat Dragnea la finalul unei \u015fedin\u0163e a grupului deputa\u0163ilor PSD.<\/p>\n<p>El a ad\u0103ugat c\u0103 a avut discu\u0163ii cu pre\u015fedintele UDMR, Kelemen Hunor, din partea c\u0103ruia &#8216;nu a sim\u0163it nicio presiune&#8217;.<\/p>\n<p>&#8216;Am spus c\u0103 sub nicio form\u0103 nu poate fi vorba de 10%, putem porni discu\u0163ia de la 15%, dac\u0103 vreodat\u0103 o vom porni. Eu nu agreez s\u0103 adopt\u0103m acele amendamente. PSD nu sus\u0163ine acele amendamente. Dac\u0103 nu vor fi acceptate de opinia public\u0103, nu vom putea merge cu ele, este foarte simplu&#8217;, a men\u0163ionat pre\u015fedintele PSD.\u00a0<\/p>\n<p>Propunerea legislativ\u0103 pentru modificarea \u015fi completarea Legii nr.215\/2001 a administra\u0163iei publice locale prevede sc\u0103derea pragului de la 20% la 10% al num\u0103rului persoanelor apar\u0163in\u00e2nd minorit\u0103\u0163ii na\u0163ionale din totalul popula\u0163iei unei localit\u0103\u0163i necesar pentru ca autorit\u0103\u0163ile s\u0103 asigure folosirea limbii materne.<\/p>\n<p>Ini\u0163iativa, apar\u0163in\u00e2nd UDMR, a fost avizat\u0103 favorabil s\u0103pt\u0103m\u00e2na trecut\u0103 de comisia de munc\u0103 a Camerei Deputa\u0163ilor cu voturile PSD.\n<\/p><\/div>\n<p> Source URL: https:\/\/observatornews.ro\/politic\/liviu-dragnea-a-anuntat-ce-va-face-psd-cu-amendamentele-depuse-de-udmr-la-legea-administratiei-publice-224844.html<\/p>\n","protected":false},"excerpt":{"rendered":"<p>Parlamentarii social-democra\u0163i nu sus\u0163in amendamentele UDMR din Comisia de administra\u0163ie public\u0103, a declarat luni liderul PSD, Liviu Dragnea, pre\u015fedintele Camerei Deputa\u0163ilor. Parlamentarii social-democra\u0163i nu sus\u0163in amendamentele UDMR din Comisia de administra\u0163ie public\u0103, a declarat luni liderul PSD, Liviu Dragnea, pre\u015fedintele Camerei Deputa\u0163ilor. &#8216;Pentru c\u0103 ap\u0103ruser\u0103 informa\u0163ii despre o posibil\u0103 discu\u0163ie cu UDMR despre ni\u015fte amendamente [&hellip;]<\/p>\n","protected":false},"author":1,"featured_media":353588,"comment_status":"open","ping_status":"","sticky":false,"template":"","format":"standard","meta":{"footnotes":""},"categories":[2],"tags":[30],"class_list":["post-353587","post","type-post","status-publish","format-standard","has-post-thumbnail","hentry","category-politics","tag-observatornews-ro"],"_links":{"self":[{"href":"https:\/\/analyse.optim.biz\/index.php?rest_route=\/wp\/v2\/posts\/353587","targetHints":{"allow":["GET"]}}],"collection":[{"href":"https:\/\/analyse.optim.biz\/index.php?rest_route=\/wp\/v2\/posts"}],"about":[{"href":"https:\/\/analyse.optim.biz\/index.php?rest_route=\/wp\/v2\/types\/post"}],"author":[{"embeddable":true,"href":"https:\/\/analyse.optim.biz\/index.php?rest_route=\/wp\/v2\/users\/1"}],"replies":[{"embeddable":true,"href":"https:\/\/analyse.optim.biz\/index.php?rest_route=%2Fwp%2Fv2%2Fcomments&post=353587"}],"version-history":[{"count":0,"href":"https:\/\/analyse.optim.biz\/index.php?rest_route=\/wp\/v2\/posts\/353587\/revisions"}],"wp:featuredmedia":[{"embeddable":true,"href":"https:\/\/analyse.optim.biz\/index.php?rest_route=\/wp\/v2\/media\/353588"}],"wp:attachment":[{"href":"https:\/\/analyse.optim.biz\/index.php?rest_route=%2Fwp%2Fv2%2Fmedia&parent=353587"}],"wp:term":[{"taxonomy":"category","embeddable":true,"href":"https:\/\/analyse.optim.biz\/index.php?rest_route=%2Fwp%2Fv2%2Fcategories&post=353587"},{"taxonomy":"post_tag","embeddable":true,"href":"https:\/\/analyse.optim.biz\/index.php?rest_route=%2Fwp%2Fv2%2Ftags&post=353587"}],"curies":[{"name":"wp","href":"https:\/\/api.w.org\/{rel}","templated":true}]}}