{"id":353585,"date":"2017-09-18T14:48:00","date_gmt":"2017-09-18T11:48:00","guid":{"rendered":"https:\/\/analyse.optim.biz\/?p=353585"},"modified":"2017-09-18T14:48:00","modified_gmt":"2017-09-18T11:48:00","slug":"constatare-teribila-a-unui-inalt-oficial-european-despre-romania-nu-am-mai-vazut-o-tara-cu-atatia-tehnicieni-buni-si-cu-un-rezultat-asa-de-prost","status":"publish","type":"post","link":"https:\/\/analyse.optim.biz\/?p=353585","title":{"rendered":"Constatare TERIBIL\u0102 a unui \u00eenalt oficial european, despre Rom\u00e2nia: &#8220;Nu am mai v\u0103zut o \u021bar\u0103 cu at\u00e2\u021bia tehnicieni buni \u0219i cu un rezultat a\u015fa de prost&#8221;"},"content":{"rendered":"<div class=\"description\" data-key=\"description\">\u0218eful Unit\u0103\u021bii pentru Rom\u00e2nia \u00een cadrul DG Regio al CE, Carsten Rasmussen, a participat la Cluj-Napoca la &#8220;Zilele Regio&#8221;, eveniment organizat de Agen\u021bia Na\u021bional\u0103 de Dezvoltare Nord-Vest. Rassmusen a men\u021bionat c\u00e2teva dintre problemele pe care le consider\u0103 responsabile pentru crearea acestui blocaj al Rom\u00e2niei \u00een a accelera absorb\u021bia fondurilor europene.<\/div>\n<div class=\"articleBody\" data-key=\"articleBody\">\u0218eful Unit\u0103\u021bii pentru Rom\u00e2nia \u00een cadrul DG Regio al CE, Carsten Rasmussen, a participat la Cluj-Napoca la &#8220;Zilele Regio&#8221;, eveniment organizat de Agen\u021bia Na\u021bional\u0103 de Dezvoltare Nord-Vest. Rassmusen a men\u021bionat c\u00e2teva dintre problemele pe care le consider\u0103 responsabile pentru crearea acestui blocaj al Rom\u00e2niei \u00een a accelera absorb\u021bia fondurilor europene.<\/p>\n<p>&#8216;Nu am mai v\u0103zut o \u021bar\u0103 cu at\u00e2tea talente, cu at\u00e2\u021bia tehnicieni buni \u0219i \u00een final s\u0103 aib\u0103 a\u0219a rezultat prost. \u00cen aceast\u0103 toamn\u0103 vom reu\u0219i, vom face mai multe proiecte, vom avea mai multe proiecte semnate, vom trece \u00een faza de implementare \u0219i vom fi mai optimi\u0219ti \u00een viitor. Trebuie s\u0103 mai lucr\u0103m la sistemul de implementare. Avem multe reguli care nu se potrivesc. Asta numim noi &#8216;gold plating&#8217;, adic\u0103 o \u00eempopo\u021bonare. Se cere simplificarea sistemului. Regulile puse de Parlament, de Consiliu, de Comisie c\u00e2teodat\u0103 nu sunt u\u0219or de urmat, dar nu se compar\u0103 cu ceea ce face Guvernul din Rom\u00e2nia. Nu doar unul, ci guvernele succesive. Fiecare a ad\u0103ugat c\u00e2te ceva. Unele lucruri ar trebui abrogate pentru c\u0103 nu sunt necesare. Asta \u00eenseamn\u0103, de fapt, cooperare \u00eentre guverne \u0219i autorit\u0103\u021bi locale \u0219i regionale. Sper ca, \u00een final, s\u0103 l\u0103s\u0103m oamenii s\u0103 lucreze, s\u0103 avem \u00eencredere unii \u00een al\u021bii&#8217;, a spus Carsten Rasmussen.<\/p>\n<p>Dup\u0103 ce a explicat celor prezen\u021bi c\u0103 regulile de gestionare a fondurilor europene, uneori prea stufoase, sunt impuse pentru ca Rom\u00e2nia s\u0103 nu repete gre\u0219eli pe care statele vestice le-au f\u0103cut deja \u00een trecut, \u0219eful Unit\u0103\u021bii pentru Rom\u00e2nia \u00een cadrul DG Regio al CE a transmis \u0219i un mesaj optimist, spun\u00e2nd c\u0103 este necesar ca oamenii s\u0103 aib\u0103 \u00eencredere unii \u00een al\u021bii pentru ca proiectele s\u0103 se poat\u0103 derula.<\/p>\n<p>&#8220;Trebuie s\u0103 ne asum\u0103m \u0219i noi vina noastr\u0103, am f\u0103cut foarte multe reguli \u00een sistem, am supralegiferat toate lucrurile. De ce? Pentru c\u0103 toat\u0103 lumea ne spune c\u0103 nu ne putem permite s\u0103 facem gre\u0219eli la nivelul CE. Din p\u0103cate, acest lucru duce la fric\u0103, oamenilor le este fric\u0103 s\u0103 profite de aceste oportunit\u0103\u021bi care sunt acolo. Prefer\u0103 s\u0103 fac\u0103 lucruri simple, dec\u00e2t s\u0103 se complice cu astfel de lucruri complexe. Este un sistem care a\u0219a s-a transformat, nimeni nu a dorit s\u0103 fie a\u0219a. Dar suntem aici (n. red. &#8211; la Cluj) \u0219i vedem ce pot s\u0103 fac\u0103 comunit\u0103\u021bile.(&#8230;) Nu trebuie s\u0103 continu\u0103m s\u0103 credem c\u0103 dac\u0103 \u00eei d\u0103m cuiva bani o s\u0103 \u00eencerce s\u0103 \u00eei fure \u0219i s\u0103 fug\u0103 cu ei. Da, se va \u00eent\u00e2mpla c\u00e2teodat\u0103, da, trebuie s\u0103 ne asum\u0103m ni\u0219te riscuri&#8217;, a spus Rasmussen.\n<\/p><\/div>\n<p> Source URL: https:\/\/observatornews.ro\/politic\/constatare-teribila-a-unui-inalt-oficial-european-despre-romania-nu-am-mai-vazut-o-tara-cu-atatia-tehnicieni-buni-si-cu-un-rezultat-asa-de-prost-224845.html<\/p>\n","protected":false},"excerpt":{"rendered":"<p>\u0218eful Unit\u0103\u021bii pentru Rom\u00e2nia \u00een cadrul DG Regio al CE, Carsten Rasmussen, a participat la Cluj-Napoca la &#8220;Zilele Regio&#8221;, eveniment organizat de Agen\u021bia Na\u021bional\u0103 de Dezvoltare Nord-Vest. Rassmusen a men\u021bionat c\u00e2teva dintre problemele pe care le consider\u0103 responsabile pentru crearea acestui blocaj al Rom\u00e2niei \u00een a accelera absorb\u021bia fondurilor europene. \u0218eful Unit\u0103\u021bii pentru Rom\u00e2nia \u00een [&hellip;]<\/p>\n","protected":false},"author":1,"featured_media":353586,"comment_status":"open","ping_status":"","sticky":false,"template":"","format":"standard","meta":{"footnotes":""},"categories":[2],"tags":[30],"class_list":["post-353585","post","type-post","status-publish","format-standard","has-post-thumbnail","hentry","category-politics","tag-observatornews-ro"],"_links":{"self":[{"href":"https:\/\/analyse.optim.biz\/index.php?rest_route=\/wp\/v2\/posts\/353585","targetHints":{"allow":["GET"]}}],"collection":[{"href":"https:\/\/analyse.optim.biz\/index.php?rest_route=\/wp\/v2\/posts"}],"about":[{"href":"https:\/\/analyse.optim.biz\/index.php?rest_route=\/wp\/v2\/types\/post"}],"author":[{"embeddable":true,"href":"https:\/\/analyse.optim.biz\/index.php?rest_route=\/wp\/v2\/users\/1"}],"replies":[{"embeddable":true,"href":"https:\/\/analyse.optim.biz\/index.php?rest_route=%2Fwp%2Fv2%2Fcomments&post=353585"}],"version-history":[{"count":0,"href":"https:\/\/analyse.optim.biz\/index.php?rest_route=\/wp\/v2\/posts\/353585\/revisions"}],"wp:featuredmedia":[{"embeddable":true,"href":"https:\/\/analyse.optim.biz\/index.php?rest_route=\/wp\/v2\/media\/353586"}],"wp:attachment":[{"href":"https:\/\/analyse.optim.biz\/index.php?rest_route=%2Fwp%2Fv2%2Fmedia&parent=353585"}],"wp:term":[{"taxonomy":"category","embeddable":true,"href":"https:\/\/analyse.optim.biz\/index.php?rest_route=%2Fwp%2Fv2%2Fcategories&post=353585"},{"taxonomy":"post_tag","embeddable":true,"href":"https:\/\/analyse.optim.biz\/index.php?rest_route=%2Fwp%2Fv2%2Ftags&post=353585"}],"curies":[{"name":"wp","href":"https:\/\/api.w.org\/{rel}","templated":true}]}}