{"id":353102,"date":"2017-09-29T14:29:00","date_gmt":"2017-09-29T11:29:00","guid":{"rendered":"https:\/\/analyse.optim.biz\/?p=353102"},"modified":"2017-09-29T14:29:00","modified_gmt":"2017-09-29T11:29:00","slug":"iohannis-a-propus-la-tallinn-organizarea-unui-summit-informal-la-sibiu-in-2019","status":"publish","type":"post","link":"https:\/\/analyse.optim.biz\/?p=353102","title":{"rendered":"Iohannis a propus la Tallinn organizarea unui summit informal la Sibiu \u00een 2019"},"content":{"rendered":"<div class=\"description\" data-key=\"description\">Progresele f\u0103cute de Rom\u00e2nia \u00een domeniul digitaliz\u0103rii au fost subliniate la Tallinn de pre\u0219edintele Klaus Iohannis.<\/div>\n<div class=\"articleBody\" data-key=\"articleBody\">Trimisul special al AGERPRES, C\u0103t\u0103lina Matei, transmite: Progresele f\u0103cute de Rom\u00e2nia \u00een domeniul digitaliz\u0103rii au fost subliniate la Tallinn de pre\u0219edintele Klaus Iohannis, care a lansat invita\u021bia organiz\u0103rii unui Summit informal la Sibiu, \u00een 2019, pe o tem\u0103 care va fi stabilit\u0103 ulterior.<\/p>\n<p>&#8220;O tem\u0103 important\u0103 \u0219i pentru noi este digitalizarea serviciilor publice, serviciilor oferite de administra\u021bia central\u0103, de administra\u021biile locale, un domeniu, pe scurt, \u00een care toat\u0103 lumea dore\u0219te s\u0103 g\u0103seasc\u0103 metode de \u00eembun\u0103t\u0103\u021bire. \u0218i pot s\u0103 spun c\u0103 Rom\u00e2nia este printre cei care au performan\u021be foarte bune. Am folosit oportunitatea acestui summit pentru a prelua o provocare lansat\u0103 de pre\u0219edintele Junker \u00een cadrul discursului domniei sale referitor la starea Uniunii \u0219i am lansat, dup\u0103 o discu\u021bie cu pre\u0219edintele Consiliului European Donald Tusk, o invita\u021bie pentru 2019 \u00een Rom\u00e2nia, la Sibiu, pentru a organiza acolo un summit informal pe o tem\u0103, sigur, care r\u0103m\u00e2ne s\u0103 fie stabilit\u0103 ulterior. Cred c\u0103 este important c\u0103 avem deja acum, \u00een 2017, o perspectiv\u0103 foarte clar\u0103 pentru un summit pe care \u00eel vom organiza noi \u00een 2019 c\u00e2nd avem pre\u0219edin\u021bia Consiliului Uniunii&#8221;, a precizat Klaus Iohannis, \u00eentr-o declara\u021bie de pres\u0103.<\/p>\n<p>Potrivit \u0219efului statului, tema dezb\u0103tut\u0103 la Summitul de la Tallinn \u2014 pia\u021ba digital\u0103 unic\u0103 \u2014 este extrem de important\u0103.<\/p>\n<p>&#8220;Cred c\u0103 e un lucru arhicunoscut c\u0103 noi tr\u0103im \u00eentr-o lume digital\u0103, cet\u0103\u021benii no\u0219tri, firmele noastre \u00ee\u0219i doresc acces total la internet, la transferul de date, la comer\u021bul electronic \u0219i a\u0219a mai departe. Toate acestea trebuie s\u0103 func\u021bioneze mult mai bine. Am constatat \u00eempreun\u0103 c\u0103 \u00eenc\u0103 nu putem s\u0103 vorbim despre o pia\u021b\u0103 digital\u0103 unic\u0103 \u00een Uniunea European\u0103, c\u0103 mai sunt multe piedici care trebuie \u00eenl\u0103turate. Este nevoie de reglement\u0103ri care pot fi efectiv aplicate \u00een toat\u0103 Uniunea, c\u0103 este nevoie de re\u021bele mult mai performante \u0219i, \u00een fine, este nevoie s\u0103 protej\u0103m pe utilizatori \u0219i cet\u0103\u021beni \u0219i firme de pericolele care sunt inerente unui trafic de date deschis. Toate acestea au fost pe larg dezb\u0103tute \u00een sesiunea de ast\u0103zi. Rom\u00e2nia este deschis\u0103 acestor propuneri de trecere spre o pia\u021b\u0103 digital\u0103 unic\u0103. Rom\u00e2nia are o pozi\u021bie foarte interesant\u0103 \u00een Uniunea European\u0103, avem unele dintre cele mai rapide conexiuni de date din Uniune, dar pe de alt\u0103 parte avem rata de conectare la internet cea mai mic\u0103 din Uniune. Totu\u0219i, Rom\u00e2nia este o \u021bar\u0103 unde acest domeniu devine din ce \u00een ce mai relevant, avem foarte mul\u021bi investitori care se folosesc efectiv de re\u021belele rapide pe care le avem \u0219i vrem s\u0103 p\u0103str\u0103m acest avantaj. A\u0219adar, multe teme importante pentru noi. Am prezentat aceste chestiuni \u00een cadrul summitului informal, am atras aten\u021bia asupra importan\u021bei pe care trebuie s\u0103 o d\u0103m domeniului care se nume\u0219te cyber security \u0219i nu numai partea de securitate na\u021bional\u0103 \u0219i militar\u0103, ci \u0219i securitatea re\u021belelor civile&#8221;, a detaliat pre\u0219edintele Iohannis.<\/p>\n<p>El a atras aten\u021bia c\u0103 nu se poate ca statul s\u0103 vin\u0103 s\u0103 dezvolte toate re\u021belele pe care apoi le folosesc \u0219i cet\u0103\u021benii \u0219i firmele, fiind deci nevoie de un parteneriat \u0219i de o corelare str\u00e2ns\u0103 \u00eentre stat, administra\u021bii, firme private \u0219i re\u021beli\u0219ti.<\/p>\n<p>Taxarea serviciilor de internet a fost una dintre temele de pe agenda reuniunii. &#8220;Nu e niciun secret c\u0103 discu\u021bia porne\u0219te de la gigan\u021bii internetului, care ofer\u0103 servicii peste tot \u00een lume \u0219i sunt economii care au impresia c\u0103 pierd ceva prin asta. Sigur, este necesar\u0103 g\u0103sirea unei metode adecvate, dar o metod\u0103 corect\u0103 de a taxa aceste servicii, fiindc\u0103 aici ne pa\u0219te un pericol pe noi \u00een Europa \u2014 dac\u0103 am exagera aceast\u0103 taxare, atunci nu cred c\u0103 s-ar rezolva problema. Noi, Europa, suntem \u00een competi\u021bie acerb\u0103 cu SUA, cu Asia, cu Japonia \u0219i a\u0219a mai departe. Dac\u0103 taxarea ar fi prea mare, atunci pur \u0219i simplu s-ar muta \u00een alt\u0103 parte \u0219i nu s-ar c\u00e2\u0219tiga mai nimic. Deci chestiunea tax\u0103rii este complex\u0103 \u0219i chestiunea tax\u0103rii devine \u0219i mai complex\u0103 fiindc\u0103 prin digitalizare inclusiv fiecare persoan\u0103 devine persoan\u0103 digital\u0103 \u0219i se poate mi\u0219ca oriunde, nu numai \u00een Uniune, oriunde \u00een lume. \u0218i atunci inclusiv impozitarea persoanelor fizice tinde s\u0103 devin\u0103 o problem\u0103 destul de complex\u0103, care trebuie rezolvat\u0103 tot \u00een spa\u021biul digital. Deci se vede c\u0103 metodele vechi, chiar metodele de administra\u021bie vechi trebuie adaptate pentru a face fa\u021b\u0103 unei lumi digitale&#8221;, a ar\u0103tat pre\u0219edintele Iohannis.<\/p>\n<p>\u0218eful statului rom\u00e2n a participat vineri la reuniunea informal\u0103 a Consiliului European pe teme digitale, care are loc la Tallinn, \u00een Republica Estonia, \u0219i a fost prezent joi seara la cina informal\u0103 oferit\u0103 \u0219efilor de delega\u021bii de Juri Ratas, prim-ministrul estonian, \u0219i de Donald Tusk, pre\u0219edintele Consiliului European.<\/p>\n<p>Pe agenda discu\u021biilor Summitului de la Tallinn s-au aflat ini\u021biativele de inovare digital\u0103 care ar permite Uniunii Europene s\u0103 fac\u0103 fa\u021b\u0103 evolu\u021biilor tehnologice \u0219i s\u0103 devin\u0103 un lider la nivel global \u00een domeniul digital \u00een urm\u0103torii ani.<\/p>\n<p>Reuniunea s-a concentrat pe dou\u0103 teme majore: &#8220;Viitorul guvern\u0103rii \u0219i securitatea&#8221;, viz\u00e2nd rolul Uniunii Europene, al statelor membre \u00een consolidarea \u00eencrederii \u00een mediul de securitate \u00een domeniul digital, \u0219i &#8220;Viitorul economiei \u0219i societ\u0103\u021bii&#8221;, referitor la nevoile viitoare ale UE \u00een materie de infrastructur\u0103, pia\u021b\u0103 \u0219i for\u021b\u0103 de munc\u0103.<\/p>\n<p>Cu prilejul reuniunii de la Tallinn, pre\u0219edintele Consiliului European, Donald Tusk, a prezidat joi seara o \u00eent\u00e2lnire informal\u0103 cu liderii UE. Cu aceast\u0103 ocazie, membrii Consiliului European au avut un schimb de opinii cu privire la viitorul Uniunii \u0219i au abordat \u0219i alte subiecte importante de pe agenda european\u0103, precum migra\u021bia, securitatea \u0219i Brexit, a informat Administra\u021bia Preziden\u021bial\u0103.<\/p>\n<p>Surs\u0103: Agerpres\n<\/p><\/div>\n<p> Source URL: https:\/\/observatornews.ro\/politic\/iohannis-a-propus-la-tallinn-organizarea-unui-summit-informal-la-sibiu-in-2019-226130.html<\/p>\n","protected":false},"excerpt":{"rendered":"<p>Progresele f\u0103cute de Rom\u00e2nia \u00een domeniul digitaliz\u0103rii au fost subliniate la Tallinn de pre\u0219edintele Klaus Iohannis. Trimisul special al AGERPRES, C\u0103t\u0103lina Matei, transmite: Progresele f\u0103cute de Rom\u00e2nia \u00een domeniul digitaliz\u0103rii au fost subliniate la Tallinn de pre\u0219edintele Klaus Iohannis, care a lansat invita\u021bia organiz\u0103rii unui Summit informal la Sibiu, \u00een 2019, pe o tem\u0103 care [&hellip;]<\/p>\n","protected":false},"author":1,"featured_media":0,"comment_status":"open","ping_status":"","sticky":false,"template":"","format":"standard","meta":{"footnotes":""},"categories":[2],"tags":[30],"class_list":["post-353102","post","type-post","status-publish","format-standard","hentry","category-politics","tag-observatornews-ro"],"_links":{"self":[{"href":"https:\/\/analyse.optim.biz\/index.php?rest_route=\/wp\/v2\/posts\/353102","targetHints":{"allow":["GET"]}}],"collection":[{"href":"https:\/\/analyse.optim.biz\/index.php?rest_route=\/wp\/v2\/posts"}],"about":[{"href":"https:\/\/analyse.optim.biz\/index.php?rest_route=\/wp\/v2\/types\/post"}],"author":[{"embeddable":true,"href":"https:\/\/analyse.optim.biz\/index.php?rest_route=\/wp\/v2\/users\/1"}],"replies":[{"embeddable":true,"href":"https:\/\/analyse.optim.biz\/index.php?rest_route=%2Fwp%2Fv2%2Fcomments&post=353102"}],"version-history":[{"count":0,"href":"https:\/\/analyse.optim.biz\/index.php?rest_route=\/wp\/v2\/posts\/353102\/revisions"}],"wp:attachment":[{"href":"https:\/\/analyse.optim.biz\/index.php?rest_route=%2Fwp%2Fv2%2Fmedia&parent=353102"}],"wp:term":[{"taxonomy":"category","embeddable":true,"href":"https:\/\/analyse.optim.biz\/index.php?rest_route=%2Fwp%2Fv2%2Fcategories&post=353102"},{"taxonomy":"post_tag","embeddable":true,"href":"https:\/\/analyse.optim.biz\/index.php?rest_route=%2Fwp%2Fv2%2Ftags&post=353102"}],"curies":[{"name":"wp","href":"https:\/\/api.w.org\/{rel}","templated":true}]}}