{"id":353101,"date":"2017-09-29T15:42:00","date_gmt":"2017-09-29T12:42:00","guid":{"rendered":"https:\/\/analyse.optim.biz\/?p=353101"},"modified":"2017-09-29T15:42:00","modified_gmt":"2017-09-29T12:42:00","slug":"ludovic-orban-l-a-intampinat-la-intrarea-in-bucuresti-pe-primarul-din-sibiu-care-a-mers-pe-jos-320-de-kilometri","status":"publish","type":"post","link":"https:\/\/analyse.optim.biz\/?p=353101","title":{"rendered":"Ludovic Orban l-a \u00eent\u00e2mpinat la intrarea \u00een Bucure\u015fti pe primarul din Sibiu care a mers pe jos 320 de kilometri"},"content":{"rendered":"<div class=\"description\" data-key=\"description\">Pre\u015fedintele PNL, Ludovic Orban, l-a \u00eent\u00e2mpinat, vineri, la intrarea \u00een Bucure\u015fti, pe Daniel Tudor Mihalache, primarul din Cop\u015fa Mic\u0103, jude\u0163ul Sibiu.<\/div>\n<div class=\"articleBody\" data-key=\"articleBody\">Pre\u015fedintele PNL, Ludovic Orban, l-a \u00eent\u00e2mpinat, vineri, la intrarea \u00een Bucure\u015fti, pe Daniel Tudor Mihalache, primarul din Cop\u015fa Mic\u0103, jude\u0163ul Sibiu, care a f\u0103cut pe jos drumul c\u0103tre Capital\u0103, nemul\u0163umit c\u0103 Ministerul Mediului nu achit\u0103 datoriile c\u0103tre firma care a lucrat la introducerea apei \u015fi canaliz\u0103rii \u00een localitate. La sosire, primarul a mai fost \u00eent\u00e2mpinat de parlamentari PNL \u015fi USR de Sibiu \u015fi le-a transmis locuitorilor din ora\u015ful s\u0103u c\u0103 este \u201dbine, s\u0103n\u0103tos\u201d, scrie News.ro<\/p>\n<p>Primarul ora\u015fului Cop\u015fa Mic\u0103, Daniel Tudor Mihalache, a ajuns, vineri, la Bucure\u015fti dup\u0103 11 zile de mers pe jos c\u0103tre Capital\u0103. El a urmat un traseu de 320 de kilometri, fiind primit pe parcurs de mai mul\u0163i primari din localit\u0103\u0163ile pe care le-a traversat.<\/p>\n<p>La sosirea \u00een Bucure\u015fti, Mihalache a fost a\u015fteptat de liderul PNL, Ludovic Orban, dar \u015fi de parlamentarii PNL de Sibiu, Nicolae Neagu \u015fi Constantin \u015eov\u0103ial\u0103, \u015fi de parlamentarul USR de Sibiu, Dan Barna.<\/p>\n<p>\u201dPre\u015fedintele PNL, domnul Ludovic Orban, mi-a f\u0103cut o mare surpriz\u0103, a\u015ftept\u00e2ndu-m\u0103 \u00eempreun\u0103 cu parlamentarii PNL de Sibiu, Nicolae Neagu \u015fi Constantin \u015eov\u0103ial\u0103 si Dan Barna(USR) la intrarea \u00een Bucure\u015fti. Le mul\u0163umesc tuturor pentru aten\u0163ia cu care au tratat demersul meu. Cop\u015fenilor le transmit c\u0103 sunt bine, s\u0103n\u0103tos \u015fi preg\u0103tit pentru cea de-a dou\u0103 etap\u0103 a ac\u0163iunii mele\u201d, a scris Tudor Mihalache pe Facebook, imediat dup\u0103 sosire.<\/p>\n<p>Cea de-a doua etap\u0103 este \u00eent\u00e2lnirea cu autorit\u0103\u0163ile din Bucure\u015fti \u015fi este catalogat\u0103 drept \u201dmai grea\u201d dec\u00e2t drumul pe care l-a f\u0103cut.<\/p>\n<p>\u201dCred c\u0103 aceasta va fi mai grea, pentru c\u0103 m\u0103 voi \u00eent\u00e2lni cu reprezenta\u0163ii Administra\u0163iei Preziden\u0163iale, Guvernului, Ministerului Mediului \u015fi Ministerul Apelor \u015fi P\u0103durilor, de la care trebuie s\u0103 ob\u0163in sprijinul necesar finaliz\u0103rii proiectului de ap\u0103 \u015fi canalizare pentru care am pornit \u00een pelerinajul acesta\u201d, a mai scris primarul.<\/p>\n<p>\u201dA mers pe jos 320 de kilometri, timp de 11 zile. De diminea\u0163a p\u00e2n\u0103 seara a str\u0103batut, localitate cu localitate, drumul de la Cop\u015fa Mic\u0103 p\u00e2n\u015f la Bucuresti, \u00eentr-o ac\u0163iune disperat\u0103 de a atrage aten\u0163ia Guvernului \u015fi a opiniei publice asupra problemelor cu lipsa apei potabile cu care se confrunt\u0103 locuitorii din Cop\u015fa Mic\u0103, de mai bine de 10 ani. Am fost s\u0103 \u00eel \u00eentampin pe primarul nostru, Tudor Mihalache, \u015fi s\u0103 \u00eei transmit solidaritatea conducerii PNL cu locuitorii din Copsa Mic\u0103. N\u0103d\u0103jduiesc c\u0103 aceast\u0103 forma extrem\u0103 de protest \u00eel va determina pe ministrul Mediului s\u0103 ias\u0103 din starea de indolen\u0163\u0103 \u015fi nep\u0103sare \u015fi va acorda finan\u0163area necesar\u0103 pentru finalizarea lucr\u0103rilor la re\u0163eaua de ap\u0103 \u015fi canal\u201d, a scris, la r\u00e2ndul s\u0103u pe Facebook, Ludovic Orban.<\/p>\n<p>Primarul Mihalache a solicitat audien\u0163e la mai multe institu\u0163ii, iar Ministerul Mediului i-a confirmat c\u0103 va fi primit \u00een data de 3 octombrie, la ora 10.00.<\/p>\n<p>\u201dVoi avea ocazia s\u0103 expun problema apei la Ministerul Mediului, sper, cu doamna ministru de fa\u0163\u0103\u201d, a mai spus primarul din Cop\u015fa Mic\u0103.<\/p>\n<p>Primarul Daniel Tudor Mihalache, nemul\u0163umit de faptul c\u0103 institu\u0163ia ar putea avea conturile blocate pentru c\u0103 Ministerul Mediului nu a pl\u0103tit lucr\u0103rile de ap\u0103 \u015fi canalizare, a pornit, \u00een 18 septembrie, pe jos p\u00e2n\u0103 la Bucure\u015fti, dorind s\u0103 atrag\u0103 aten\u0163ia asupra localit\u0103\u0163ii sale.<\/p>\n<p>Edilul spune c\u0103 a f\u0103cut de mii de ori drumul p\u00e2n\u0103 \u00een Capital\u0103 cu ma\u015fina, dar nu a rezolvat nimic. Prim\u0103ria are datorii uria\u015fe \u015fi risc\u0103 blocarea conturilor din aceast\u0103 cauz\u0103. Daniel Mihalache spune c\u0103 ceea\u00a0 ce face nu este un protest, vrea \u00eens\u0103 ca autorit\u0103\u0163ile din Rom\u00e2nia s\u0103 \u00eenceap\u0103 s\u0103 nu mai func\u0163ioneze \u201eaberant\u201d \u015fi s\u0103 nu mai pun\u0103 be\u0163e \u00een roate.<\/p>\n<p>Ideea i-a venit primarului urm\u0103rind pelerinii care fac anual El Camino, celebrul drum c\u0103tre Santiago de Compostela, al treilea mare pelerinaj cre\u015ftin, dup\u0103 cele spre Ierusalim \u015fi Roma.<\/p>\n<p>\u201eAm fost de multe ori \u00een Capital\u0103 pentru a \u00eencerca s\u0103 rezolv problema apei. Mii de kilometri degeaba, pentru c\u0103 guvernele noastre n-au \u00een\u0163eles c\u00e2t de important\u0103 este apa potabil\u0103 \u00een secolul XXI. Acum voi face din nou acest drum pe jos, \u00eentr-un pelerinaj, pentru ca autorit\u0103\u0163ile s\u0103 ne permit\u0103 s\u0103 avem o via\u0163\u0103 normal\u0103. Prin acest mar\u015f doresc s\u0103 atrag aten\u0163ia guvernelor \u015fi institu\u0163iilor s\u0103 respecte legile \u015fi angajamentele, judec\u0103torilor s\u0103 fie responsabili \u015fi pre\u015fedintelui s\u0103 se garanteze c\u0103 sistemele acestea func\u0163ioneaz\u0103 normal \u015fi logic, nu aberant\u201d, spune Daniel Tudor Mihalache.<\/p>\n<p>Totul a pornit de la o Ordonan\u0163\u0103 de Guvern, din 2007, care stipula introducerea apei \u015fi canaliz\u0103rii din fonduri guvernamentale \u00een dou\u0103 ora\u015fe puternic afectate de poluare: Cop\u015fa-Mic\u0103 \u015fi Zlatna.<\/p>\n<p>Astfel, Ministerul Mediului a contractat lucr\u0103rile pentru re\u0163eaua de ap\u0103-canalizare, angaj\u00e2ndu-se c\u0103 va pl\u0103ti integral lucr\u0103rile, \u00eens\u0103, p\u00e2n\u0103 \u00een prezent, a pl\u0103tit aproximativ 50% din banii pe care \u00eei datoreaz\u0103 constructorului, de\u015fi acesta a efectuat lucr\u0103rile aproape \u00een totalitate.<\/p>\n<p>Firma a ac\u0163ionat \u00een judecat\u0103 Prim\u0103ria Cop\u015fa-Mic\u0103 \u015fi a c\u00e2\u015ftigat, exist\u00e2nd o sentin\u0163\u0103 definitiv\u0103 care oblig\u0103 la plata a 700.000 de lei, bani pe care Prim\u0103ria nu \u00eei are.\u00a0<\/p>\n<p>Surs\u0103: News.ro\n<\/p><\/div>\n<p> Source URL: https:\/\/observatornews.ro\/politic\/ludovic-orban-la-intampinat-la-intrarea-in-bucuresti-pe-primarul-din-sibiu-care-a-mers-pe-jos-320-de-kilometri-226136.html<\/p>\n","protected":false},"excerpt":{"rendered":"<p>Pre\u015fedintele PNL, Ludovic Orban, l-a \u00eent\u00e2mpinat, vineri, la intrarea \u00een Bucure\u015fti, pe Daniel Tudor Mihalache, primarul din Cop\u015fa Mic\u0103, jude\u0163ul Sibiu. Pre\u015fedintele PNL, Ludovic Orban, l-a \u00eent\u00e2mpinat, vineri, la intrarea \u00een Bucure\u015fti, pe Daniel Tudor Mihalache, primarul din Cop\u015fa Mic\u0103, jude\u0163ul Sibiu, care a f\u0103cut pe jos drumul c\u0103tre Capital\u0103, nemul\u0163umit c\u0103 Ministerul Mediului nu [&hellip;]<\/p>\n","protected":false},"author":1,"featured_media":0,"comment_status":"open","ping_status":"","sticky":false,"template":"","format":"standard","meta":{"footnotes":""},"categories":[2],"tags":[30],"class_list":["post-353101","post","type-post","status-publish","format-standard","hentry","category-politics","tag-observatornews-ro"],"_links":{"self":[{"href":"https:\/\/analyse.optim.biz\/index.php?rest_route=\/wp\/v2\/posts\/353101","targetHints":{"allow":["GET"]}}],"collection":[{"href":"https:\/\/analyse.optim.biz\/index.php?rest_route=\/wp\/v2\/posts"}],"about":[{"href":"https:\/\/analyse.optim.biz\/index.php?rest_route=\/wp\/v2\/types\/post"}],"author":[{"embeddable":true,"href":"https:\/\/analyse.optim.biz\/index.php?rest_route=\/wp\/v2\/users\/1"}],"replies":[{"embeddable":true,"href":"https:\/\/analyse.optim.biz\/index.php?rest_route=%2Fwp%2Fv2%2Fcomments&post=353101"}],"version-history":[{"count":0,"href":"https:\/\/analyse.optim.biz\/index.php?rest_route=\/wp\/v2\/posts\/353101\/revisions"}],"wp:attachment":[{"href":"https:\/\/analyse.optim.biz\/index.php?rest_route=%2Fwp%2Fv2%2Fmedia&parent=353101"}],"wp:term":[{"taxonomy":"category","embeddable":true,"href":"https:\/\/analyse.optim.biz\/index.php?rest_route=%2Fwp%2Fv2%2Fcategories&post=353101"},{"taxonomy":"post_tag","embeddable":true,"href":"https:\/\/analyse.optim.biz\/index.php?rest_route=%2Fwp%2Fv2%2Ftags&post=353101"}],"curies":[{"name":"wp","href":"https:\/\/api.w.org\/{rel}","templated":true}]}}