{"id":353100,"date":"2017-09-29T19:24:00","date_gmt":"2017-09-29T16:24:00","guid":{"rendered":"https:\/\/analyse.optim.biz\/?p=353100"},"modified":"2017-09-29T19:24:00","modified_gmt":"2017-09-29T16:24:00","slug":"dragnea-nu-mai-acceptam-proiecte-de-imagine-personale-care-incearca-sa-schimbe-decizii-ale-guvernului","status":"publish","type":"post","link":"https:\/\/analyse.optim.biz\/?p=353100","title":{"rendered":"Dragnea: Nu mai accept\u0103m proiecte de imagine personale care \u00eencearc\u0103 s\u0103 schimbe decizii ale guvernului"},"content":{"rendered":"<div class=\"articleBody\" data-key=\"articleBody\">Activitatea parlamentar\u0103 \u0219i aceea din comisii s-au aflat pe ordinea de zi la \u0219edin\u021ba CExN a PSD de vineri, unde s-a decis c\u0103 nu se mai accept\u0103 &#8221;proiecte de imagine sau personale&#8221; din dorin\u021ba de a se schimba decizii ale guvernului, a declarat pre\u0219edintele social-democrat Liviu Dragnea la Sucevi\u021ba, potrivit Agerpres<\/p>\n<p>&#8221;S-a stabilit c\u0103 membrii PSD care au un alt punct de vedere \u00een ceea ce prive\u0219te o ac\u021biune guvernamental\u0103 trebuie s\u0103 discute \u00een mod civilizat \u0219i \u00een grupuri \u0219i cu membrii guvernului \u0219i la partid, pentru c\u0103 discut\u0103m de punerea \u00een aplicare a unui program de guvernare votat de noi. Nu suntem dispu\u0219i niciunul s\u0103 mai accept\u0103m proiecte personale, proiecte de imagine, schimb\u00e2nd sau dorind s\u0103 schimbe ni\u0219te decizii guvernamentale&#8221;, a afirmat Dragnea.<\/p>\n<p>Totodat\u0103, liderul PSD a spus c\u0103 se are \u00een vedere \u00eembun\u0103t\u0103\u021birea rela\u021bion\u0103rii dintre parlamentari \u0219i membrii guvernului \u00een CExN, pentru a se eficientiza activitatea.<\/p>\n<p>&#8221;Am vorbit despre activitatea parlamentar\u0103, despre modul cum e bine s\u0103 se rela\u021bioneze cu mini\u0219trii, \u0219i anume, c\u00e2nd sunt chema\u021bi la grupurile parlamentare, \u00eenainte de a fi chema\u021bi, s\u0103 primeasc\u0103 de la colegi care sunt temele pe care vor s\u0103 le abordeze, care sunt \u00eentreb\u0103rile pe care trebuie s\u0103 le pun\u0103, pentru ca oamenii s\u0103 vin\u0103 preg\u0103ti\u021bi \u0219i s\u0103 fie o \u00eent\u00e2lnire eficient\u0103, adic\u0103 ceea ce ridic\u0103 colegii parlamentari s\u0103 primeasc\u0103 \u0219i r\u0103spunsuri \u0219i din discu\u021bii poate \u00eempreun\u0103 s\u0103 se \u00eembun\u0103t\u0103\u021beasc\u0103 anumite ac\u021biuni&#8221;, a spus Dragnea.<\/p>\n<p>Surs\u0103: Agerpres\n<\/p><\/div>\n<p> Source URL: https:\/\/observatornews.ro\/politic\/dragnea-nu-mai-acceptam-proiecte-de-imagine-personale-care-incearca-sa-schimbe-decizii-ale-guvernului-226165.html<\/p>\n","protected":false},"excerpt":{"rendered":"<p>Activitatea parlamentar\u0103 \u0219i aceea din comisii s-au aflat pe ordinea de zi la \u0219edin\u021ba CExN a PSD de vineri, unde s-a decis c\u0103 nu se mai accept\u0103 &#8221;proiecte de imagine sau personale&#8221; din dorin\u021ba de a se schimba decizii ale guvernului, a declarat pre\u0219edintele social-democrat Liviu Dragnea la Sucevi\u021ba, potrivit Agerpres &#8221;S-a stabilit c\u0103 membrii [&hellip;]<\/p>\n","protected":false},"author":1,"featured_media":0,"comment_status":"open","ping_status":"","sticky":false,"template":"","format":"standard","meta":{"footnotes":""},"categories":[2],"tags":[30],"class_list":["post-353100","post","type-post","status-publish","format-standard","hentry","category-politics","tag-observatornews-ro"],"_links":{"self":[{"href":"https:\/\/analyse.optim.biz\/index.php?rest_route=\/wp\/v2\/posts\/353100","targetHints":{"allow":["GET"]}}],"collection":[{"href":"https:\/\/analyse.optim.biz\/index.php?rest_route=\/wp\/v2\/posts"}],"about":[{"href":"https:\/\/analyse.optim.biz\/index.php?rest_route=\/wp\/v2\/types\/post"}],"author":[{"embeddable":true,"href":"https:\/\/analyse.optim.biz\/index.php?rest_route=\/wp\/v2\/users\/1"}],"replies":[{"embeddable":true,"href":"https:\/\/analyse.optim.biz\/index.php?rest_route=%2Fwp%2Fv2%2Fcomments&post=353100"}],"version-history":[{"count":0,"href":"https:\/\/analyse.optim.biz\/index.php?rest_route=\/wp\/v2\/posts\/353100\/revisions"}],"wp:attachment":[{"href":"https:\/\/analyse.optim.biz\/index.php?rest_route=%2Fwp%2Fv2%2Fmedia&parent=353100"}],"wp:term":[{"taxonomy":"category","embeddable":true,"href":"https:\/\/analyse.optim.biz\/index.php?rest_route=%2Fwp%2Fv2%2Fcategories&post=353100"},{"taxonomy":"post_tag","embeddable":true,"href":"https:\/\/analyse.optim.biz\/index.php?rest_route=%2Fwp%2Fv2%2Ftags&post=353100"}],"curies":[{"name":"wp","href":"https:\/\/api.w.org\/{rel}","templated":true}]}}