{"id":353098,"date":"2017-09-29T20:05:00","date_gmt":"2017-09-29T17:05:00","guid":{"rendered":"https:\/\/analyse.optim.biz\/?p=353098"},"modified":"2017-09-29T20:05:00","modified_gmt":"2017-09-29T17:05:00","slug":"liviu-dragnea-anunta-ca-peste-cinci-milioane-de-pensii-vor-fi-recalculate-in-baza-noii-legi-a-pensiilor-care-ar-putea-sa-intre-in-vigoare-de-la-1-ianuarie-2018","status":"publish","type":"post","link":"https:\/\/analyse.optim.biz\/?p=353098","title":{"rendered":"Liviu Dragnea anun\u021b\u0103 c\u0103 peste cinci milioane de pensii vor fi recalculate \u00een baza noii legi a pensiilor, care ar putea s\u0103 intre \u00een vigoare de la 1 ianuarie 2018"},"content":{"rendered":"<div class=\"description\" data-key=\"description\">Peste cinci milioane de pensii vor fi recalculate \u00een baza noii legi a pensiilor, aflat\u0103 \u00een faz\u0103 de proiect, a declarat\u00a0pre\u0219edintele Partidului Social Democrat (<\/div>\n<div class=\"articleBody\" data-key=\"articleBody\">Peste cinci milioane de pensii vor fi recalculate \u00een baza noii legi a pensiilor, aflat\u0103 \u00een faz\u0103 de proiect, a declarat\u00a0pre\u0219edintele Partidului Social Democrat (PSD), Liviu Dragnea.\u00a0<\/p>\n<p>Potrivit acestuia, actul normativ este finalizat, \u00eens\u0103 speciali\u0219tii din Guvern urmeaz\u0103 s\u0103 stabileasc\u0103 impactul financiar produs de aplicarea sa.<\/p>\n<p>&#8220;Legea pensiilor este finalizat\u0103 practic ca \u0219i document. \u00cen perioada urm\u0103toare se face evaluarea financiar\u0103. Este vorba de un impact semnificativ \u0219i trebuie s\u0103 ne prezinte, c\u00e2t de cur\u00e2nd, care este perioada necesar\u0103 pentru recalcularea pensiilor. Vorbim de recalcularea a peste cinci milioane de dosare. Este vorba de mecanismele tehnice \u0219i resursele financiare pentru ca atunci c\u00e2nd vom ie\u0219i cu ea s\u0103 existe r\u0103spuns la toate \u00eentreb\u0103rile&#8217;, a afirmat Dragnea.<\/p>\n<p>El sus\u021bine c\u0103 noua lege va elimina inechit\u0103\u021bile din sistem, subliniind c\u0103 &#8220;sunt \u0219anse ca noua lege s\u0103 intre \u00een vigoare de la 1 ianuarie 2018&#8221;.\u00a0\n<\/p><\/div>\n<p> Source URL: https:\/\/observatornews.ro\/politic\/liviu-dragnea-anunta-ca-peste-cinci-milioane-de-pensii-vor-fi-recalculate-in-baza-noii-legi-a-pensiilor-care-ar-putea-sa-intre-in-vigoare-de-la-1-ianuarie-2018-226167.html<\/p>\n","protected":false},"excerpt":{"rendered":"<p>Peste cinci milioane de pensii vor fi recalculate \u00een baza noii legi a pensiilor, aflat\u0103 \u00een faz\u0103 de proiect, a declarat\u00a0pre\u0219edintele Partidului Social Democrat ( Peste cinci milioane de pensii vor fi recalculate \u00een baza noii legi a pensiilor, aflat\u0103 \u00een faz\u0103 de proiect, a declarat\u00a0pre\u0219edintele Partidului Social Democrat (PSD), Liviu Dragnea.\u00a0 Potrivit acestuia, actul [&hellip;]<\/p>\n","protected":false},"author":1,"featured_media":353099,"comment_status":"open","ping_status":"","sticky":false,"template":"","format":"standard","meta":{"footnotes":""},"categories":[2],"tags":[30],"class_list":["post-353098","post","type-post","status-publish","format-standard","has-post-thumbnail","hentry","category-politics","tag-observatornews-ro"],"_links":{"self":[{"href":"https:\/\/analyse.optim.biz\/index.php?rest_route=\/wp\/v2\/posts\/353098","targetHints":{"allow":["GET"]}}],"collection":[{"href":"https:\/\/analyse.optim.biz\/index.php?rest_route=\/wp\/v2\/posts"}],"about":[{"href":"https:\/\/analyse.optim.biz\/index.php?rest_route=\/wp\/v2\/types\/post"}],"author":[{"embeddable":true,"href":"https:\/\/analyse.optim.biz\/index.php?rest_route=\/wp\/v2\/users\/1"}],"replies":[{"embeddable":true,"href":"https:\/\/analyse.optim.biz\/index.php?rest_route=%2Fwp%2Fv2%2Fcomments&post=353098"}],"version-history":[{"count":0,"href":"https:\/\/analyse.optim.biz\/index.php?rest_route=\/wp\/v2\/posts\/353098\/revisions"}],"wp:featuredmedia":[{"embeddable":true,"href":"https:\/\/analyse.optim.biz\/index.php?rest_route=\/wp\/v2\/media\/353099"}],"wp:attachment":[{"href":"https:\/\/analyse.optim.biz\/index.php?rest_route=%2Fwp%2Fv2%2Fmedia&parent=353098"}],"wp:term":[{"taxonomy":"category","embeddable":true,"href":"https:\/\/analyse.optim.biz\/index.php?rest_route=%2Fwp%2Fv2%2Fcategories&post=353098"},{"taxonomy":"post_tag","embeddable":true,"href":"https:\/\/analyse.optim.biz\/index.php?rest_route=%2Fwp%2Fv2%2Ftags&post=353098"}],"curies":[{"name":"wp","href":"https:\/\/api.w.org\/{rel}","templated":true}]}}