{"id":351734,"date":"2017-10-18T10:50:00","date_gmt":"2017-10-18T07:50:00","guid":{"rendered":"https:\/\/analyse.optim.biz\/?p=351734"},"modified":"2017-10-18T10:50:00","modified_gmt":"2017-10-18T07:50:00","slug":"eugen-teodorovici-sustine-ca-primit-o-diploma-de-studii-de-la-academia-sri-fara-sa-fi-fost-la-cursuri-ani-se-autosesizeaza","status":"publish","type":"post","link":"https:\/\/analyse.optim.biz\/?p=351734","title":{"rendered":"Eugen Teodorovici sus\u0163ine c\u0103 primit o diplom\u0103 de studii de la Academia SRI, f\u0103r\u0103 s\u0103 fi fost la cursuri. ANI se autosesizeaz\u0103"},"content":{"rendered":"<div class=\"description\" data-key=\"description\">Academia Na\u0163ional\u0103 de Informa\u0163ii se autosesizeaz\u0103 \u00een cazul lui Eugen Teodorovici, care spune c\u0103 are o diplom\u0103 de la academie, de\u015fi nu a fost la cursuri.<\/div>\n<div class=\"articleBody\" data-key=\"articleBody\">Academia Na\u0163ional\u0103 de Informa\u0163ii se autosesizeaz\u0103 \u00een cazul lui Eugen Teodorovici, care spune c\u0103 are o diplom\u0103 de la academie, de\u015fi nu a fost la cursuri.<\/p>\n<p>Senatul Academiei Na\u0163ionale de Informa\u0163ii &#8220;Mihai Viteazul\u201d (ANIMV) s-a autosesizat \u015fi face verific\u0103ri privind condi\u0163iile de absolvire \u00een cazul lui Eugen Teodorovici. Anun\u0163ul ANIMV vine \u00een contextul \u00een care fostul ministru al Finan\u0163elor a spus, \u00eentr-o emisiune TV, c\u0103 a primit o diplom\u0103 de la Academie, dar c\u0103 nu \u015ftie ce fel de diplom\u0103 \u015fi c\u0103 nu a fost la cursuri &#8220;nici m\u0103car o dat\u0103&#8221;.<\/p>\n<p>Academia Na\u0163ional\u0103 de Informa\u0163ii &#8220;Mihai Viteazul\u201d precizeaz\u0103, \u00eentr-un comunicat de pres\u0103 postat miercuri pe site-ul institu\u0163iei, c\u0103 \u00een 2013 Eugen Teodorovici a absolvit Colegiul Na\u0163ional de Informa\u0163ii, fiind vorba despre un curs postuniversitar de 45 de zile.<\/p>\n<p>&#8220;Domnul Eugen Teodorovici a absolvit Colegiul Na\u0163ional de Informa\u0163ii \u00een 2013, un curs postuniversitar de 45 de zile dedicat civililor. Senatul actual al Academiei Na\u0163ionale de Informa\u0163ii Mihai Viteazul (ANIMV) s-a autosesizat pentru a verifica condi\u0163iile de absolvire \u00een cazul domnului Teodorovici. V\u0103 inform\u0103m c\u0103 rezultatul acestor verific\u0103ri va fi comunicat public pe site-ul ANIMV&#8221;, men\u0163ioneaz\u0103 Academia Na\u0163ional\u0103 de Informa\u0163ii &#8220;Mihai Viteazul\u201d .<\/p>\n<p>Anun\u0163ul vine \u00een contextul \u00een care Eugen Teodorovici a spus, mar\u0163i sear\u0103, \u00eentr-o emisiune TV, c\u0103 a primit o diplom\u0103 de la Academie de\u015fi nu a fost la cursuri &#8220;nici m\u0103car o dat\u0103&#8221;.<\/p>\n<p>Teodorovici a spus, \u00eentr-un dialog cu Robert Turcescu, care l-a \u00eentrebat dac\u0103 nu are \u015fi el &#8220;o intersec\u0163ie cu b\u0103ie\u0163ii din servicii&#8221;, c\u0103 are o diplom\u0103 de la Academie. \u00centrebat de la ce academie are diploma, Teodorovici a r\u0103spuns: &#8220;P\u0103i spune\u0163i dumneavoastr\u0103, a\u0163i fost cel mai perspicace. Vede\u0163i c\u0103 v-a\u0163i dat de gol, cum a\u0163i mu\u015fcat din capcan\u0103 (&#8230;) O academie, nu \u015ftiu cum \u00eei zice&#8230; Academia de&#8230;&#8221;.<\/p>\n<p>Dup\u0103 interven\u0163ia cuiva, care spune c\u0103 este vorba despre Academia Na\u0163ional\u0103 de Informa\u0163ii a SRI, Teodorovici explic\u0103: &#8220;Am o diplom\u0103 de master sau ce este el, curs postuniversitar, unde nu am fost nici m\u0103car o dat\u0103&#8221;. De asemenea, \u00eentrebat cum a luat atunci diploma, Teodorovici spune: &#8220;Nu \u015ftiu, \u00eentreba\u0163i-i pe cei care mi-au dat diploma (&#8230;) Nu, mi s-a adus, nici m\u0103car n-am luat-o eu. Mi s-a dat, da, pur \u015fi simplu. (&#8230;) Probabil c\u0103 merit&#8221;.<\/p>\n<p>Fostul ministru al Finan\u0163elor a mai spus c\u0103 diploma i-a fost dat\u0103 la finalul celor trei luni de curs, ad\u0103ug\u00e2nd: &#8220;La care, recunosc, eu n-am fost&#8221;.<\/p>\n<p>Sursa: News.ro\n<\/p><\/div>\n<p> Source URL: https:\/\/observatornews.ro\/politic\/ani-se-autosesizeaza-in-cazul-lui-eugen-teodorovici-care-spune-ca-are-diploma-fara-sa-fi-fost-la-cursuri-228417.html<\/p>\n","protected":false},"excerpt":{"rendered":"<p>Academia Na\u0163ional\u0103 de Informa\u0163ii se autosesizeaz\u0103 \u00een cazul lui Eugen Teodorovici, care spune c\u0103 are o diplom\u0103 de la academie, de\u015fi nu a fost la cursuri. Academia Na\u0163ional\u0103 de Informa\u0163ii se autosesizeaz\u0103 \u00een cazul lui Eugen Teodorovici, care spune c\u0103 are o diplom\u0103 de la academie, de\u015fi nu a fost la cursuri. Senatul Academiei Na\u0163ionale [&hellip;]<\/p>\n","protected":false},"author":1,"featured_media":351735,"comment_status":"open","ping_status":"","sticky":false,"template":"","format":"standard","meta":{"footnotes":""},"categories":[2],"tags":[30],"class_list":["post-351734","post","type-post","status-publish","format-standard","has-post-thumbnail","hentry","category-politics","tag-observatornews-ro"],"_links":{"self":[{"href":"https:\/\/analyse.optim.biz\/index.php?rest_route=\/wp\/v2\/posts\/351734","targetHints":{"allow":["GET"]}}],"collection":[{"href":"https:\/\/analyse.optim.biz\/index.php?rest_route=\/wp\/v2\/posts"}],"about":[{"href":"https:\/\/analyse.optim.biz\/index.php?rest_route=\/wp\/v2\/types\/post"}],"author":[{"embeddable":true,"href":"https:\/\/analyse.optim.biz\/index.php?rest_route=\/wp\/v2\/users\/1"}],"replies":[{"embeddable":true,"href":"https:\/\/analyse.optim.biz\/index.php?rest_route=%2Fwp%2Fv2%2Fcomments&post=351734"}],"version-history":[{"count":0,"href":"https:\/\/analyse.optim.biz\/index.php?rest_route=\/wp\/v2\/posts\/351734\/revisions"}],"wp:featuredmedia":[{"embeddable":true,"href":"https:\/\/analyse.optim.biz\/index.php?rest_route=\/wp\/v2\/media\/351735"}],"wp:attachment":[{"href":"https:\/\/analyse.optim.biz\/index.php?rest_route=%2Fwp%2Fv2%2Fmedia&parent=351734"}],"wp:term":[{"taxonomy":"category","embeddable":true,"href":"https:\/\/analyse.optim.biz\/index.php?rest_route=%2Fwp%2Fv2%2Fcategories&post=351734"},{"taxonomy":"post_tag","embeddable":true,"href":"https:\/\/analyse.optim.biz\/index.php?rest_route=%2Fwp%2Fv2%2Ftags&post=351734"}],"curies":[{"name":"wp","href":"https:\/\/api.w.org\/{rel}","templated":true}]}}