{"id":350701,"date":"2017-11-06T13:31:00","date_gmt":"2017-11-06T10:31:00","guid":{"rendered":"https:\/\/analyse.optim.biz\/?p=350701"},"modified":"2017-11-06T13:31:00","modified_gmt":"2017-11-06T10:31:00","slug":"ponta-atac-dur-la-adresa-liderului-psd-sper-ca-tudose-sa-castige-azi-batalia-cu-dragnea-sa-nu-mai-adopte-prostiile-alea","status":"publish","type":"post","link":"https:\/\/analyse.optim.biz\/?p=350701","title":{"rendered":"Ponta, atac dur la adresa liderului PSD: &#8216;Sper ca Tudose s\u0103 c\u00e2\u015ftige azi b\u0103t\u0103lia cu Dragnea, s\u0103 nu mai adopte prostiile alea&#8217;"},"content":{"rendered":"<div class=\"articleBody\" data-key=\"articleBody\">Deputatul Victor Ponta a declarat, luni, c\u0103 sper\u0103 ca ast\u0103zi premierul Mihai Tudose \u201ds\u0103 c\u00e2\u015ftige b\u0103t\u0103lia\u201d cu liderul PSD Liviu Dragnea \u015fi s\u0103 nu adopte \u201dprostiile alea cu trecerea contribu\u0163iilor\u201d de la angajator la angajat.<\/p>\n<p>\u201dDin toate pove\u015ftile cu m\u0103riri, cu salarii nu a mai r\u0103mas nimic. Sper ca Tudose s\u0103 c\u00e2\u015ftige azi b\u0103t\u0103lia cu Dragnea\u201d, a declarat Ponta, la Parlament.<\/p>\n<p>\u201dS\u0103 nu mai adopte prostiile alea cu trecerea contribu\u0163iilor. S\u0103 fac\u0103 cum a f\u0103cut cu TVA split. Cum a zis? S-a uitat. A zis Dragnea c\u0103 e foarte bun TVA split, Tudose l-a \u00eengropat \u015fi bine a f\u0103cut. A zis Dragnea c\u0103 e foarte bun impozitul pe gospod\u0103rii, Tudose l-a \u00eengropat. Dac\u0103 o \u00eengroap\u0103 \u015fi pe asta cu trecerea contribu\u0163iilor, care este o megaprostie, este ceva \u00eengrozitor, la fel ca \u015fi cea cu plata contribu\u0163iilor la contractele part-time \u015fi dac\u0103 anun\u0163\u0103 &#8211; dom&#8217;ne nu ne mai atingem de Codul fiscal, \u0103la din 2015 aprobat tot de PSD; c\u0103 doar nu e al lui Ponta de acas\u0103 sau al lui Teodorovici, \u015fi aprobat de toat\u0103 lumea, \u015fi promulgat de Iohannis, \u015fi iubit de toat\u0103 lumea, m\u0103car din punct de vedere economic putem s\u0103 respir\u0103m\u201d, a ad\u0103ugat Victor Ponta.<\/p>\n<p>El a sus\u0163inut c\u0103 \u201dLegea salariz\u0103rii a fost f\u0103cut\u0103 prost \u015fi mincinos\u201d.<\/p>\n<p>\u201dNu aveau acoperire. \u015ei mie \u00eemi pl\u0103cea s\u0103 m\u0103resc salarii. Crede\u0163i c\u0103 e cineva care nu vrea s\u0103 m\u0103reasc\u0103 salariile? Dar \u00eent\u00e2i str\u00e2ngeam banii \u015fi dup\u0103 aia \u00eei \u00eemp\u0103r\u0163eam, cum am f\u0103cut cu profesorii, cu medicii. Dragnea a f\u0103cut o \u015fmecherie de Teleorman, adic\u0103 n-avea niciun ban, dar a zis c\u0103 \u00eemparte \u015fi acum nu are de unde s\u0103 \u00eempart\u0103\u201d, a mai declarat Ponta.<\/p>\n<p>Fostul premier a men\u0163ionat c\u0103 nu poate fi trimis Parlamentului proiectul legii bugetului de stat pe anul viitor, dec\u00e2t bazat pe legi deja aflate \u00een vigoare.<\/p>\n<p>\u201dNu po\u0163i s\u0103 vii cu legea bugetului c\u0103 las\u0103 c\u0103 o s\u0103 adopt eu nu \u015ftiu c\u00e2nd nu \u015ftiu ce. Nu se poate. (&#8230;) Legea salariz\u0103rii a\u015fa cum a fost f\u0103cut\u0103, nu de Guvern, de domnul Dragnea cu Olgu\u0163a, e o lege care nu se va putea aplica. Dac\u0103 se aplic\u0103, va duce la sute de mii de procese \u015fi, de fapt, p\u0103c\u0103leala asta cu \u00ee\u0163i dau 25%, dar \u00ee\u0163i iau 21% e o escrocherie \u015fi oamenii, pe bun\u0103 dreptate, vor fi sup\u0103ra\u0163i. (&#8230;) Iar \u00een privat, pe legea aceasta, scad salariile\u201d, a continuat deputatul.<\/p>\n<p>Ponta a subliniat c\u0103 ar fi bine ca premierul Tudose s\u0103 nu aprobe modific\u0103rile fiscale.<\/p>\n<p>\u201dDeci, dac\u0103 face premierul Tudose&#8230; P\u00e2n\u0103 la urm\u0103 e vorba de semn\u0103tura lui, degeaba trombone\u015fte Dragnea pe la televizor. Tudose, dac\u0103 nu semneaz\u0103 (&#8230;), e un lucru bun. Dar oricum s\u0103 tot anun\u0163i ni\u015fte prostii \u015fi dup\u0103 aia s\u0103 nu le mai faci, tot nu e un lucru de\u015ftept, pare o guvernare de nebuni. Tot arunc\u0103 un pietroi, apoi se duc \u015fi \u00eel scot din ap\u0103. Nu po\u0163i s\u0103 guvernezi a\u015fa\u201d, a mai declarat el.<\/p>\n<p>\u00centrebat dac\u0103 a mai discutat cu lideri PSD, Victor Ponta a spus c\u0103 el vorbe\u015fte cu fo\u015ftii s\u0103i colegi de partid, dar c\u0103 unora le este fric\u0103.<\/p>\n<p>\u201dEu nu tac de frica lui Dragnea \u015fi, dup\u0103 cum a\u0163i v\u0103zut, \u015fi ieri la Deva ei au luat 5.000 de voturi, eu am luat 3.000 de voturi. Conteaz\u0103 s\u0103 ai un pic de curaj. (&#8230;) Ieri, \u00een zi de alegeri, Dragnea a fost la shopping la Viena. \u00cenainte, st\u0103tea \u00een sediul de partid, se ocupa de num\u0103r\u0103tori, de voturi, scotea oamenii la alegeri. Acum se ocup\u0103 de shopping \u015fi PSD ia b\u0103taie\u201d, a afirmat Ponta.<\/p>\n<p>\u015eedin\u0163a extraordinar\u0103 a Guvernului pentru adoptarea noilor prevederi fiscale, programat\u0103 ini\u0163ial vineri \u015fi am\u00e2nat\u0103 pentru luni, pare c\u0103 nu va mai avea loc, premierul Mihai Tudose f\u0103c\u00e2nd luni referire doar la \u015fedin\u0163a de miercuri, \u00een care a spus c\u0103 nu este sigur c\u0103 aceste m\u0103suri vor fi discutate. Este \u00eens\u0103 posibil\u0103 o reuniune a coali\u0163iei de guvern\u0103m\u00e2nt pe tema controversatelor m\u0103suri fiscale.<\/p>\n<p>Sursa: News.ro\n<\/p><\/div>\n<p> Source URL: https:\/\/observatornews.ro\/politic\/ponta-atac-dur-la-adresa-liderului-psd-sper-ca-tudose-sa-castige-azi-batalia-cu-dragnea-230626.html<\/p>\n","protected":false},"excerpt":{"rendered":"<p>Deputatul Victor Ponta a declarat, luni, c\u0103 sper\u0103 ca ast\u0103zi premierul Mihai Tudose \u201ds\u0103 c\u00e2\u015ftige b\u0103t\u0103lia\u201d cu liderul PSD Liviu Dragnea \u015fi s\u0103 nu adopte \u201dprostiile alea cu trecerea contribu\u0163iilor\u201d de la angajator la angajat. \u201dDin toate pove\u015ftile cu m\u0103riri, cu salarii nu a mai r\u0103mas nimic. Sper ca Tudose s\u0103 c\u00e2\u015ftige azi b\u0103t\u0103lia cu [&hellip;]<\/p>\n","protected":false},"author":1,"featured_media":350702,"comment_status":"open","ping_status":"","sticky":false,"template":"","format":"standard","meta":{"footnotes":""},"categories":[2],"tags":[30],"class_list":["post-350701","post","type-post","status-publish","format-standard","has-post-thumbnail","hentry","category-politics","tag-observatornews-ro"],"_links":{"self":[{"href":"https:\/\/analyse.optim.biz\/index.php?rest_route=\/wp\/v2\/posts\/350701","targetHints":{"allow":["GET"]}}],"collection":[{"href":"https:\/\/analyse.optim.biz\/index.php?rest_route=\/wp\/v2\/posts"}],"about":[{"href":"https:\/\/analyse.optim.biz\/index.php?rest_route=\/wp\/v2\/types\/post"}],"author":[{"embeddable":true,"href":"https:\/\/analyse.optim.biz\/index.php?rest_route=\/wp\/v2\/users\/1"}],"replies":[{"embeddable":true,"href":"https:\/\/analyse.optim.biz\/index.php?rest_route=%2Fwp%2Fv2%2Fcomments&post=350701"}],"version-history":[{"count":0,"href":"https:\/\/analyse.optim.biz\/index.php?rest_route=\/wp\/v2\/posts\/350701\/revisions"}],"wp:featuredmedia":[{"embeddable":true,"href":"https:\/\/analyse.optim.biz\/index.php?rest_route=\/wp\/v2\/media\/350702"}],"wp:attachment":[{"href":"https:\/\/analyse.optim.biz\/index.php?rest_route=%2Fwp%2Fv2%2Fmedia&parent=350701"}],"wp:term":[{"taxonomy":"category","embeddable":true,"href":"https:\/\/analyse.optim.biz\/index.php?rest_route=%2Fwp%2Fv2%2Fcategories&post=350701"},{"taxonomy":"post_tag","embeddable":true,"href":"https:\/\/analyse.optim.biz\/index.php?rest_route=%2Fwp%2Fv2%2Ftags&post=350701"}],"curies":[{"name":"wp","href":"https:\/\/api.w.org\/{rel}","templated":true}]}}