{"id":350699,"date":"2017-11-06T13:40:00","date_gmt":"2017-11-06T10:40:00","guid":{"rendered":"https:\/\/analyse.optim.biz\/?p=350699"},"modified":"2017-11-06T13:40:00","modified_gmt":"2017-11-06T10:40:00","slug":"parlamentul-se-reuneste-marti-pentru-a-l-numi-presedinte-la-ancom-pe-sorin-grindeanu","status":"publish","type":"post","link":"https:\/\/analyse.optim.biz\/?p=350699","title":{"rendered":"Parlamentul se reune\u015fte mar\u0163i pentru a-l numi pre\u015fedinte la ANCOM pe Sorin Grindeanu"},"content":{"rendered":"<div class=\"description\" data-key=\"description\">Plenul se reune\u015fte mar\u0163i pentru numirea lui Sorin Grindeanu la ANCOM \u015fi prelungirea activit\u0103\u0163ii comisiei de anchet\u0103 privind preziden\u0163ialele.<\/div>\n<div class=\"articleBody\" data-key=\"articleBody\">Camera Deputa\u0163ilor \u015fi Senatul se vor reuni mar\u0163i \u00een \u015fedin\u0163\u0103 comun\u0103 pentru a-l numi pe fostul premier Sorin Grindeanu \u00een func\u0163ia de pre\u015fedinte al Autorit\u0103\u0163ii Na\u0163ionale pentru Administrare \u015fi Reglementare \u00een Comunica\u0163ii (ANCOM), dar \u015fi pentru a prelungi termenul p\u00e2n\u0103 la care comisia de achet\u0103 privind alegerile preziden\u0163iale trebuie s\u0103 depun\u0103 raportul.<\/p>\n<p>&#8220;M\u00e2ine (mar\u0163i &#8211; n. red.), la \u015fedin\u0163a comun\u0103, pe baza raportului \u00a0(comisiilor de specialitate &#8211; n. red.), vom supune votului Parlamentului numirea pre\u015fedintelui Autorit\u0103\u0163ii Na\u0163ionale \u00een domeniul Comunica\u0163iilor&#8221;, a anun\u0163at C\u0103lin Popescu-T\u0103riceanu, la finalul \u015fedin\u0163ei Birourilor permanente reunite.<\/p>\n<p>Pre\u015fedintele Senatului a mai spus c\u0103 la \u015fedin\u0163a comun\u0103 de mar\u0163i vor fi numi\u0163i \u015fi doi consilieri la Curtea de Conturi \u015fi, de asemenea, va fi prelungit, cu 60 de zile, termenul de depunere\u00a0a raportului de c\u0103tre Comisia parlamentar\u0103 de anchet\u0103 privind alegerile preziden\u0163iale din 2009.\u00a0<\/p>\n<p>Fostul prim-ministru Sorin Grindeanu a fost avizat pe 24 octombrie, cu 15 voturi \u201dpentru\u201d, 7 voturi \u201d\u00eempotriv\u0103\u201d (PNL \u015fi USR) \u015fi o ab\u0163inere (PMP), de c\u0103tre comisiile de specialitate ale Parlamentului pentru a prelua func\u0163ia de pre\u015fedinte al Autorit\u0103\u0163ii Na\u0163ionale pentru Administrare \u015fi Reglementare \u00een Comunica\u0163ii (ANCOM).<\/p>\n<p>\u00cenc\u0103 din debutul \u015fedin\u0163ei, pre\u015fedintele comisiei economice a Senatului, liberalul Daniel Zamfir, i-a repro\u015fat lui Sorin Grindeanu c\u0103 nu este potrivit pentru a conduce ANCOM, amintindu-i de acuza\u0163iile aduse de social-democra\u0163i atunci c\u00e2nd l-au dat jos de la \u015fefia Guvernului.<\/p>\n<p>\u201dNu se poate ca pre\u015fedintele ANCOM s\u0103 fie manevrat de for\u0163e obscure\u201d, a spus Zamfir, preciz\u00e2nd c\u0103 nu face dec\u00e2t s\u0103 citeze ceea ce membrii PSD au spus despre Grindeanu.<\/p>\n<p>\u201dNu are de ce s\u0103-mi fie ru\u015fine\u201d, a replicat fostul prim-ministru, preciz\u00e2nd c\u0103 \u00een prezent el nu mai este membru de partid dup\u0103 ce a fost exclus de PSD.<\/p>\n<p>Contrele dintre Sorin Grindeanu \u015fi parlamentarii liberali au durat pe tot parcursul audierilor.<\/p>\n<p>Senatorul PNL Florin C\u00ee\u0163u i-a amintit fostului premier c\u0103, dup\u0103 demiterea din func\u0163ia de \u015fef al Guvernului \u015fi dup\u0103 excluderea din PSD, a declarat c\u0103 va r\u0103m\u00e2ne pesedist pe via\u0163\u0103.<\/p>\n<p>\u201dAm spus c\u0103 principala mea dorin\u0163\u0103 e s\u0103 r\u0103m\u00e2n \u00een PSD, dar eu \u00een acest moment sunt exclus. Dac\u0103 cumva voi deveni pre\u015fedintele ANCOM, contesta\u0163ia mea la excludere (din PSD &#8211; n. red.) nu mai are rost. Eu \u00een acest moment sunt apolitic\u201d, a replicat Grindeanu.<\/p>\n<p>\u201dA\u0163i spus public c\u0103 v-a lipsit pupincurismul pentru a r\u0103m\u00e2ne \u00een func\u0163ie. E o \u00eentrebare retoric\u0103, pentru c\u0103 azi sunte\u0163i aici pus tot de PSD\u201d, a mai spus Florin C\u00ee\u0163u.<\/p>\n<p>\u201dL-a\u015f completa pe domnul C\u00ee\u0163u: acea declara\u0163ie cu pupincurismul a venit dup\u0103 ce vi s-a propus, \u00een\u0163eleg o func\u0163ie, aceea de pre\u015fedinte al ASF. A\u0163i refuzat-o pe aia de la ASF\u201d, a spus \u015fi senatorul PNL Daniel Zamfir.<\/p>\n<p>\u201dAm refuzat-o pentru c\u0103 nu sunt finan\u0163ist. Eu am terminat informatica, am fost \u015fi ministrul Comunica\u0163iilor \u015fi \u0103sta este domeniul \u00een care mi-am f\u0103cut \u015fcoala\u201d, a replicat Grindeanu.<\/p>\n<p>\u201dAm \u00een\u0163eles, deci dac\u0103 vi s-ar fi propus ASF \u00een loc de ANCOM, nu mai func\u0163iona cu pupincurismul\u201d, a continuat Zamfir.<\/p>\n<p>\u201d\u00cemi cere\u0163i s\u0103 fiu apolitic, dar m\u0103 duce\u0163i spre a face dclara\u0163ii politice\u201d, a r\u0103spuns Sorin Grindeanu.<\/p>\n<p>Fostul prim-ministru Sorin Grindeanu a fost propus luni de c\u0103tre premierul Mihai Tudose pentru a prelua pre\u015fedin\u0163ia Autorit\u0103\u0163ii Na\u0163ionale pentru Administrare \u015fi Reglementare \u00een Comunica\u0163ii (ANCOM), dup\u0103 ce Adrian Di\u0163\u0103 \u015fi-a \u00eenaintat demisia din func\u0163ie.<\/p>\n<p>El fusese numit pe 11 mai, pre\u015fedinte al ANCOM cu 236 voturi \u201dpentru\u201d \u015fi zece \u201d\u00eempotriv\u0103\u201d.<\/p>\n<p>Adrian Di\u0163\u0103, a ocupat, din noiembrie 2015 p\u00e2n\u0103 \u00een mai 2017, func\u0163ia de director de afaceri publice \u00een cadrul Telekom Rom\u00e2nia. Totodat\u0103, din martie 2011 p\u00e2n\u0103 \u00een mai 2017, a avut \u015fi func\u0163ia de director \u00een cadrul Romconnection Consulting, potrivit contului de LinkedIn. \u00cen perioada 2010-2011, a fost director de Coporate Affairs \u00een cadrul International Railway Systems, grup controlat de omul de afaceri Cristian Burci. \u00cen perioada iunie 2004 \u2013 ianuarie 2010, a avut func\u0163ia de director de Corporate Affairs \u00een cadrul Vodafone Rom\u00e2nia.<\/p>\n<p>Guvernul Grindeanu a modificat, pe 27 aprilie, prin ordonan\u0163\u0103 de urgen\u0163\u0103,\u00a0legea de func\u0163ionare a ANCOM, statu\u00e2nd c\u0103 numirea pre\u015fedintelui \u015fi vicepre\u015fedin\u0163ilor acestei institu\u0163ii se va face de c\u0103tre plenul reunit al Parlamentului, la propunerea Guvernului.<\/p>\n<p>\u00cenainte de aprobarea acestei OUG conducerea ANCOM era numit\u0103 de c\u0103tre pre\u015fedintele Rom\u00e2niei, la propunerea Guvernului.<\/p>\n<p>Administra\u0163ia Preziden\u0163ial\u0103 a criticat schimbarea modalit\u0103\u0163ii de numire a conducerii ANCOM, pe care a v\u0103zut-o ca pe o amputare a atribu\u0163iilor pre\u015fedintelui Rom\u00e2niei,\u00a0calific\u00e2nd aceast\u0103 procedur\u0103 drept una netransparent\u0103, care transmite un semnal \u00eengrijor\u0103tor.<\/p>\n<p>Sursa: News.ro\n<\/p><\/div>\n<p> Source URL: https:\/\/observatornews.ro\/politic\/parlamentul-se-reuneste-marti-pentru-al-numi-presedinte-ancom-pe-sorin-grindeanu-230628.html<\/p>\n","protected":false},"excerpt":{"rendered":"<p>Plenul se reune\u015fte mar\u0163i pentru numirea lui Sorin Grindeanu la ANCOM \u015fi prelungirea activit\u0103\u0163ii comisiei de anchet\u0103 privind preziden\u0163ialele. Camera Deputa\u0163ilor \u015fi Senatul se vor reuni mar\u0163i \u00een \u015fedin\u0163\u0103 comun\u0103 pentru a-l numi pe fostul premier Sorin Grindeanu \u00een func\u0163ia de pre\u015fedinte al Autorit\u0103\u0163ii Na\u0163ionale pentru Administrare \u015fi Reglementare \u00een Comunica\u0163ii (ANCOM), dar \u015fi pentru [&hellip;]<\/p>\n","protected":false},"author":1,"featured_media":350700,"comment_status":"open","ping_status":"","sticky":false,"template":"","format":"standard","meta":{"footnotes":""},"categories":[2],"tags":[30],"class_list":["post-350699","post","type-post","status-publish","format-standard","has-post-thumbnail","hentry","category-politics","tag-observatornews-ro"],"_links":{"self":[{"href":"https:\/\/analyse.optim.biz\/index.php?rest_route=\/wp\/v2\/posts\/350699","targetHints":{"allow":["GET"]}}],"collection":[{"href":"https:\/\/analyse.optim.biz\/index.php?rest_route=\/wp\/v2\/posts"}],"about":[{"href":"https:\/\/analyse.optim.biz\/index.php?rest_route=\/wp\/v2\/types\/post"}],"author":[{"embeddable":true,"href":"https:\/\/analyse.optim.biz\/index.php?rest_route=\/wp\/v2\/users\/1"}],"replies":[{"embeddable":true,"href":"https:\/\/analyse.optim.biz\/index.php?rest_route=%2Fwp%2Fv2%2Fcomments&post=350699"}],"version-history":[{"count":0,"href":"https:\/\/analyse.optim.biz\/index.php?rest_route=\/wp\/v2\/posts\/350699\/revisions"}],"wp:featuredmedia":[{"embeddable":true,"href":"https:\/\/analyse.optim.biz\/index.php?rest_route=\/wp\/v2\/media\/350700"}],"wp:attachment":[{"href":"https:\/\/analyse.optim.biz\/index.php?rest_route=%2Fwp%2Fv2%2Fmedia&parent=350699"}],"wp:term":[{"taxonomy":"category","embeddable":true,"href":"https:\/\/analyse.optim.biz\/index.php?rest_route=%2Fwp%2Fv2%2Fcategories&post=350699"},{"taxonomy":"post_tag","embeddable":true,"href":"https:\/\/analyse.optim.biz\/index.php?rest_route=%2Fwp%2Fv2%2Ftags&post=350699"}],"curies":[{"name":"wp","href":"https:\/\/api.w.org\/{rel}","templated":true}]}}