{"id":350697,"date":"2017-11-06T14:12:00","date_gmt":"2017-11-06T11:12:00","guid":{"rendered":"https:\/\/analyse.optim.biz\/?p=350697"},"modified":"2017-11-06T14:12:00","modified_gmt":"2017-11-06T11:12:00","slug":"anunt-de-ultima-ora-privind-masurile-fiscale-ministrul-finantelor-premierul-mi-a-spus-ca-ordonanta-intra-in-sedinta-avem-toate-avizele","status":"publish","type":"post","link":"https:\/\/analyse.optim.biz\/?p=350697","title":{"rendered":"Anun\u0163 de ultim\u0103 or\u0103 privind m\u0103surile fiscale. Ministrul Finan\u0163elor: &#8216;Premierul mi-a spus c\u0103 ordonan\u0163a intr\u0103 \u00een \u015fedin\u0163\u0103. Avem toate avizele&#8217;"},"content":{"rendered":"<div class=\"articleBody\" data-key=\"articleBody\">Mi\u015fa: Premierul mi-a spus c\u0103 ordonan\u0163a privind m\u0103surile fiscale intr\u0103 miercuri \u00een \u015fedin\u0163a de Guvern. Avem toate avizele<\/p>\n<p>Ministrul Finan\u0163elor, Ionu\u0163 Mi\u015fa, a declarat, luni, la Parlament, c\u0103 a avut o discu\u0163ie cu premierul Mihai Tudose \u015fi cu liderul PSD Liviu Dragnea, iar ordonan\u0163a de urgen\u0163\u0103 privind noile m\u0103suri fiscale va intra miercuri \u00een \u015fedin\u0163a de Guvern.<\/p>\n<p>\u201dSe poate aplica Legea salariz\u0103rii f\u0103r\u0103 niciun fel de probleme. \u00cen momentul \u00een care a fost g\u00e2ndit transferul contribu\u0163iilor ca m\u0103sur\u0103 \u00een programul de guvernare a fost luat \u00een calcul tot ansamblul m\u0103surilor fiscale \u015fi nu va fi niciun efect negativ asupra legii salariz\u0103rii\u201d, a sus\u0163inut Mi\u015fa.<\/p>\n<p>\u00centrebat de ce nu a mai avut loc \u015fedin\u0163a de Guvern anun\u0163at\u0103 pentru luni, ministrul Finan\u0163elor a r\u0103spuns: \u201dNu \u015ftiu care ste motiva\u0163ia. Am avut ni\u015fte \u00eent\u00e2rzieri la avize \u015fi \u015fedin\u0163a de Guvern se \u0163ine miercurea de obicei. \u00cen momentul de fa\u0163\u0103 avem toate avizele\u201d.<\/p>\n<p>El a spus c\u0103, \u00eentr-adev\u0103rul, avizul Consiliului Fiscal este negativ, \u00eens\u0103 nu este nicio problem\u0103.<\/p>\n<p>\u201dConsiliul Fiscal ridic\u0103 ni\u015fte probleme pe care inclusiv noi le-am men\u0163ionat \u00een nota de fundamentare, cele legate de impact, cele pe care le-am luat \u00een calcul, deci nu e o surpriz\u0103 din acest punct de vedere, dar nu va fi o problem\u0103 pentru a realiza implementarea acestor m\u0103suri \u015fi nu va fi o problem\u0103 la nivelul bugetului sau deficitului pentru anul 2018\u201d, a spus ministrul.<\/p>\n<p>Ionu\u0163 Mi\u015fa a precizat c\u0103 a discutat cu premierul \u00een aceast\u0103 dup\u0103-amiaz\u0103 \u015fi acesta i-a spus c\u0103 a avut o discu\u0163ie \u015fi la nivelul partidului \u015fi miercuri va intra ordonan\u0163a \u00een \u015fedin\u0163\u0103 de Guvern.<\/p>\n<p>\u201dAm fost azi la o discu\u0163ie cu premierul \u015fi cu pre\u015fedintele partidului \u015fi secretarul general \u015fi am discutat mai multe aspecte \u015fi legate de fiscalitate, \u015fi legate de buget, \u015fi legate de rectificare\u201d, a men\u0163ionat Mi\u015fa.<\/p>\n<p>Sursa: News.ro\n<\/p><\/div>\n<p> Source URL: https:\/\/observatornews.ro\/politic\/anunt-de-ultima-ora-privind-masurile-fiscale-ministrul-finantelor-premierul-mia-spus-ca-ordonanta-intra-in-sedinta-avem-toate-avizele-230633.html<\/p>\n","protected":false},"excerpt":{"rendered":"<p>Mi\u015fa: Premierul mi-a spus c\u0103 ordonan\u0163a privind m\u0103surile fiscale intr\u0103 miercuri \u00een \u015fedin\u0163a de Guvern. Avem toate avizele Ministrul Finan\u0163elor, Ionu\u0163 Mi\u015fa, a declarat, luni, la Parlament, c\u0103 a avut o discu\u0163ie cu premierul Mihai Tudose \u015fi cu liderul PSD Liviu Dragnea, iar ordonan\u0163a de urgen\u0163\u0103 privind noile m\u0103suri fiscale va intra miercuri \u00een \u015fedin\u0163a [&hellip;]<\/p>\n","protected":false},"author":1,"featured_media":350698,"comment_status":"open","ping_status":"","sticky":false,"template":"","format":"standard","meta":{"footnotes":""},"categories":[2],"tags":[30],"class_list":["post-350697","post","type-post","status-publish","format-standard","has-post-thumbnail","hentry","category-politics","tag-observatornews-ro"],"_links":{"self":[{"href":"https:\/\/analyse.optim.biz\/index.php?rest_route=\/wp\/v2\/posts\/350697","targetHints":{"allow":["GET"]}}],"collection":[{"href":"https:\/\/analyse.optim.biz\/index.php?rest_route=\/wp\/v2\/posts"}],"about":[{"href":"https:\/\/analyse.optim.biz\/index.php?rest_route=\/wp\/v2\/types\/post"}],"author":[{"embeddable":true,"href":"https:\/\/analyse.optim.biz\/index.php?rest_route=\/wp\/v2\/users\/1"}],"replies":[{"embeddable":true,"href":"https:\/\/analyse.optim.biz\/index.php?rest_route=%2Fwp%2Fv2%2Fcomments&post=350697"}],"version-history":[{"count":0,"href":"https:\/\/analyse.optim.biz\/index.php?rest_route=\/wp\/v2\/posts\/350697\/revisions"}],"wp:featuredmedia":[{"embeddable":true,"href":"https:\/\/analyse.optim.biz\/index.php?rest_route=\/wp\/v2\/media\/350698"}],"wp:attachment":[{"href":"https:\/\/analyse.optim.biz\/index.php?rest_route=%2Fwp%2Fv2%2Fmedia&parent=350697"}],"wp:term":[{"taxonomy":"category","embeddable":true,"href":"https:\/\/analyse.optim.biz\/index.php?rest_route=%2Fwp%2Fv2%2Fcategories&post=350697"},{"taxonomy":"post_tag","embeddable":true,"href":"https:\/\/analyse.optim.biz\/index.php?rest_route=%2Fwp%2Fv2%2Ftags&post=350697"}],"curies":[{"name":"wp","href":"https:\/\/api.w.org\/{rel}","templated":true}]}}