{"id":348885,"date":"2017-12-07T19:16:00","date_gmt":"2017-12-07T16:16:00","guid":{"rendered":"https:\/\/analyse.optim.biz\/?p=348885"},"modified":"2017-12-07T19:16:00","modified_gmt":"2017-12-07T16:16:00","slug":"noi-proteste-anti-guvernamentale-in-bucuresti-la-parlament-si-in-tara-contra-modificarii-legilor-justitiei","status":"publish","type":"post","link":"https:\/\/analyse.optim.biz\/?p=348885","title":{"rendered":"Noi proteste anti-guvernamentale \u00een Bucure\u015fti, la Parlament, \u015fi \u00een \u0163ar\u0103, contra modific\u0103rii legilor justi\u0163iei"},"content":{"rendered":"<div class=\"description\" data-key=\"description\">Aproximativ 100 de oameni s-au adunat la un nou protest \u00een fa\u0163a Parlamentului, care continu\u0103 dezbaterile pe legile justi\u0163iei.<\/div>\n<div class=\"articleBody\" data-key=\"articleBody\">Aproximativ 100 de oameni s-au adunat la un nou protest \u00een fa\u0163a Parlamentului, care continu\u0103 dezbaterile pe legile justi\u0163iei. De asemenea, c\u00e2teva sute de persoane protesteaz\u0103 la Sibiu \u015fi la Timi\u015foara.<\/p>\n<p>Protestatarii antiguvernamentali aduna\u0163i \u00een fa\u0163a Parlamentului au venit cu vuvuzele \u015fi au fost auzi\u0163i scand\u00e2nd &#8220;Ho\u0163ii&#8221;. Un num\u0103r mai mic de jandarmi a fost mobilizat fa\u0163\u0103 de miercuri seara, c\u00e2nd s-au produs \u015fi incidente.<\/p>\n<p>Proteste au fost organizate \u015fi la Sibiu \u015fi Timi\u015foara.<\/p>\n<p>La Sibiu, peste dou\u0103 sute de persoane s-au str\u00e2ns \u00een apropierea zonei centrale, \u00een fa\u0163a Magazinului Dumbrava. Manifestan\u0163ii au pornit \u00een mar\u015f pe c\u00e2teva dintre arterele principale ale ora\u015fului, cer\u00e2nd retragerea pachetului legilor justi\u0163iei din Parlament \u015fi alegeri anticipate.<\/p>\n<p>La Timi\u015foara, aproximativ o sut\u0103 de oameni s-au adunat \u00een Pia\u0163a Libert\u0103\u0163ii, pentru a protesta fa\u0163\u0103 de modificarea legilor justi\u0163iei. Apelul a fost f\u0103cut pe Facebook, iar protestatarii poart\u0103 steaguri tricolore \u015fi c\u00e2teva pancarte cu mesaje precum &#8220;To\u0163i pentru Justi\u0163ie&#8221;.\u00a0<\/p>\n<p>Miercuri seara, aproximativ 400 de oameni au fost \u00een Bucure\u015fti, \u00een fa\u0163a Parlamentului, pentru a protesta fa\u0163\u0103 de modific\u0103rile aduse legilor justi\u0163iei.<\/p>\n<p>Sursa: News.ro\n<\/p><\/div>\n<p> Source URL: https:\/\/observatornews.ro\/politic\/protest-parlament-sibiu-timisoara-legile-justitiei-234276.html<\/p>\n","protected":false},"excerpt":{"rendered":"<p>Aproximativ 100 de oameni s-au adunat la un nou protest \u00een fa\u0163a Parlamentului, care continu\u0103 dezbaterile pe legile justi\u0163iei. Aproximativ 100 de oameni s-au adunat la un nou protest \u00een fa\u0163a Parlamentului, care continu\u0103 dezbaterile pe legile justi\u0163iei. De asemenea, c\u00e2teva sute de persoane protesteaz\u0103 la Sibiu \u015fi la Timi\u015foara. Protestatarii antiguvernamentali aduna\u0163i \u00een fa\u0163a [&hellip;]<\/p>\n","protected":false},"author":1,"featured_media":348886,"comment_status":"open","ping_status":"","sticky":false,"template":"","format":"standard","meta":{"footnotes":""},"categories":[2],"tags":[30],"class_list":["post-348885","post","type-post","status-publish","format-standard","has-post-thumbnail","hentry","category-politics","tag-observatornews-ro"],"_links":{"self":[{"href":"https:\/\/analyse.optim.biz\/index.php?rest_route=\/wp\/v2\/posts\/348885","targetHints":{"allow":["GET"]}}],"collection":[{"href":"https:\/\/analyse.optim.biz\/index.php?rest_route=\/wp\/v2\/posts"}],"about":[{"href":"https:\/\/analyse.optim.biz\/index.php?rest_route=\/wp\/v2\/types\/post"}],"author":[{"embeddable":true,"href":"https:\/\/analyse.optim.biz\/index.php?rest_route=\/wp\/v2\/users\/1"}],"replies":[{"embeddable":true,"href":"https:\/\/analyse.optim.biz\/index.php?rest_route=%2Fwp%2Fv2%2Fcomments&post=348885"}],"version-history":[{"count":0,"href":"https:\/\/analyse.optim.biz\/index.php?rest_route=\/wp\/v2\/posts\/348885\/revisions"}],"wp:featuredmedia":[{"embeddable":true,"href":"https:\/\/analyse.optim.biz\/index.php?rest_route=\/wp\/v2\/media\/348886"}],"wp:attachment":[{"href":"https:\/\/analyse.optim.biz\/index.php?rest_route=%2Fwp%2Fv2%2Fmedia&parent=348885"}],"wp:term":[{"taxonomy":"category","embeddable":true,"href":"https:\/\/analyse.optim.biz\/index.php?rest_route=%2Fwp%2Fv2%2Fcategories&post=348885"},{"taxonomy":"post_tag","embeddable":true,"href":"https:\/\/analyse.optim.biz\/index.php?rest_route=%2Fwp%2Fv2%2Ftags&post=348885"}],"curies":[{"name":"wp","href":"https:\/\/api.w.org\/{rel}","templated":true}]}}