{"id":348395,"date":"2017-12-19T13:50:00","date_gmt":"2017-12-19T10:50:00","guid":{"rendered":"https:\/\/analyse.optim.biz\/?p=348395"},"modified":"2017-12-19T13:50:00","modified_gmt":"2017-12-19T10:50:00","slug":"dan-barna-presedinte-usr-vom-contesta-la-ccr-legea-privind-statutul-magistratilor","status":"publish","type":"post","link":"https:\/\/analyse.optim.biz\/?p=348395","title":{"rendered":"Dan Barna, pre\u015fedinte USR: Vom contesta la CCR legea privind statutul magistra\u0163ilor"},"content":{"rendered":"<div class=\"description\" data-key=\"description\">Pre\u015fedintele USR, Dan Barna, a declarat\u00a0c\u0103 forma\u0163iunea sa va ataca la CCR adoptarea de c\u0103tre Senat a Legii 303\/2004 privind statutul magistra\u0163ilor.<\/div>\n<div class=\"articleBody\" data-key=\"articleBody\">Pre\u015fedintele USR, Dan Barna, a declarat\u00a0c\u0103 forma\u0163iunea sa va ataca la Curtea Constitu\u0163ional\u0103 adoptarea de c\u0103tre Senat a Legii 303\/2004 privind statutul magistra\u0163ilor, spun\u00e2nd c\u0103 trebuie utilizat orice instrument pentru a bloca intrarea \u00een vigoare a acestei legi.<\/p>\n<p>INFORMARESet\u0103rile tale privind cookie-urile nu permit afi\u0219area con\u021binutului din aceast\u0103 zon\u0103. E necesar s\u0103 accep\u021bi cookie-urile social media pentru afisarea acestui tip de con\u021binut. Modific\u0103 set\u0103rile<\/p>\n<p>Senatul a adoptat, mar\u0163i, \u00een calitate de for decizional, Legea privind statutul judec\u0103torilor \u015fi procurorilor, cu 80 de voturi \u201dpentru\u201d \u015fi niciun vot \u201d\u00eempotriv\u0103\u201d, \u00een condi\u0163iile \u00een care niciun partid din opozi\u0163ie nu a fost prezent \u00een sal\u0103.\u00a0<\/p>\n<p>Sursa: News.ro\n<\/p><\/div>\n<p> Source URL: https:\/\/observatornews.ro\/politic\/dan-barna-usr-vom-contesta-la-ccr-legea-magistratilor-235427.html<\/p>\n","protected":false},"excerpt":{"rendered":"<p>Pre\u015fedintele USR, Dan Barna, a declarat\u00a0c\u0103 forma\u0163iunea sa va ataca la CCR adoptarea de c\u0103tre Senat a Legii 303\/2004 privind statutul magistra\u0163ilor. Pre\u015fedintele USR, Dan Barna, a declarat\u00a0c\u0103 forma\u0163iunea sa va ataca la Curtea Constitu\u0163ional\u0103 adoptarea de c\u0103tre Senat a Legii 303\/2004 privind statutul magistra\u0163ilor, spun\u00e2nd c\u0103 trebuie utilizat orice instrument pentru a bloca intrarea [&hellip;]<\/p>\n","protected":false},"author":1,"featured_media":348396,"comment_status":"open","ping_status":"","sticky":false,"template":"","format":"standard","meta":{"footnotes":""},"categories":[2],"tags":[30],"class_list":["post-348395","post","type-post","status-publish","format-standard","has-post-thumbnail","hentry","category-politics","tag-observatornews-ro"],"_links":{"self":[{"href":"https:\/\/analyse.optim.biz\/index.php?rest_route=\/wp\/v2\/posts\/348395","targetHints":{"allow":["GET"]}}],"collection":[{"href":"https:\/\/analyse.optim.biz\/index.php?rest_route=\/wp\/v2\/posts"}],"about":[{"href":"https:\/\/analyse.optim.biz\/index.php?rest_route=\/wp\/v2\/types\/post"}],"author":[{"embeddable":true,"href":"https:\/\/analyse.optim.biz\/index.php?rest_route=\/wp\/v2\/users\/1"}],"replies":[{"embeddable":true,"href":"https:\/\/analyse.optim.biz\/index.php?rest_route=%2Fwp%2Fv2%2Fcomments&post=348395"}],"version-history":[{"count":0,"href":"https:\/\/analyse.optim.biz\/index.php?rest_route=\/wp\/v2\/posts\/348395\/revisions"}],"wp:featuredmedia":[{"embeddable":true,"href":"https:\/\/analyse.optim.biz\/index.php?rest_route=\/wp\/v2\/media\/348396"}],"wp:attachment":[{"href":"https:\/\/analyse.optim.biz\/index.php?rest_route=%2Fwp%2Fv2%2Fmedia&parent=348395"}],"wp:term":[{"taxonomy":"category","embeddable":true,"href":"https:\/\/analyse.optim.biz\/index.php?rest_route=%2Fwp%2Fv2%2Fcategories&post=348395"},{"taxonomy":"post_tag","embeddable":true,"href":"https:\/\/analyse.optim.biz\/index.php?rest_route=%2Fwp%2Fv2%2Ftags&post=348395"}],"curies":[{"name":"wp","href":"https:\/\/api.w.org\/{rel}","templated":true}]}}