{"id":348393,"date":"2017-12-19T17:03:52","date_gmt":"2017-12-19T14:03:52","guid":{"rendered":"https:\/\/analyse.optim.biz\/?p=348393"},"modified":"2017-12-19T17:03:52","modified_gmt":"2017-12-19T14:03:52","slug":"prima-lege-a-justitiei-a-fost-adoptata-cu-scandal-sedinta-din-plenul-senatului-a-fost-intrerupta-zeci-de-minute","status":"publish","type":"post","link":"https:\/\/analyse.optim.biz\/?p=348393","title":{"rendered":"Prima lege a Justi\u0163iei a fost adoptat\u0103 cu scandal. \u015eedin\u0163a din plenul Senatului a fost \u00eentrerupt\u0103 zeci de minute"},"content":{"rendered":"<div class=\"description\" data-key=\"description\">Scandal de propor\u0163ii \u00een plenul Senatului la votul pe legea privind statul magistra\u0163ilor. Cinci ore, Puterea \u015fi Opozi\u0163ia s-au certat.<\/div>\n<div class=\"articleBody\" data-key=\"articleBody\">Scandal de propor\u0163ii \u00een plenul Senatului la votul pe legea privind statul magistra\u0163ilor. Cinci ore, Puterea \u015fi Opozi\u0163ia s-au certat. Cu pancarte, portavoci \u015fi transmisiuni live pe re\u0163elele de socializare, parlamentarii USR au \u00eencercat s\u0103 boicoteze prima lege din Pachetul pentru Justi\u0163ie.<\/p>\n<p>Scandalul s-a aprins dup\u0103 ce senatorul USR, Mihai Go\u0163iu, a venit cu o peti\u0163ie \u00een care vorbe\u015fte despre partea din societate care cere respingerea Legilor Justi\u0163iei. A adus \u015fi o portavoce. \u00cen timp ce colegii lui au scos pancartele pe care st\u0103 scris mesajul \u201eTo\u0163i pentru justi\u0163ie!&#8221;.\u00a0<\/p>\n<p>C\u00e2nd a venit r\u00e2ndul lui C\u0103lin Popescu T\u0103riceanu s\u0103 ia cuv\u00e2ntul, senatorii USR au protestat din nou.\u00a0<\/p>\n<p>\u00cen balconul destinat presei, a izbucnit un alt conflict.\u00a0Deputata USR Cosette Chichir\u0103u a \u00eencercat din nou o transmisiune live pe Facebook.\u00a0O coleg\u0103 de partid i-a urmat exemplul.\u00a0<\/p>\n<p>Unii dintre parlamentarii au privit ca la spectacol. Nu au avut popcorn, ci dulciuri \u015fi sandvi\u015furi.<\/p>\n<p>Dup\u0103 cinci ore, legea privind statutul magistra\u0163ilor a fost adoptat\u0103 cu 80 voturi pentru.\u00a0<\/p>\n<p>DAN BARNA, pre\u015fedinte USR:<br \/>\nVom continua cu celalalte instrumente disponibile contestarea la CCR a acestor initiative, si legea magistratilor, si legea ANI, tot pachetul promis cadou de Craciun de domnul Dragnea baronilor sai.\u00a0<\/p>\n<p>Legea 303 este prima din pachetul privind reforma justi\u0163iei care va ajunge la pre\u015fedintele Klaus Iohannis pentru promulgare, dac\u0103 \u00een urm\u0103toarele cinci zile nu va fi atacat\u0103 la Curtea Constitu\u0163ional\u0103.\u00a0Textul prevede, printre altele, c\u0103 &#8220;eroarea judiciar\u0103 atrage r\u0103spunderea judec\u0103torilor \u015fi procurorilor care \u015fi-au exercitat func\u0163ia cu rea-credin\u0163\u0103 sau grav\u0103 neglijen\u0163\u0103.&#8221;<\/p>\n<p>Dup\u0103 ce prejudiciul a fost acoperit de stat, Ministerul Finan\u021belor Publice este obligat s\u0103 se \u00eendrepte \u00eempotriva magistratului care a gre\u015fit.\u00a0\n<\/p><\/div>\n<p> Source URL: https:\/\/observatornews.ro\/politic\/prima-lege-din-pachetul-pentru-reforma-justitiei-a-primit-votul-final-in-senat-235456.html<\/p>\n","protected":false},"excerpt":{"rendered":"<p>Scandal de propor\u0163ii \u00een plenul Senatului la votul pe legea privind statul magistra\u0163ilor. Cinci ore, Puterea \u015fi Opozi\u0163ia s-au certat. Scandal de propor\u0163ii \u00een plenul Senatului la votul pe legea privind statul magistra\u0163ilor. Cinci ore, Puterea \u015fi Opozi\u0163ia s-au certat. Cu pancarte, portavoci \u015fi transmisiuni live pe re\u0163elele de socializare, parlamentarii USR au \u00eencercat s\u0103 [&hellip;]<\/p>\n","protected":false},"author":1,"featured_media":348394,"comment_status":"open","ping_status":"","sticky":false,"template":"","format":"standard","meta":{"footnotes":""},"categories":[2],"tags":[30],"class_list":["post-348393","post","type-post","status-publish","format-standard","has-post-thumbnail","hentry","category-politics","tag-observatornews-ro"],"_links":{"self":[{"href":"https:\/\/analyse.optim.biz\/index.php?rest_route=\/wp\/v2\/posts\/348393","targetHints":{"allow":["GET"]}}],"collection":[{"href":"https:\/\/analyse.optim.biz\/index.php?rest_route=\/wp\/v2\/posts"}],"about":[{"href":"https:\/\/analyse.optim.biz\/index.php?rest_route=\/wp\/v2\/types\/post"}],"author":[{"embeddable":true,"href":"https:\/\/analyse.optim.biz\/index.php?rest_route=\/wp\/v2\/users\/1"}],"replies":[{"embeddable":true,"href":"https:\/\/analyse.optim.biz\/index.php?rest_route=%2Fwp%2Fv2%2Fcomments&post=348393"}],"version-history":[{"count":0,"href":"https:\/\/analyse.optim.biz\/index.php?rest_route=\/wp\/v2\/posts\/348393\/revisions"}],"wp:featuredmedia":[{"embeddable":true,"href":"https:\/\/analyse.optim.biz\/index.php?rest_route=\/wp\/v2\/media\/348394"}],"wp:attachment":[{"href":"https:\/\/analyse.optim.biz\/index.php?rest_route=%2Fwp%2Fv2%2Fmedia&parent=348393"}],"wp:term":[{"taxonomy":"category","embeddable":true,"href":"https:\/\/analyse.optim.biz\/index.php?rest_route=%2Fwp%2Fv2%2Fcategories&post=348393"},{"taxonomy":"post_tag","embeddable":true,"href":"https:\/\/analyse.optim.biz\/index.php?rest_route=%2Fwp%2Fv2%2Ftags&post=348393"}],"curies":[{"name":"wp","href":"https:\/\/api.w.org\/{rel}","templated":true}]}}