{"id":348391,"date":"2017-12-19T20:30:00","date_gmt":"2017-12-19T17:30:00","guid":{"rendered":"https:\/\/analyse.optim.biz\/?p=348391"},"modified":"2017-12-19T20:30:00","modified_gmt":"2017-12-19T17:30:00","slug":"corina-cretu-victima-unui-incident-in-aula-ase-comisarul-european-a-fost-jignita-de-un-spectator-in-timpul-unei-dezbateri-video","status":"publish","type":"post","link":"https:\/\/analyse.optim.biz\/?p=348391","title":{"rendered":"Corina Cre\u021bu, victima unui incident\u00a0\u00een aula ASE.\u00a0Comisarul european a fost jignit\u0103\u00a0de un spectator \u00een timpul unei dezbateri (Video)"},"content":{"rendered":"<div class=\"description\" data-key=\"description\">Comisarul european Corina Cre\u021bu\u00a0a fost victima unui incident petrecut, mar\u021bi, \u00een timpul unei dezbateri ce a avut loc la ASE.<\/div>\n<div class=\"articleBody\" data-key=\"articleBody\">Comisarul european Corina Cre\u021bu\u00a0a fost victima unui incident petrecut, mar\u021bi, \u00een timpul unei dezbateri ce a avut loc \u00een Aula Magna a Academiei de Studii Economice din Bucure\u0219ti.<\/p>\n<p>Corina Cre\u021bu participa \u00eempreun\u0103 cu Petre Daea, ministrul Agriculturii, \u0219i Marius Nica, ministrul delegat pentru Fonduri Europene, la un dialog cu studen\u021bii pe tema viitorului Europei. La un moment dat, un t\u00e2n\u0103r spectator s-a ridicat \u0219i a plecat din sal\u0103, nu \u00eenainte de a arunca vorbe grele.\u00a0<\/p>\n<p>\u201dAm fost foarte surprins\u0103 s\u0103 v\u0103d aceast\u0103 interven\u021bie din partea acestui domn recalcitrant, care ne repro\u0219a c\u0103 nu facem nimic pentru rom\u00e2nii din str\u0103in\u0103tate. \u00centreba de ce trebuie s\u0103 fim membri ai UE, de ce pentru c\u00e2teva milioane de euro primite, evident c\u0103 nu avea datele exacte. Nu mi s-a \u00eent\u00e2mplat nic\u0103ieri, am fost \u00een toate \u021b\u0103rile din Uniunea European\u0103, dar a\u0219a ceva nu mi s-a \u00eent\u00e2mplat. Pute\u021bi s\u0103 vede\u021bi, nu pot reproduce. Satisfac\u021bia mea este c\u0103 \u00een sal\u0103 au fost oameni civiliza\u021bi. Cred c\u0103 nivelul la care s-a ajuns este foarte grav pentru ceea ce ne-am propus s\u0103 facem. Nu e nici campanie electoral\u0103, era un dialog\u201d, a spus Corina Cre\u021bu la Sinteza Zilei.\n<\/p><\/div>\n<p> Source URL: https:\/\/observatornews.ro\/politic\/corina-cretu-victima-unui-incidentin-aula-asecomisarul-european-a-fost-jignitade-un-spectator-in-timpul-unei-dezbateri-video-235481.html<\/p>\n","protected":false},"excerpt":{"rendered":"<p>Comisarul european Corina Cre\u021bu\u00a0a fost victima unui incident petrecut, mar\u021bi, \u00een timpul unei dezbateri ce a avut loc la ASE. Comisarul european Corina Cre\u021bu\u00a0a fost victima unui incident petrecut, mar\u021bi, \u00een timpul unei dezbateri ce a avut loc \u00een Aula Magna a Academiei de Studii Economice din Bucure\u0219ti. Corina Cre\u021bu participa \u00eempreun\u0103 cu Petre Daea, [&hellip;]<\/p>\n","protected":false},"author":1,"featured_media":348392,"comment_status":"open","ping_status":"","sticky":false,"template":"","format":"standard","meta":{"footnotes":""},"categories":[2],"tags":[30],"class_list":["post-348391","post","type-post","status-publish","format-standard","has-post-thumbnail","hentry","category-politics","tag-observatornews-ro"],"_links":{"self":[{"href":"https:\/\/analyse.optim.biz\/index.php?rest_route=\/wp\/v2\/posts\/348391","targetHints":{"allow":["GET"]}}],"collection":[{"href":"https:\/\/analyse.optim.biz\/index.php?rest_route=\/wp\/v2\/posts"}],"about":[{"href":"https:\/\/analyse.optim.biz\/index.php?rest_route=\/wp\/v2\/types\/post"}],"author":[{"embeddable":true,"href":"https:\/\/analyse.optim.biz\/index.php?rest_route=\/wp\/v2\/users\/1"}],"replies":[{"embeddable":true,"href":"https:\/\/analyse.optim.biz\/index.php?rest_route=%2Fwp%2Fv2%2Fcomments&post=348391"}],"version-history":[{"count":0,"href":"https:\/\/analyse.optim.biz\/index.php?rest_route=\/wp\/v2\/posts\/348391\/revisions"}],"wp:featuredmedia":[{"embeddable":true,"href":"https:\/\/analyse.optim.biz\/index.php?rest_route=\/wp\/v2\/media\/348392"}],"wp:attachment":[{"href":"https:\/\/analyse.optim.biz\/index.php?rest_route=%2Fwp%2Fv2%2Fmedia&parent=348391"}],"wp:term":[{"taxonomy":"category","embeddable":true,"href":"https:\/\/analyse.optim.biz\/index.php?rest_route=%2Fwp%2Fv2%2Fcategories&post=348391"},{"taxonomy":"post_tag","embeddable":true,"href":"https:\/\/analyse.optim.biz\/index.php?rest_route=%2Fwp%2Fv2%2Ftags&post=348391"}],"curies":[{"name":"wp","href":"https:\/\/api.w.org\/{rel}","templated":true}]}}