{"id":347289,"date":"2018-01-12T14:27:13","date_gmt":"2018-01-12T11:27:13","guid":{"rendered":"https:\/\/analyse.optim.biz\/?p=347289"},"modified":"2018-01-12T14:27:13","modified_gmt":"2018-01-12T11:27:13","slug":"liviu-dragnea-da-un-mesaj-cu-subinteles-premierului-tudose","status":"publish","type":"post","link":"https:\/\/analyse.optim.biz\/?p=347289","title":{"rendered":"Liviu Dragnea d\u0103 un mesaj cu sub\u00een\u0163eles Premierului Tudose"},"content":{"rendered":"<div class=\"description\" data-key=\"description\">Liviu Dragnea i-a transmis un mesaj cu sub\u00een\u0163eles premierului. &#8220;Eu sper ca Tudose s\u0103 r\u0103m\u00e2n\u0103 premier&#8221; a spus \u015feful PSD.<\/div>\n<div class=\"articleBody\" data-key=\"articleBody\">Liviu Dragnea i-a transmis un mesaj cu sub\u00een\u0163eles premierului. &#8220;Eu sper ca Tudose s\u0103 r\u0103m\u00e2n\u0103 premier&#8221; a spus \u015feful PSD.<\/p>\n<p>Dragnea a f\u0103cut declara\u0163ia c\u00e2nd a fost \u00eentrebat de jurnali\u015fti despre criza uria\u015f\u0103 dintre Prim-ministru \u015fi Carmen Dan, Ministrul de Interne.\n<\/p><\/div>\n<p> Source URL: https:\/\/observatornews.ro\/politic\/liviu-dragnea-mesaj-tudose-237916.html<\/p>\n","protected":false},"excerpt":{"rendered":"<p>Liviu Dragnea i-a transmis un mesaj cu sub\u00een\u0163eles premierului. &#8220;Eu sper ca Tudose s\u0103 r\u0103m\u00e2n\u0103 premier&#8221; a spus \u015feful PSD. Liviu Dragnea i-a transmis un mesaj cu sub\u00een\u0163eles premierului. &#8220;Eu sper ca Tudose s\u0103 r\u0103m\u00e2n\u0103 premier&#8221; a spus \u015feful PSD. Dragnea a f\u0103cut declara\u0163ia c\u00e2nd a fost \u00eentrebat de jurnali\u015fti despre criza uria\u015f\u0103 dintre Prim-ministru [&hellip;]<\/p>\n","protected":false},"author":1,"featured_media":347290,"comment_status":"open","ping_status":"","sticky":false,"template":"","format":"standard","meta":{"footnotes":""},"categories":[2],"tags":[30],"class_list":["post-347289","post","type-post","status-publish","format-standard","has-post-thumbnail","hentry","category-politics","tag-observatornews-ro"],"_links":{"self":[{"href":"https:\/\/analyse.optim.biz\/index.php?rest_route=\/wp\/v2\/posts\/347289","targetHints":{"allow":["GET"]}}],"collection":[{"href":"https:\/\/analyse.optim.biz\/index.php?rest_route=\/wp\/v2\/posts"}],"about":[{"href":"https:\/\/analyse.optim.biz\/index.php?rest_route=\/wp\/v2\/types\/post"}],"author":[{"embeddable":true,"href":"https:\/\/analyse.optim.biz\/index.php?rest_route=\/wp\/v2\/users\/1"}],"replies":[{"embeddable":true,"href":"https:\/\/analyse.optim.biz\/index.php?rest_route=%2Fwp%2Fv2%2Fcomments&post=347289"}],"version-history":[{"count":0,"href":"https:\/\/analyse.optim.biz\/index.php?rest_route=\/wp\/v2\/posts\/347289\/revisions"}],"wp:featuredmedia":[{"embeddable":true,"href":"https:\/\/analyse.optim.biz\/index.php?rest_route=\/wp\/v2\/media\/347290"}],"wp:attachment":[{"href":"https:\/\/analyse.optim.biz\/index.php?rest_route=%2Fwp%2Fv2%2Fmedia&parent=347289"}],"wp:term":[{"taxonomy":"category","embeddable":true,"href":"https:\/\/analyse.optim.biz\/index.php?rest_route=%2Fwp%2Fv2%2Fcategories&post=347289"},{"taxonomy":"post_tag","embeddable":true,"href":"https:\/\/analyse.optim.biz\/index.php?rest_route=%2Fwp%2Fv2%2Ftags&post=347289"}],"curies":[{"name":"wp","href":"https:\/\/api.w.org\/{rel}","templated":true}]}}