{"id":347287,"date":"2018-01-13T06:49:51","date_gmt":"2018-01-13T03:49:51","guid":{"rendered":"https:\/\/analyse.optim.biz\/?p=347287"},"modified":"2018-01-13T06:49:51","modified_gmt":"2018-01-13T03:49:51","slug":"ministrii-muti-in-parlament-doi-dintre-membrii-executivului-au-deschis-gura-de-la-tribuna-parlamentului-doar-cat-sa-rosteasca-juramantul-de-credinta","status":"publish","type":"post","link":"https:\/\/analyse.optim.biz\/?p=347287","title":{"rendered":"Mini\u0219trii, mu\u021bi \u00een Parlament. Doi dintre membrii Executivului au deschis gura de la tribuna parlamentului doar c\u00e2t s\u0103 rosteasc\u0103 jur\u0103m\u00e2ntul de credin\u0163\u0103"},"content":{"rendered":"<div class=\"description\" data-key=\"description\">Mini\u0219trii, mu\u021bi \u00een Parlament. Doi dintre membrii Executivului au deschis gura de la tribuna parlamentului doar c\u00e2t s\u0103 rosteasc\u0103 jur\u0103m\u00e2ntul de credin\u0163\u0103.<\/div>\n<div class=\"articleBody\" data-key=\"articleBody\">Mini\u0219trii, mu\u021bi \u00een Parlament. Doi dintre membrii Executivului au deschis gura de la tribuna parlamentului doar c\u00e2t s\u0103 rosteasc\u0103 jur\u0103m\u00e2ntul de credin\u0163\u0103.<\/p>\n<p>Poate vorbesc mai mult la \u015fedin\u0163ele de guvern, pentru c\u0103 \u00een parlament abia au rostit c\u00e2teva cuvinte.\u00a0<\/p>\n<p>Dintre cei 28 de membrii ai Guverului, 18 sunt \u015fi parlamentari.<\/p>\n<p>\u0218eful guvernului, Mihai Tudose, s-a ridicat din fotoliu de deputat, pentru a lua cuv\u00e2ntul, doar de cinci ori.<\/p>\n<p>\u00cens\u0103, cei doi mini\u015ftri care \u00eentr-un an de parlament au rostit doar jur\u0103m\u00e2ntul de credin\u0163\u0103 sunt Gabriel Petrea, de\u0163in\u0103torul profoliului consult\u0103rii publice \u015fi Toma Petcu, de la energie. Cu doar dou\u0103 lu\u0103ri de cuv\u00e2nt de la tribun\u0103 sunt mini\u015ftrii Teodor Mele\u015fcanu, Gra\u0163iela Gavrilescu \u015fi Mircea Dobre. Nici \u015fefa poli\u0163i\u015ftilor, Carmen Dan, nu \u015fi-a impresionat colegii din Senat prin discursurile rostite \u00een plen. Doar de trei ori a mers la microfon, binen\u0163eles, odat\u0103 pentru jur\u0103m\u00e2nt. Tot de trei ori s-a ridicat \u00een picioare pentru a le vorbi colegilor \u015fi Paul S\u0103nescu, cel care i-a luat locul lui Sevil Shhaideh la ministerul dezvolt\u0103rii regionale. Ministrul muncii, Olgu\u0163aVasilescu este mai cunoscut\u0103 de la televizor dec\u00e2t din parlament, pentru c\u0103 de la microfonul Camerei Deputa\u0163ilor a luat cuv\u00e2ntul doar de \u015fapte ori a c\u00e2te trei minute. La fel se poate spune \u015fi despre de\u0163in\u0103torul portofoliului de la Educa\u0163ie, Liviu Pop , care mai mult s-a f\u0103cut remarcat prin gre\u015felile gramaticale dec\u00e2t pentru cele 10 lu\u0103ri de cuv\u00e2nt din plenul Senatului. De mai multe ori a vorbit ministrul S\u0103n\u0103t\u0103\u0163ii, Florian Bodog, de 18 ori, al Ap\u0103r\u0103rii, Mihai Fifor, de 20 de ori \u015fi de la Cultur\u0103, Lucian Roma\u015fcanu, de 24 de ori. \u00cens\u0103, chiar dac\u0103 este aproape necunoscut ca membru al cabinetului Tudose, Viorel Ilie, ministrul pentru rela\u0163ia cu parlamentul, a vorbit cel mai mult de la microfon, de 34 de ori.\n<\/p><\/div>\n<p> Source URL: https:\/\/observatornews.ro\/politic\/ministrii-muti-in-parlament-doi-dintre-membrii-executivului-au-deschis-gura-de-la-tribuna-parlamentului-doar-cat-sa-rosteasca-juramantul-de-credinta-237988.html<\/p>\n","protected":false},"excerpt":{"rendered":"<p>Mini\u0219trii, mu\u021bi \u00een Parlament. Doi dintre membrii Executivului au deschis gura de la tribuna parlamentului doar c\u00e2t s\u0103 rosteasc\u0103 jur\u0103m\u00e2ntul de credin\u0163\u0103. Mini\u0219trii, mu\u021bi \u00een Parlament. Doi dintre membrii Executivului au deschis gura de la tribuna parlamentului doar c\u00e2t s\u0103 rosteasc\u0103 jur\u0103m\u00e2ntul de credin\u0163\u0103. Poate vorbesc mai mult la \u015fedin\u0163ele de guvern, pentru c\u0103 \u00een [&hellip;]<\/p>\n","protected":false},"author":1,"featured_media":347288,"comment_status":"open","ping_status":"","sticky":false,"template":"","format":"standard","meta":{"footnotes":""},"categories":[2],"tags":[30],"class_list":["post-347287","post","type-post","status-publish","format-standard","has-post-thumbnail","hentry","category-politics","tag-observatornews-ro"],"_links":{"self":[{"href":"https:\/\/analyse.optim.biz\/index.php?rest_route=\/wp\/v2\/posts\/347287","targetHints":{"allow":["GET"]}}],"collection":[{"href":"https:\/\/analyse.optim.biz\/index.php?rest_route=\/wp\/v2\/posts"}],"about":[{"href":"https:\/\/analyse.optim.biz\/index.php?rest_route=\/wp\/v2\/types\/post"}],"author":[{"embeddable":true,"href":"https:\/\/analyse.optim.biz\/index.php?rest_route=\/wp\/v2\/users\/1"}],"replies":[{"embeddable":true,"href":"https:\/\/analyse.optim.biz\/index.php?rest_route=%2Fwp%2Fv2%2Fcomments&post=347287"}],"version-history":[{"count":0,"href":"https:\/\/analyse.optim.biz\/index.php?rest_route=\/wp\/v2\/posts\/347287\/revisions"}],"wp:featuredmedia":[{"embeddable":true,"href":"https:\/\/analyse.optim.biz\/index.php?rest_route=\/wp\/v2\/media\/347288"}],"wp:attachment":[{"href":"https:\/\/analyse.optim.biz\/index.php?rest_route=%2Fwp%2Fv2%2Fmedia&parent=347287"}],"wp:term":[{"taxonomy":"category","embeddable":true,"href":"https:\/\/analyse.optim.biz\/index.php?rest_route=%2Fwp%2Fv2%2Fcategories&post=347287"},{"taxonomy":"post_tag","embeddable":true,"href":"https:\/\/analyse.optim.biz\/index.php?rest_route=%2Fwp%2Fv2%2Ftags&post=347287"}],"curies":[{"name":"wp","href":"https:\/\/api.w.org\/{rel}","templated":true}]}}